{"id":52315,"date":"2023-09-05T01:34:36","date_gmt":"2023-09-05T01:34:36","guid":{"rendered":"https:\/\/blog.corretoraideal.com.br\/?p=52315"},"modified":"2023-09-05T01:34:36","modified_gmt":"2023-09-05T01:34:36","slug":"camara-aprova-urgencia-de-projeto-que-cria-teto-para-juros-rotativo-do-cartao-de-credito-politica-g1","status":"publish","type":"post","link":"https:\/\/blog.corretoraideal.com.br\/index.php\/2023\/09\/05\/camara-aprova-urgencia-de-projeto-que-cria-teto-para-juros-rotativo-do-cartao-de-credito-politica-g1\/","title":{"rendered":"C\u00e2mara aprova urg\u00eancia de projeto que cria teto para juros rotativo do cart\u00e3o de cr\u00e9dito | Pol\u00edtica | G1"},"content":{"rendered":"\n<ul>\n<li>\n<p> Por 360 votos a 18, deputados aprovaram nesta segunda-feira (4) a urg\u00eancia para vota\u00e7\u00e3o do projeto que estabelece um teto para os juros sobre o rotativo do cart\u00e3o de cr\u00e9dito. <\/p>\n<\/li>\n<li>\n<p> O texto limita a cobran\u00e7a dos juros a 100%. Atualmente, a taxa m\u00e9dia anual \u00e9 de 439,24%. <\/p>\n<\/li>\n<li>\n<p> A expectativa \u00e9 que a vota\u00e7\u00e3o ocorra ainda nesta semana. <\/p>\n<\/li>\n<li>\n<p> A urg\u00eancia permite que o texto pule etapas e v\u00e1 direto para vota\u00e7\u00e3o no plen\u00e1rio principal da C\u00e2mara. <\/p>\n<\/li>\n<li>\n<p> Al\u00e9m do teto de juros, a proposta tamb\u00e9m cria o &#x27;Desenrola&#x27;. <\/p>\n<\/li>\n<\/ul>\n<p> Por 360 votos a 18, deputados aprovaram nesta segunda-feira (4) a urg\u00eancia para vota\u00e7\u00e3o do projeto que estabelece um teto para os juros sobre o rotativo do cart\u00e3o de cr\u00e9dito. <\/p>\n<p> O texto limita a cobran\u00e7a dos juros a 100%. Atualmente, a taxa m\u00e9dia anual \u00e9 de 439,24%. <\/p>\n<p> A expectativa \u00e9 que a vota\u00e7\u00e3o ocorra ainda nesta semana. <\/p>\n<p> A urg\u00eancia permite que o texto pule etapas e v\u00e1 direto para vota\u00e7\u00e3o no plen\u00e1rio principal da C\u00e2mara. <\/p>\n<p> Al\u00e9m do teto de juros, a proposta tamb\u00e9m cria o &#x27;Desenrola&#x27;. <\/p>\n<p>         1 de 1&#013;Cart\u00e3o de cr\u00e9dito \u2014 Foto: Reuters    <\/p>\n<p> Cart\u00e3o de cr\u00e9dito \u2014 Foto: Reuters <\/p>\n<p> A <a class href=\"https:\/\/g1.globo.com\/tudo-sobre\/camara-dos-deputados\/\">C\u00e2mara dos Deputados<\/a> aprovou, por 360 votos a 18, nesta segunda-feira (4) a urg\u00eancia para vota\u00e7\u00e3o do <a class href=\"https:\/\/g1.globo.com\/politica\/noticia\/2023\/08\/24\/rotativo-do-cartao-deputado-propoe-limite-de-100percent-de-juros-caso-setor-nao-apresente-proposta.ghtml\">projeto que limita a 100% os juros sobre o rotativo do cart\u00e3o de cr\u00e9dito<\/a>. Atualmente, a taxa m\u00e9dia anual \u00e9 de 439,24%. <\/p>\n<p> Na pr\u00e1tica, isso permite que o texto seja votado diretamente no plen\u00e1rio, sem aval das comiss\u00f5es tem\u00e1ticas da Casa. O m\u00e9rito (an\u00e1lise definitiva) da proposta pode ser analisado at\u00e9 esta quarta (6). <\/p>\n<p> O cr\u00e9dito rotativo do cart\u00e3o de cr\u00e9dito \u00e9 acionado quando o cliente n\u00e3o paga integralmente a fatura do cart\u00e3o. A sobra entra, ent\u00e3o, na modalidade conhecida como rotativo. <\/p>\n<p> Segundo dados do Banco Central, a <a class href=\"https:\/\/g1.globo.com\/economia\/noticia\/2023\/08\/10\/presidente-do-bc-fala-em-acabar-com-o-rotativo-do-cartao-de-credito-e-instituir-tarifa-para-parcelamento-sem-juros-de-prazo-maior.ghtml\">inadimpl\u00eancia do cr\u00e9dito atinge cerca de 50% das opera\u00e7\u00f5es<\/a>. Os juros, com taxa m\u00e9dia anual acima dos 400%, s\u00e3o considerados abusivos por especialistas. <\/p>\n<p> A proposta em discuss\u00e3o na C\u00e2mara estabelece um teto para as cobran\u00e7as e um prazo de <strong>90 dias<\/strong>, a partir da publica\u00e7\u00e3o da lei, para que as emissoras de cart\u00e3o de cr\u00e9dito apresentem uma proposta de regulamenta\u00e7\u00e3o, a ser aprovada pelo <a class href=\"https:\/\/g1.globo.com\/tudo-sobre\/cmn\/\">Conselho Monet\u00e1rio Nacional<\/a> (CMN). <\/p>\n<p> Se isso n\u00e3o for feito, o total cobrado a t\u00edtulo de juros e encargos financeiros <strong>n\u00e3o poder\u00e1 exceder o valor original da d\u00edvida<\/strong>. <\/p>\n<p>                   <img loading=\"lazy\" decoding=\"async\" class=\"aligncenter size-full wp-image-52317\" src=\"https:\/\/blog.corretoraideal.com.br\/wp-content\/uploads\/2023\/09\/inadimplencia-do-parcelamento-do-cartao-de-credito-aumenta-juros-do-rotativo-passam-de-445-ao-ano.jpeg\" alt=\"Inadimpl\u00eancia do parcelamento do cart\u00e3o de cr\u00e9dito aumenta: juros do rotativo passam de 445% ao ano\" width=\"800\" height=\"400\" \/>      <\/p>\n<p> Inadimpl\u00eancia do parcelamento do cart\u00e3o de cr\u00e9dito aumenta: juros do rotativo passam de 445% ao ano <\/p>\n<p> O projeto prev\u00ea, ainda, a portabilidade do saldo devedor de cart\u00e3o de cr\u00e9dito e de opera\u00e7\u00f5es parceladas de saldo devedor. Segundo o relator, deputado Alencar Santana (PT-SP), o objetivo \u00e9 estimular a competi\u00e7\u00e3o e a redu\u00e7\u00e3o da taxa de juros. <\/p>\n<p> A regulamenta\u00e7\u00e3o ficar\u00e1 sob responsabilidade do CMN. <\/p>\n<p><h2>Desenrola<\/h2>\n<\/p>\n<p>                   <img loading=\"lazy\" decoding=\"async\" class=\"aligncenter size-full wp-image-52318\" src=\"https:\/\/blog.corretoraideal.com.br\/wp-content\/uploads\/2023\/09\/como-funciona-o.jpeg\" alt=\"Como funciona o \" width=\"800\" height=\"400\" \/>      <\/p>\n<p> Como funciona o &#8216;Desenrola Brasil&#8217;? <\/p>\n<p> A proposta tamb\u00e9m inclui o <a class href=\"https:\/\/g1.globo.com\/economia\/noticia\/2023\/07\/17\/desenrola-programa-de-renegociacao-de-dividas-comeca-nesta-segunda.ghtml\">&quot;Desenrola&quot;<\/a>, programa de renegocia\u00e7\u00e3o de d\u00edvidas do governo federal. A inciativa \u00e9 dividida em duas faixas: <\/p>\n<ul>\n<li><strong>Faixa I: <\/strong><\/li>\n<\/ul>\n<p> Para pessoas que recebem at\u00e9 dois sal\u00e1rios-m\u00ednimos ou que estejam inscritas no Cadastro \u00danico (Cad\u00danico). Neste caso, o governo vai oferecer uma garantia para a renegocia\u00e7\u00e3o de d\u00edvidas de at\u00e9 R$ 5 mil, cadastradas ainda em 2022. O financiamento poder\u00e1 ser feito em at\u00e9 60 parcelas. <\/p>\n<ul>\n<li><strong>Faixa II: <\/strong><\/li>\n<\/ul>\n<p> Para pessoas com d\u00edvidas no banco, que poder\u00e3o fazer a renegocia\u00e7\u00e3o diretamente com a institui\u00e7\u00e3o financeira. As opera\u00e7\u00f5es desse grupo n\u00e3o ter\u00e3o garantia da Uni\u00e3o, mas o governo vai oferecer aos bancos um incentivo regulat\u00f3rio como contrapartida ao desconto nas d\u00edvidas. <\/p>\n<ul>\n<li> <a href=\"https:\/\/g1.globo.com\/tudo-sobre\/cmn\/\" class=\"entities__list-itemLink\" data-track-click=\"CMN\"> CMN <\/a> <\/li>\n<li> <a href=\"https:\/\/g1.globo.com\/tudo-sobre\/camara-dos-deputados\/\" class=\"entities__list-itemLink\" data-track-click=\"C\u00e2mara dos Deputados\"> C\u00e2mara dos Deputados <\/a> <\/li>\n<\/ul>\n","protected":false},"excerpt":{"rendered":"<p>Por 360 votos a 18, deputados aprovaram nesta segunda-feira (4) a urg\u00eancia para vota\u00e7\u00e3o do projeto que estabelece um teto para os juros sobre o rotativo do cart\u00e3o de cr\u00e9dito. O texto limita a cobran\u00e7a dos juros a 100%. Atualmente, a taxa m\u00e9dia anual \u00e9 de 439,24%. A expectativa \u00e9 que a vota\u00e7\u00e3o ocorra ainda [&hellip;]<\/p>\n","protected":false},"author":1,"featured_media":0,"comment_status":"closed","ping_status":"closed","sticky":false,"template":"","format":"standard","meta":{"footnotes":""},"categories":[],"tags":[],"class_list":["post-52315","post","type-post","status-publish","format-standard","hentry"],"_links":{"self":[{"href":"https:\/\/blog.corretoraideal.com.br\/index.php\/wp-json\/wp\/v2\/posts\/52315","targetHints":{"allow":["GET"]}}],"collection":[{"href":"https:\/\/blog.corretoraideal.com.br\/index.php\/wp-json\/wp\/v2\/posts"}],"about":[{"href":"https:\/\/blog.corretoraideal.com.br\/index.php\/wp-json\/wp\/v2\/types\/post"}],"author":[{"embeddable":true,"href":"https:\/\/blog.corretoraideal.com.br\/index.php\/wp-json\/wp\/v2\/users\/1"}],"replies":[{"embeddable":true,"href":"https:\/\/blog.corretoraideal.com.br\/index.php\/wp-json\/wp\/v2\/comments?post=52315"}],"version-history":[{"count":1,"href":"https:\/\/blog.corretoraideal.com.br\/index.php\/wp-json\/wp\/v2\/posts\/52315\/revisions"}],"predecessor-version":[{"id":52319,"href":"https:\/\/blog.corretoraideal.com.br\/index.php\/wp-json\/wp\/v2\/posts\/52315\/revisions\/52319"}],"wp:attachment":[{"href":"https:\/\/blog.corretoraideal.com.br\/index.php\/wp-json\/wp\/v2\/media?parent=52315"}],"wp:term":[{"taxonomy":"category","embeddable":true,"href":"https:\/\/blog.corretoraideal.com.br\/index.php\/wp-json\/wp\/v2\/categories?post=52315"},{"taxonomy":"post_tag","embeddable":true,"href":"https:\/\/blog.corretoraideal.com.br\/index.php\/wp-json\/wp\/v2\/tags?post=52315"}],"curies":[{"name":"wp","href":"https:\/\/api.w.org\/{rel}","templated":true}]}}