{"id":52320,"date":"2023-09-05T04:29:35","date_gmt":"2023-09-05T04:29:35","guid":{"rendered":"https:\/\/blog.corretoraideal.com.br\/?p=52320"},"modified":"2023-09-05T04:29:35","modified_gmt":"2023-09-05T04:29:35","slug":"campos-divulga-cronograma-semanal-de-vacinacao-contra-a-covid-19-imunizacao-em-14-postos-norte-fluminense-g1","status":"publish","type":"post","link":"https:\/\/blog.corretoraideal.com.br\/index.php\/2023\/09\/05\/campos-divulga-cronograma-semanal-de-vacinacao-contra-a-covid-19-imunizacao-em-14-postos-norte-fluminense-g1\/","title":{"rendered":"Campos divulga cronograma semanal de vacina\u00e7\u00e3o contra a Covid-19; imuniza\u00e7\u00e3o em 14 postos | Norte Fluminense | G1"},"content":{"rendered":"<p>      1 de 1&#013;Campos imuniza popula\u00e7\u00e3o contra a Covid-19 em 14 postos nesta semana \u2014 Foto: C\u00e9sar Ferreira\/Prefeitura de Campos    <\/p>\n<p> Campos imuniza popula\u00e7\u00e3o contra a Covid-19 em 14 postos nesta semana \u2014 Foto: C\u00e9sar Ferreira\/Prefeitura de Campos <\/p>\n<p> A Prefeitura de <a class href=\"https:\/\/g1.globo.com\/rj\/norte-fluminense\/cidade\/campos-dos-goytacazes\/\">Campos dos Goytacazes<\/a>, no Norte Fluminense, divulgou o novo cronograma semanal da vacina\u00e7\u00e3o contra a Covid-19. Desta segunda-feira (4) at\u00e9 quarta-feira (6) ser\u00e3o aplicadas as vacinas Pfizer Baby e Pedi\u00e1trica em crian\u00e7as com at\u00e9 11 anos, al\u00e9m da vacina bivalente para maiores de 12 anos. <\/p>\n<p> A imuniza\u00e7\u00e3o ocorre 14 postos da cidade. Todas as crian\u00e7as devem estar acompanhadas de pais ou respons\u00e1veis legais. <\/p>\n<p> A Prefeitura esclarece que a aplica\u00e7\u00e3o da Pfizer adulto, Astrazeneca e Coronavac est\u00e1 suspensa at\u00e9 a chegada de novas doses ao munic\u00edpio. <\/p>\n<p><h2><strong>Orienta\u00e7\u00f5es de acordo com cada faixa et\u00e1ria:<\/strong><\/h2>\n<\/p>\n<p> Crian\u00e7as de 6 meses a 4 anos, 11 meses e 29 dias podem receber as tr\u00eas doses da Pfizer Baby. \u00c9 preciso respeitar o intervalo de quatro semanas entre a 1\u00aa e a 2\u00aa dose. J\u00e1 a 3\u00aa dose deve ser feita, no m\u00ednimo, oito semanas depois da 2\u00aa dose. <\/p>\n<p> Quem tem entre 5 e 11 anos podem se imunizar com Pfizer Pedi\u00e1trica. O intervalo \u00e9 de oito semanas entre a 1\u00aa e a 2\u00aa dose. A 3\u00aa dose, que \u00e9 o refor\u00e7o do imunizante, deve ser realizada quatro meses depois. <\/p>\n<p> Todas as pessoas acima de 12 anos devem receber a dose de refor\u00e7o com a vacina bivalente. Para receber o imunizante \u00e9 preciso ter tomado, no m\u00ednimo, as duas doses das vacinas monovalentes: Coronavac, Astrazeneca ou Pfizer h\u00e1 pelo menos quatro meses. <\/p>\n<p><h2>Documenta\u00e7\u00e3o para ser vacinado<\/h2>\n<\/p>\n<ul>\n<li>Documento com foto<\/li>\n<li>CPF<\/li>\n<li>Comprovante de resid\u00eancia.<\/li>\n<li>Caderneta de vacina\u00e7\u00e3o (obrigat\u00f3ria para crian\u00e7as e adolescentes)<\/li>\n<li>Cart\u00e3o de vacina contra a Covid-19, que cont\u00e9m as doses recebidas anteriormente (deve ser apresentado por pessoas que ir\u00e3o receber a 2\u00aa, 3\u00aa dose e o refor\u00e7o com a bivalente)<\/li>\n<\/ul>\n<p><h2>Postos de vacina\u00e7\u00e3o<\/h2>\n<\/p>\n<p> <strong>Crian\u00e7as de 6 meses a 4 anos, 11 meses e 29 dias &#8211; aplica\u00e7\u00e3o da 1\u00aa, 2\u00aa e 3\u00aa doses (Atendimento por livre demanda)<\/strong> <\/p>\n<ul>\n<li>Cidade da Crian\u00e7a \u2013 8h30 \u00e0s 13h<\/li>\n<li>Centro de Refer\u00eancia de Imunobiol\u00f3gicos Especiais (Crie) \u2014 8h30 \u00e0s 13h<\/li>\n<li>Funda\u00e7\u00e3o Municipal de Sa\u00fade (FMS) \u2014 9h \u00e0s 16h<\/li>\n<li>Cl\u00ednica da Crian\u00e7a \u2013 9h \u00e0s 18h (agendamento presencial)<\/li>\n<\/ul>\n<p> <strong>Crian\u00e7as de 5 a 11 anos, 11 meses e 29 dias \u2014 aplica\u00e7\u00e3o da 1\u00aa, 2\u00aa e 3\u00aa doses (Atendimento por livre demanda)<\/strong> <\/p>\n<ul>\n<li>Secretaria Municipal de Sa\u00fade \u2013 8h30 \u00e0s 20h<\/li>\n<li>Funda\u00e7\u00e3o Municipal de Esportes (antiga AABB) \u2013 9h \u00e0s 16h<\/li>\n<li>Cl\u00ednica da Crian\u00e7a \u2013 9h \u00e0s 18h (agendamento presencial)<\/li>\n<\/ul>\n<p> <strong>Pessoas acima de 12 anos \u2014 refor\u00e7o da bivalente (Atendimento por livre demanda)<\/strong> <\/p>\n<ul>\n<li>Clube da Terceira Idade \u2013 9h \u00e0s 16h<\/li>\n<li>Drive-thru Guarus Plaza Shopping \u2013 9h \u00e0s 16h<\/li>\n<li>Secretaria Municipal de Sa\u00fade \u2013 8h30 \u00e0s 20h<\/li>\n<li>Funda\u00e7\u00e3o Municipal de Esportes (antiga AABB) \u2013 9h \u00e0s 16h<\/li>\n<li>Quiosque Rodovi\u00e1ria Roberto Silveira \u2013 9h \u00e0s 16h<\/li>\n<\/ul>\n<p> <strong>Postos para aplica\u00e7\u00e3o do refor\u00e7o da bivalente (Atendimento por livre demanda)<\/strong> <\/p>\n<ul>\n<li>UBS Tocos \u2013 9h \u00e0s 15h<\/li>\n<li>UBSF Conselheiro Josino \u2013 9h \u00e0s 15h<\/li>\n<li>UBSF Lagamar\/Farol de S\u00e3o Tom\u00e9 \u2013 9h \u00e0s 15h<\/li>\n<li>UBSF Lagoa de Cima \u2013 9h \u00e0s 15h<\/li>\n<li>UBSF Parque Prazeres \u2013 9h \u00e0s 15h<\/li>\n<li>UPH Travess\u00e3o \u2013 9h \u00e0s 15h<\/li>\n<\/ul>\n<ul>\n<li> <a href=\"https:\/\/g1.globo.com\/rj\/norte-fluminense\/cidade\/campos-dos-goytacazes\/\" class=\"entities__list-itemLink\" data-track-click=\"Campos dos Goytacazes\"> Campos dos Goytacazes <\/a> <\/li>\n<\/ul>\n","protected":false},"excerpt":{"rendered":"<p>1 de 1&#013;Campos imuniza popula\u00e7\u00e3o contra a Covid-19 em 14 postos nesta semana \u2014 Foto: C\u00e9sar Ferreira\/Prefeitura de Campos Campos imuniza popula\u00e7\u00e3o contra a Covid-19 em 14 postos nesta semana \u2014 Foto: C\u00e9sar Ferreira\/Prefeitura de Campos A Prefeitura de Campos dos Goytacazes, no Norte Fluminense, divulgou o novo cronograma semanal da vacina\u00e7\u00e3o contra a Covid-19. [&hellip;]<\/p>\n","protected":false},"author":1,"featured_media":0,"comment_status":"closed","ping_status":"closed","sticky":false,"template":"","format":"standard","meta":{"footnotes":""},"categories":[],"tags":[],"class_list":["post-52320","post","type-post","status-publish","format-standard","hentry"],"_links":{"self":[{"href":"https:\/\/blog.corretoraideal.com.br\/index.php\/wp-json\/wp\/v2\/posts\/52320","targetHints":{"allow":["GET"]}}],"collection":[{"href":"https:\/\/blog.corretoraideal.com.br\/index.php\/wp-json\/wp\/v2\/posts"}],"about":[{"href":"https:\/\/blog.corretoraideal.com.br\/index.php\/wp-json\/wp\/v2\/types\/post"}],"author":[{"embeddable":true,"href":"https:\/\/blog.corretoraideal.com.br\/index.php\/wp-json\/wp\/v2\/users\/1"}],"replies":[{"embeddable":true,"href":"https:\/\/blog.corretoraideal.com.br\/index.php\/wp-json\/wp\/v2\/comments?post=52320"}],"version-history":[{"count":1,"href":"https:\/\/blog.corretoraideal.com.br\/index.php\/wp-json\/wp\/v2\/posts\/52320\/revisions"}],"predecessor-version":[{"id":52322,"href":"https:\/\/blog.corretoraideal.com.br\/index.php\/wp-json\/wp\/v2\/posts\/52320\/revisions\/52322"}],"wp:attachment":[{"href":"https:\/\/blog.corretoraideal.com.br\/index.php\/wp-json\/wp\/v2\/media?parent=52320"}],"wp:term":[{"taxonomy":"category","embeddable":true,"href":"https:\/\/blog.corretoraideal.com.br\/index.php\/wp-json\/wp\/v2\/categories?post=52320"},{"taxonomy":"post_tag","embeddable":true,"href":"https:\/\/blog.corretoraideal.com.br\/index.php\/wp-json\/wp\/v2\/tags?post=52320"}],"curies":[{"name":"wp","href":"https:\/\/api.w.org\/{rel}","templated":true}]}}