{"id":52347,"date":"2023-09-05T16:33:35","date_gmt":"2023-09-05T16:33:35","guid":{"rendered":"https:\/\/blog.corretoraideal.com.br\/?p=52347"},"modified":"2023-09-05T16:33:35","modified_gmt":"2023-09-05T16:33:35","slug":"ibovespa-opera-em-baixa-acompanhando-mau-humor-do-exterior-economia-g1","status":"publish","type":"post","link":"https:\/\/blog.corretoraideal.com.br\/index.php\/2023\/09\/05\/ibovespa-opera-em-baixa-acompanhando-mau-humor-do-exterior-economia-g1\/","title":{"rendered":"Ibovespa opera em baixa, acompanhando mau humor do exterior | Economia | G1"},"content":{"rendered":"<p>      1 de 1&#013;Ibovespa opera em baixa, puxado pelo exterior. \u2014 Foto: Freepik    <\/p>\n<p> Ibovespa opera em baixa, puxado pelo exterior. \u2014 Foto: Freepik <\/p>\n<p> O <a class href=\"https:\/\/g1.globo.com\/tudo-sobre\/ibovespa\/\">Ibovespa<\/a>, principal \u00edndice da bolsa de valores de S\u00e3o Paulo, a <a class href=\"https:\/\/g1.globo.com\/tudo-sobre\/bmf-bovespa\/\">B3<\/a>, abriu em baixa, acompanhando a avers\u00e3o ao risco que predomino nos mercados internacionais ap\u00f3s a divulga\u00e7\u00e3o de novos dados econ\u00f4micos da China que vieram com um resultado fraco, indicando desacelera\u00e7\u00e3o da atividade. <\/p>\n<p> \u00c0s 12h55, o \u00edndice ca\u00eda 0,11%, aos 117.764 pontos. <a class href=\"https:\/\/valor.globo.com\/wall-concurrence\/?next=https:\/\/valor.globo.com\/valor-data\/\">Veja mais cota\u00e7\u00f5es<\/a>. <\/p>\n<p> No dia anterior, o Ibovespa fechou em baixa de 0,10%, aos 117.777 pontos. Com o resultado, o \u00edndice passou a acumular <strong>altas de<\/strong>: <\/p>\n<ul>\n<li><strong>1,76% no m\u00eas;<\/strong><\/li>\n<li><strong>7,33% no ano.<\/strong><\/li>\n<\/ul>\n<p><h2><strong>O que est\u00e1 mexendo com os mercados?<\/strong><\/h2>\n<\/p>\n<p> Mais uma vez, a situa\u00e7\u00e3o da China preocupa o mercado. Hoje, os n\u00fameros do \u00cdndice Gerente de Compras (PMI, na sigla em ingl\u00eas) do setor de servi\u00e7os foram divulgados, mostrando uma queda de 54,1 pontos em julho para 51,8 em agosto. <\/p>\n<p> Esse indicador revela como anda a percep\u00e7\u00e3o do mercado sobre a economia e \u00e9 medido de 0 a 100 pontos. Valores maiores que 50 indicam uma expans\u00e3o, enquanto os menores indicam contra\u00e7\u00e3o. <\/p>\n<p> Dessa forma, a vis\u00e3o do mercado \u00e9 que a economia chinesa ainda est\u00e1 em fase de expans\u00e3o, mas enfrentando uma forte desacelera\u00e7\u00e3o, que se intensifica m\u00eas a m\u00eas em diversos setores. <\/p>\n<p> Tamb\u00e9m houve divulga\u00e7\u00e3o do PMI Composto na Europa, onde o resultado foi ainda pior: o indicador caiu de 48,6 em julho para 46,7 em agosto, mostrando uma acelera\u00e7\u00e3o na contra\u00e7\u00e3o da economia do Velho Continente. <\/p>\n<p> No Brasil, os mercados vivem mais um dia de volume de neg\u00f3cios reduzidos por conta do feriado do pr\u00f3ximo dia 7, quando a bolsa n\u00e3o vai funcionar. <\/p>\n<p> O destaque da agenda de hoje s\u00e3o os n\u00fameros da produ\u00e7\u00e3o industrial de julho. Segundo o Instituto Brasileiro de Geografia e Estat\u00edstica (<a class href=\"https:\/\/g1.globo.com\/tudo-sobre\/ibge\/\">IBGE<\/a>), a ind\u00fastria brasileira recuou 0,6% em julho, enquanto as proje\u00e7\u00f5es do mercado eram de leve alta. <\/p>\n<p> Em rela\u00e7\u00e3o ao mesmo m\u00eas do ano passado, a produ\u00e7\u00e3o industrial apresenta queda ainda mais acentuada, de 1,1%. No ano, at\u00e9 aqui, a baixa \u00e9 de 0,4%. <\/p>\n<ul>\n<li> <a href=\"https:\/\/g1.globo.com\/tudo-sobre\/bmf-bovespa\/\" class=\"entities__list-itemLink\" data-track-click=\"B3\"> B3 <\/a> <\/li>\n<li> <a href=\"https:\/\/g1.globo.com\/tudo-sobre\/banco-central-do-brasil\/\" class=\"entities__list-itemLink\" data-track-click=\"Banco Central do Brasil\"> Banco Central do Brasil <\/a> <\/li>\n<li> <a href=\"https:\/\/g1.globo.com\/tudo-sobre\/bradesco\/\" class=\"entities__list-itemLink\" data-track-click=\"Bradesco\"> Bradesco <\/a> <\/li>\n<li> <a href=\"https:\/\/g1.globo.com\/tudo-sobre\/brics\/\" class=\"entities__list-itemLink\" data-track-click=\"Brics\"> Brics <\/a> <\/li>\n<li> <a href=\"https:\/\/g1.globo.com\/tudo-sobre\/congresso-nacional\/\" class=\"entities__list-itemLink\" data-track-click=\"Congresso Nacional\"> Congresso Nacional <\/a> <\/li>\n<li> <a href=\"https:\/\/g1.globo.com\/tudo-sobre\/copom\/\" class=\"entities__list-itemLink\" data-track-click=\"Copom\"> Copom <\/a> <\/li>\n<li> <a href=\"https:\/\/g1.globo.com\/tudo-sobre\/camara-dos-deputados\/\" class=\"entities__list-itemLink\" data-track-click=\"C\u00e2mara dos Deputados\"> C\u00e2mara dos Deputados <\/a> <\/li>\n<li> <a href=\"https:\/\/g1.globo.com\/tudo-sobre\/estados-unidos\/\" class=\"entities__list-itemLink\" data-track-click=\"Estados Unidos\"> Estados Unidos <\/a> <\/li>\n<li> <a href=\"https:\/\/g1.globo.com\/tudo-sobre\/fed\/\" class=\"entities__list-itemLink\" data-track-click=\"FED\"> FED <\/a> <\/li>\n<li> <a href=\"https:\/\/g1.globo.com\/tudo-sobre\/ibge\/\" class=\"entities__list-itemLink\" data-track-click=\"IBGE\"> IBGE <\/a> <\/li>\n<li> <a href=\"https:\/\/g1.globo.com\/tudo-sobre\/ipca\/\" class=\"entities__list-itemLink\" data-track-click=\"IPCA\"> IPCA <\/a> <\/li>\n<li> <a href=\"https:\/\/g1.globo.com\/tudo-sobre\/ibovespa\/\" class=\"entities__list-itemLink\" data-track-click=\"Ibovespa\"> Ibovespa <\/a> <\/li>\n<li> <a href=\"https:\/\/g1.globo.com\/tudo-sobre\/itau-unibanco\/\" class=\"entities__list-itemLink\" data-track-click=\"Ita\u00fa\"> Ita\u00fa <\/a> <\/li>\n<li> <a href=\"https:\/\/g1.globo.com\/tudo-sobre\/luiz-inacio-lula-da-silva\/\" class=\"entities__list-itemLink\" data-track-click=\"Luiz In\u00e1cio Lula da Silva\"> Luiz In\u00e1cio Lula da Silva <\/a> <\/li>\n<li> <a href=\"https:\/\/g1.globo.com\/tudo-sobre\/ministerio-do-trabalho\/\" class=\"entities__list-itemLink\" data-track-click=\"Minist\u00e9rio do Trabalho\"> Minist\u00e9rio do Trabalho <\/a> <\/li>\n<li> <a href=\"https:\/\/g1.globo.com\/tudo-sobre\/petrobras\/\" class=\"entities__list-itemLink\" data-track-click=\"Petrobras\"> Petrobras <\/a> <\/li>\n<li> <a href=\"https:\/\/g1.globo.com\/tudo-sobre\/senado-federal\/\" class=\"entities__list-itemLink\" data-track-click=\"Senado\"> Senado <\/a> <\/li>\n<\/ul>\n","protected":false},"excerpt":{"rendered":"<p>1 de 1&#013;Ibovespa opera em baixa, puxado pelo exterior. \u2014 Foto: Freepik Ibovespa opera em baixa, puxado pelo exterior. \u2014 Foto: Freepik O Ibovespa, principal \u00edndice da bolsa de valores de S\u00e3o Paulo, a B3, abriu em baixa, acompanhando a avers\u00e3o ao risco que predomino nos mercados internacionais ap\u00f3s a divulga\u00e7\u00e3o de novos dados econ\u00f4micos [&hellip;]<\/p>\n","protected":false},"author":1,"featured_media":0,"comment_status":"closed","ping_status":"closed","sticky":false,"template":"","format":"standard","meta":{"footnotes":""},"categories":[],"tags":[],"class_list":["post-52347","post","type-post","status-publish","format-standard","hentry"],"_links":{"self":[{"href":"https:\/\/blog.corretoraideal.com.br\/index.php\/wp-json\/wp\/v2\/posts\/52347","targetHints":{"allow":["GET"]}}],"collection":[{"href":"https:\/\/blog.corretoraideal.com.br\/index.php\/wp-json\/wp\/v2\/posts"}],"about":[{"href":"https:\/\/blog.corretoraideal.com.br\/index.php\/wp-json\/wp\/v2\/types\/post"}],"author":[{"embeddable":true,"href":"https:\/\/blog.corretoraideal.com.br\/index.php\/wp-json\/wp\/v2\/users\/1"}],"replies":[{"embeddable":true,"href":"https:\/\/blog.corretoraideal.com.br\/index.php\/wp-json\/wp\/v2\/comments?post=52347"}],"version-history":[{"count":1,"href":"https:\/\/blog.corretoraideal.com.br\/index.php\/wp-json\/wp\/v2\/posts\/52347\/revisions"}],"predecessor-version":[{"id":52349,"href":"https:\/\/blog.corretoraideal.com.br\/index.php\/wp-json\/wp\/v2\/posts\/52347\/revisions\/52349"}],"wp:attachment":[{"href":"https:\/\/blog.corretoraideal.com.br\/index.php\/wp-json\/wp\/v2\/media?parent=52347"}],"wp:term":[{"taxonomy":"category","embeddable":true,"href":"https:\/\/blog.corretoraideal.com.br\/index.php\/wp-json\/wp\/v2\/categories?post=52347"},{"taxonomy":"post_tag","embeddable":true,"href":"https:\/\/blog.corretoraideal.com.br\/index.php\/wp-json\/wp\/v2\/tags?post=52347"}],"curies":[{"name":"wp","href":"https:\/\/api.w.org\/{rel}","templated":true}]}}