{"id":52350,"date":"2023-09-05T19:31:30","date_gmt":"2023-09-05T19:31:30","guid":{"rendered":"https:\/\/blog.corretoraideal.com.br\/?p=52350"},"modified":"2023-09-05T19:31:30","modified_gmt":"2023-09-05T19:31:30","slug":"uma-pessoa-morre-e-varias-ficam-feridas-em-acidentes-no-fim-de-semana-em-campos-norte-fluminense-g1","status":"publish","type":"post","link":"https:\/\/blog.corretoraideal.com.br\/index.php\/2023\/09\/05\/uma-pessoa-morre-e-varias-ficam-feridas-em-acidentes-no-fim-de-semana-em-campos-norte-fluminense-g1\/","title":{"rendered":"Uma pessoa morre e v\u00e1rias ficam feridas em acidentes no fim de semana em Campos | Norte Fluminense | G1"},"content":{"rendered":"<p>      1 de 1&#013;V\u00e1rios acidentes foram registrados no fim de semana em Campos deixando um morto e nove feridos \u2014 Foto: Reprodu\u00e7\u00e3o redes sociais    <\/p>\n<p> V\u00e1rios acidentes foram registrados no fim de semana em Campos deixando um morto e nove feridos \u2014 Foto: Reprodu\u00e7\u00e3o redes sociais <\/p>\n<p> O fim de semana foi violento no tr\u00e2nsito de <a class href=\"https:\/\/g1.globo.com\/rj\/norte-fluminense\/cidade\/campos-dos-goytacazes\/\">Campos Dos Goytacazes<\/a>, Norte Fluminense, e v\u00e1rios acidentes foram registrados na cidade. Uma pessoa morreu e nove pessoas ficaram feridas. <\/p>\n<p> De acordo com a concession\u00e1ria que administra a BR-101, um caminh\u00e3o que transportava pedras tombou e pegou fogo no km 23 na tarde deste domingo (3), uma pessoa ficou ferida sem gravidade. <\/p>\n<p> Ainda no domingo, no km 59 da rodovia federal, um carro bateu em uma motocicleta e duas v\u00edtimas ficaram feridas. J\u00e1 em outro trecho, no km 72, uma carreta bateu em um carro e uma v\u00edtima teve ferimentos leves. <\/p>\n<p> Ainda no domingo, na \u00e1rea central de Campos, duas motocicletas colidiram, um homem de 30 anos deu entrada no Hospital Ferreira Machado em estado grave e uma mulher sofreu ferimentos leves. <\/p>\n<p> No mesmo dia, no Parque Alphaville, duas pessoas tiveram ferimentos leves ap\u00f3s um carro capotar na Avenida 28 de mar\u00e7o, elas recusaram atendimento m\u00e9dico e foram liberadas. <\/p>\n<p> J\u00e1 na RJ-216, um carro bateu em um poste. Um homem teve ferimentos leves e foi levado para a emerg\u00eancia m\u00e9dica tamb\u00e9m nesse \u00faltimo domingo. <\/p>\n<p> E no s\u00e1bado (2), um homem de aproximadamente 22 anos morreu ap\u00f3s um acidente na Avenida 28 de Mar\u00e7o. O Corpo de Bombeiros atendeu a ocorr\u00eancia de queda de uma motocicleta na madrugada, mas a v\u00edtima morreu no Hospital Ferreira Machado. <\/p>\n<ul>\n<li> <a href=\"https:\/\/g1.globo.com\/rj\/norte-fluminense\/cidade\/campos-dos-goytacazes\/\" class=\"entities__list-itemLink\" data-track-click=\"Campos dos Goytacazes\"> Campos dos Goytacazes <\/a> <\/li>\n<\/ul>\n","protected":false},"excerpt":{"rendered":"<p>1 de 1&#013;V\u00e1rios acidentes foram registrados no fim de semana em Campos deixando um morto e nove feridos \u2014 Foto: Reprodu\u00e7\u00e3o redes sociais V\u00e1rios acidentes foram registrados no fim de semana em Campos deixando um morto e nove feridos \u2014 Foto: Reprodu\u00e7\u00e3o redes sociais O fim de semana foi violento no tr\u00e2nsito de Campos Dos [&hellip;]<\/p>\n","protected":false},"author":1,"featured_media":0,"comment_status":"closed","ping_status":"closed","sticky":false,"template":"","format":"standard","meta":{"footnotes":""},"categories":[],"tags":[],"class_list":["post-52350","post","type-post","status-publish","format-standard","hentry"],"_links":{"self":[{"href":"https:\/\/blog.corretoraideal.com.br\/index.php\/wp-json\/wp\/v2\/posts\/52350","targetHints":{"allow":["GET"]}}],"collection":[{"href":"https:\/\/blog.corretoraideal.com.br\/index.php\/wp-json\/wp\/v2\/posts"}],"about":[{"href":"https:\/\/blog.corretoraideal.com.br\/index.php\/wp-json\/wp\/v2\/types\/post"}],"author":[{"embeddable":true,"href":"https:\/\/blog.corretoraideal.com.br\/index.php\/wp-json\/wp\/v2\/users\/1"}],"replies":[{"embeddable":true,"href":"https:\/\/blog.corretoraideal.com.br\/index.php\/wp-json\/wp\/v2\/comments?post=52350"}],"version-history":[{"count":1,"href":"https:\/\/blog.corretoraideal.com.br\/index.php\/wp-json\/wp\/v2\/posts\/52350\/revisions"}],"predecessor-version":[{"id":52352,"href":"https:\/\/blog.corretoraideal.com.br\/index.php\/wp-json\/wp\/v2\/posts\/52350\/revisions\/52352"}],"wp:attachment":[{"href":"https:\/\/blog.corretoraideal.com.br\/index.php\/wp-json\/wp\/v2\/media?parent=52350"}],"wp:term":[{"taxonomy":"category","embeddable":true,"href":"https:\/\/blog.corretoraideal.com.br\/index.php\/wp-json\/wp\/v2\/categories?post=52350"},{"taxonomy":"post_tag","embeddable":true,"href":"https:\/\/blog.corretoraideal.com.br\/index.php\/wp-json\/wp\/v2\/tags?post=52350"}],"curies":[{"name":"wp","href":"https:\/\/api.w.org\/{rel}","templated":true}]}}