{"id":52356,"date":"2023-09-06T00:32:48","date_gmt":"2023-09-06T00:32:48","guid":{"rendered":"https:\/\/blog.corretoraideal.com.br\/?p=52356"},"modified":"2023-09-06T00:32:48","modified_gmt":"2023-09-06T00:32:48","slug":"curso-de-montagem-de-andaimes-esta-com-inscricoes-abertas-em-campos-norte-fluminense-g1","status":"publish","type":"post","link":"https:\/\/blog.corretoraideal.com.br\/index.php\/2023\/09\/06\/curso-de-montagem-de-andaimes-esta-com-inscricoes-abertas-em-campos-norte-fluminense-g1\/","title":{"rendered":"Curso de Montagem de Andaimes est\u00e1 com inscri\u00e7\u00f5es abertas em Campos | Norte Fluminense | G1"},"content":{"rendered":"\n<p> Foram abertas, em Campos, inscri\u00e7\u00f5es para jovens interessados nas t\u00e9cnicas de Montagem de Andaimes, profiss\u00e3o em expans\u00e3o em Campos, no Estaleiro e no Porto do A\u00e7u. O curso \u00e9 gratuito. <\/p>\n<p> O Curso de Montador de Andaimes \u00e9 resultado da parceria consolidada no dia 8 de agosto, em Campos, entre a Prefeitura e a Secretaria de Estado de Energia e Economia do Mar. <\/p>\n<p> Os interessados devem comparecer \u00e0 Secretaria, que funciona nos altos da Esta\u00e7\u00e3o Rodovi\u00e1ria Roberto Silveira, no Centro. <\/p>\n<p> \u00c9 necess\u00e1rio portar os documentos pessoais, ter idade m\u00ednima de 18 anos, apresentar o certificado de conclus\u00e3o do Ensino Fundamental II e estar com as obriga\u00e7\u00f5es civis em dia e estar cadastrado na Secretaria. <\/p>\n<p> Foi adotado um crit\u00e9rio de prioridade para o preenchimento das vagas, caso o n\u00famero de interessados seja maior do que o n\u00famero de vagas. <\/p>\n<p> Ser\u00e3o formadas duas turmas, com 30 alunos cada, neste primeiro curso. <\/p>\n<p> Caso mais de 60 pessoas estejam interessadas, ter\u00e3o prioridade os interessados que est\u00e3o h\u00e1 mais tempo cadastrado na Secretaria em busca de oportunidade. <\/p>\n<ul>\n<li> <a href=\"https:\/\/g1.globo.com\/rj\/norte-fluminense\/cidade\/campos-dos-goytacazes\/\" class=\"entities__list-itemLink\" data-track-click=\"Campos dos Goytacazes\"> Campos dos Goytacazes <\/a> <\/li>\n<\/ul>\n","protected":false},"excerpt":{"rendered":"<p>Foram abertas, em Campos, inscri\u00e7\u00f5es para jovens interessados nas t\u00e9cnicas de Montagem de Andaimes, profiss\u00e3o em expans\u00e3o em Campos, no Estaleiro e no Porto do A\u00e7u. O curso \u00e9 gratuito. O Curso de Montador de Andaimes \u00e9 resultado da parceria consolidada no dia 8 de agosto, em Campos, entre a Prefeitura e a Secretaria de [&hellip;]<\/p>\n","protected":false},"author":1,"featured_media":0,"comment_status":"closed","ping_status":"closed","sticky":false,"template":"","format":"standard","meta":{"footnotes":""},"categories":[],"tags":[],"class_list":["post-52356","post","type-post","status-publish","format-standard","hentry"],"_links":{"self":[{"href":"https:\/\/blog.corretoraideal.com.br\/index.php\/wp-json\/wp\/v2\/posts\/52356","targetHints":{"allow":["GET"]}}],"collection":[{"href":"https:\/\/blog.corretoraideal.com.br\/index.php\/wp-json\/wp\/v2\/posts"}],"about":[{"href":"https:\/\/blog.corretoraideal.com.br\/index.php\/wp-json\/wp\/v2\/types\/post"}],"author":[{"embeddable":true,"href":"https:\/\/blog.corretoraideal.com.br\/index.php\/wp-json\/wp\/v2\/users\/1"}],"replies":[{"embeddable":true,"href":"https:\/\/blog.corretoraideal.com.br\/index.php\/wp-json\/wp\/v2\/comments?post=52356"}],"version-history":[{"count":1,"href":"https:\/\/blog.corretoraideal.com.br\/index.php\/wp-json\/wp\/v2\/posts\/52356\/revisions"}],"predecessor-version":[{"id":52358,"href":"https:\/\/blog.corretoraideal.com.br\/index.php\/wp-json\/wp\/v2\/posts\/52356\/revisions\/52358"}],"wp:attachment":[{"href":"https:\/\/blog.corretoraideal.com.br\/index.php\/wp-json\/wp\/v2\/media?parent=52356"}],"wp:term":[{"taxonomy":"category","embeddable":true,"href":"https:\/\/blog.corretoraideal.com.br\/index.php\/wp-json\/wp\/v2\/categories?post=52356"},{"taxonomy":"post_tag","embeddable":true,"href":"https:\/\/blog.corretoraideal.com.br\/index.php\/wp-json\/wp\/v2\/tags?post=52356"}],"curies":[{"name":"wp","href":"https:\/\/api.w.org\/{rel}","templated":true}]}}