{"id":52359,"date":"2023-09-06T01:30:34","date_gmt":"2023-09-06T01:30:34","guid":{"rendered":"https:\/\/blog.corretoraideal.com.br\/?p=52359"},"modified":"2023-09-06T01:30:34","modified_gmt":"2023-09-06T01:30:34","slug":"turistas-sem-limites-relembre-casos-em-que-pontos-historicos-foram-desrespeitados-turismo-e-viagem-g1","status":"publish","type":"post","link":"https:\/\/blog.corretoraideal.com.br\/index.php\/2023\/09\/06\/turistas-sem-limites-relembre-casos-em-que-pontos-historicos-foram-desrespeitados-turismo-e-viagem-g1\/","title":{"rendered":"Turistas sem limites: relembre casos em que pontos hist\u00f3ricos foram desrespeitados | Turismo e Viagem | G1"},"content":{"rendered":"<p>                <img loading=\"lazy\" decoding=\"async\" class=\"aligncenter size-full wp-image-52361\" src=\"https:\/\/blog.corretoraideal.com.br\/wp-content\/uploads\/2023\/09\/turista-alemao-danifica-estatua-do-seculo-16-na-italia.jpeg\" alt=\"Turista alem\u00e3o danifica est\u00e1tua do s\u00e9culo 16 na It\u00e1lia\" width=\"800\" height=\"400\" \/>      <\/p>\n<p> Turista alem\u00e3o danifica est\u00e1tua do s\u00e9culo 16 na It\u00e1lia <\/p>\n<p> Casos em que turistas desrespeitam pontos hist\u00f3ricos do mundo inteiro est\u00e3o se tornando comuns. Um<a class href=\"https:\/\/g1.globo.com\/mundo\/noticia\/2023\/09\/05\/turista-da-alemanha-danifica-estatua-do-seculo-16-em-florenca-para-ser-fotografado-dentro-de-fonte.ghtml\"> turista da Alemanha danificou uma fonte constru\u00edda no s\u00e9culo 16 na cidade de Floren\u00e7a<\/a>, na It\u00e1lia, disseram autoridades do pa\u00eds. <\/p>\n<p> Os danos s\u00e3o de cerca de R$ 27 mil e o visitante ter\u00e1 que pagar uma multa. <\/p>\n<p> <strong>Veja a seguir outros casos.<\/strong> <\/p>\n<p><h2><strong>Gravura na parede do Coliseu<\/strong><\/h2>\n<\/p>\n<p>                   <img loading=\"lazy\" decoding=\"async\" class=\"aligncenter size-full wp-image-52362\" src=\"https:\/\/blog.corretoraideal.com.br\/wp-content\/uploads\/2023\/09\/turista-vandaliza-o-coliseu-em-roma.jpeg\" alt=\"Turista vandaliza o Coliseu, em Roma\" width=\"800\" height=\"400\" \/>      <\/p>\n<p> Turista vandaliza o Coliseu, em Roma <\/p>\n<p> Um turista brit\u00e2nico que visitou o Coliseu, em <a class href=\"http:\/\/g1.globo.com\/mundo\/italia\/cidade\/roma.html\">Roma<\/a>, em junho deste ano, <a class href=\"https:\/\/g1.globo.com\/mundo\/noticia\/2023\/06\/27\/turista-entalha-ivan-hayley-23623-em-parede-do-coliseu-em-roma.ghtml\">usou uma chave para gravar a frase &quot;Ivan + Hayley 23\/6\/23&quot;<\/a> em uma parede da constru\u00e7\u00e3o. <\/p>\n<p> O turista posteriormente desculpou-se pelo ato de vandalismo em uma carta, sob o argumento de que n\u00e3o estava ciente da idade do monumento. &quot;Admito com profund\u00edssimo embara\u00e7o que s\u00f3 em seguida ao lament\u00e1vel ocorrido fiquei sabendo da antiguidade do monumento.&quot; <\/p>\n<p> Depois deste caso, outros dois semelhantes aconteceram no Coliseu. Em 17 de julho, um estudante alem\u00e3o de 17 anos foi visto rabiscando a parede do local. Dias antes, 14 de julho, uma adolescente su\u00ed\u00e7a da mesma idade foi filmada gravando a sua inicial no monumento. <\/p>\n<p> O Coliseu \u00e9 uma edifica\u00e7\u00e3o constru\u00edda entre os anos 70 e 80 d.C., durante o Imp\u00e9rio Romano. \u00c9 considerado um dos maiores s\u00edmbolos da Roma Antiga e um dos monumentos mais famosos do mundo. <\/p>\n<p> O local sediava diversos eventos, mas os mais famosos eram as lutas de gladiadores (havia tamb\u00e9m simula\u00e7\u00e3o de batalhas famosas e ca\u00e7adas). O local abrigava mais de 50 mil pessoas. <\/p>\n<ul>\n<li><a class href=\"https:\/\/g1.globo.com\/turismo-e-viagem\/noticia\/2023\/09\/05\/passageiros-indisciplinados-podem-ficar-impedidos-de-voar-por-um-ano-segundo-proposta-da-anac.ghtml\">Passageiros indisciplinados podem ficar impedidos de voar por 1 ano, diz proposta da Anac<\/a><\/li>\n<li><a class href=\"https:\/\/g1.globo.com\/mundo\/noticia\/2023\/08\/26\/por-que-tantos-turistas-estao-fazendo-coisas-absurdas.ghtml\">Por que tantos turistas est\u00e3o fazendo coisas absurdas?<\/a><\/li>\n<\/ul>\n<p><h2>Pir\u00e2mide desrespeitada<\/h2>\n<\/p>\n<p>                   <img loading=\"lazy\" decoding=\"async\" class=\"aligncenter size-full wp-image-52363\" src=\"https:\/\/blog.corretoraideal.com.br\/wp-content\/uploads\/2023\/09\/turista-sobe-em-piramide-no-mexico-e-e-preso.jpeg\" alt=\"Turista sobe em pir\u00e2mide no M\u00e9xico e \u00e9 preso\" width=\"800\" height=\"400\" \/>      <\/p>\n<p> Turista sobe em pir\u00e2mide no M\u00e9xico e \u00e9 preso <\/p>\n<p> Um <a class href=\"https:\/\/g1.globo.com\/mundo\/noticia\/2023\/01\/30\/video-turista-sobe-em-piramide-no-mexico-e-e-preso.ghtml\">turista polon\u00eas foi preso depois de ignorar a proibi\u00e7\u00e3o e subir em uma pir\u00e2mide na zona arqueol\u00f3gica de Chichen Itz\u00e1<\/a>, no sul do M\u00e9xico, em janeiro deste ano. <\/p>\n<p> Nas imagens, \u00e9 poss\u00edvel ver o turista sendo amea\u00e7ado e apanhando de outros visitantes. Ap\u00f3s passar 12 horas detido, o turista foi liberado e teve que pagar uma multa de 5.000 pesos mexicanos (cerca de R$ 1.360). <\/p>\n<p> A pir\u00e2mide \u00e9 o templo de Kukulc\u00e1n, principal atra\u00e7\u00e3o de Chich\u00e9n Itz\u00e1, que foi uma cidade pr\u00e9-colombiana constru\u00edda pela civiliza\u00e7\u00e3o maia. O monumento, um dos pontos tur\u00edsticos mais famosos do M\u00e9xico, come\u00e7ou a ser constru\u00eddo no s\u00e9culo 6 d.C. e ficou pronto no s\u00e9culo 9 d.C. <\/p>\n<p><h2>Foto das n\u00e1degas no Egito<\/h2>\n<\/p>\n<p>         1 de 2&#013;A Grande Pir\u00e2mide de Giz\u00e9, tamb\u00e9m conhecida como Pir\u00e2mide de Qu\u00e9ops ou Khufu \u2014 Foto: Nina Aldin Thune\/CC0 Creative Commons    <\/p>\n<p> A Grande Pir\u00e2mide de Giz\u00e9, tamb\u00e9m conhecida como Pir\u00e2mide de Qu\u00e9ops ou Khufu \u2014 Foto: Nina Aldin Thune\/CC0 Creative Commons <\/p>\n<p> Um <a class href=\"https:\/\/g1.globo.com\/turismo-e-viagem\/noticia\/2019\/07\/14\/americano-e-detido-por-tirar-foto-com-nadegas-de-fora-nas-piramides-do-egito.ghtml\">turista americano foi detido ap\u00f3s ter tirado uma fotografia com as n\u00e1degas de fora diante das pir\u00e2mides de Giz\u00e9<\/a>, no Egito, em julho de 2014. <\/p>\n<p> O homem n\u00e3o portava passaporte quando foi descoberto por funcion\u00e1rios da zona arqueol\u00f3gica e estava, aparentemente, sob os efeitos de alguma subst\u00e2ncia que afetava seu comportamento. <\/p>\n<p> O turista, de nacionalidade americana, foi investigado por &quot;atentar contra a moral p\u00fablica&quot;, afirmou a fonte, mas ficou em liberdade menos de 24 horas depois. <\/p>\n<p> A Promotoria decidiu libertar o turista e uma acompanhante que viajava com ele depois do pagamento de 5 mil libras eg\u00edpcias (cerca de US$ 300) cada um, como anunciou em comunicado. <\/p>\n<p><h2>Uma noite na Torre Eiffel<\/h2>\n<\/p>\n<p>         2 de 2&#013;A partir de 2021, alguns pa\u00edses da Europa passar\u00e3o a exigir permiss\u00e3o de viagem para brasileiros \u2014 Foto: Getty Images    <\/p>\n<p> A partir de 2021, alguns pa\u00edses da Europa passar\u00e3o a exigir permiss\u00e3o de viagem para brasileiros \u2014 Foto: Getty Images <\/p>\n<p> Em agosto, duas pessoas passaram uma noite inteira em uma \u00e1rea restrita ao p\u00fablico na Torre Eiffel, na Fran\u00e7a. Eles estavam dormindo, quando foram descobertos por um seguran\u00e7a, logo no in\u00edcio da manh\u00e3, aponta a ag\u00eancia de not\u00edcias Radio France Internationale (RFI). <\/p>\n<p> Segundo a promotoria de <a class href=\"http:\/\/g1.globo.com\/mundo\/franca\/cidade\/paris.html\">Paris<\/a>, os turistas americanos &quot;teriam permanecido presos no local porque estavam alcoolizados&quot;. A promotoria espec\u00edfica que nenhum dano foi observado no local e que uma multa por invas\u00e3o de um local hist\u00f3rico ou cultural foi descartada. O Comando da Pol\u00edcia n\u00e3o quis comentar o caso. <\/p>\n<ul>\n<li> <a href=\"https:\/\/g1.globo.com\/mundo\/franca\/cidade\/paris.html\" class=\"entities__list-itemLink\" data-track-click=\"Paris\"> Paris <\/a> <\/li>\n<li> <a href=\"https:\/\/g1.globo.com\/mundo\/italia\/cidade\/roma.html\" class=\"entities__list-itemLink\" data-track-click=\"Roma\"> Roma <\/a> <\/li>\n<\/ul>\n","protected":false},"excerpt":{"rendered":"<p>Turista alem\u00e3o danifica est\u00e1tua do s\u00e9culo 16 na It\u00e1lia Casos em que turistas desrespeitam pontos hist\u00f3ricos do mundo inteiro est\u00e3o se tornando comuns. Um turista da Alemanha danificou uma fonte constru\u00edda no s\u00e9culo 16 na cidade de Floren\u00e7a, na It\u00e1lia, disseram autoridades do pa\u00eds. Os danos s\u00e3o de cerca de R$ 27 mil e o [&hellip;]<\/p>\n","protected":false},"author":1,"featured_media":0,"comment_status":"closed","ping_status":"closed","sticky":false,"template":"","format":"standard","meta":{"footnotes":""},"categories":[],"tags":[],"class_list":["post-52359","post","type-post","status-publish","format-standard","hentry"],"_links":{"self":[{"href":"https:\/\/blog.corretoraideal.com.br\/index.php\/wp-json\/wp\/v2\/posts\/52359","targetHints":{"allow":["GET"]}}],"collection":[{"href":"https:\/\/blog.corretoraideal.com.br\/index.php\/wp-json\/wp\/v2\/posts"}],"about":[{"href":"https:\/\/blog.corretoraideal.com.br\/index.php\/wp-json\/wp\/v2\/types\/post"}],"author":[{"embeddable":true,"href":"https:\/\/blog.corretoraideal.com.br\/index.php\/wp-json\/wp\/v2\/users\/1"}],"replies":[{"embeddable":true,"href":"https:\/\/blog.corretoraideal.com.br\/index.php\/wp-json\/wp\/v2\/comments?post=52359"}],"version-history":[{"count":1,"href":"https:\/\/blog.corretoraideal.com.br\/index.php\/wp-json\/wp\/v2\/posts\/52359\/revisions"}],"predecessor-version":[{"id":52364,"href":"https:\/\/blog.corretoraideal.com.br\/index.php\/wp-json\/wp\/v2\/posts\/52359\/revisions\/52364"}],"wp:attachment":[{"href":"https:\/\/blog.corretoraideal.com.br\/index.php\/wp-json\/wp\/v2\/media?parent=52359"}],"wp:term":[{"taxonomy":"category","embeddable":true,"href":"https:\/\/blog.corretoraideal.com.br\/index.php\/wp-json\/wp\/v2\/categories?post=52359"},{"taxonomy":"post_tag","embeddable":true,"href":"https:\/\/blog.corretoraideal.com.br\/index.php\/wp-json\/wp\/v2\/tags?post=52359"}],"curies":[{"name":"wp","href":"https:\/\/api.w.org\/{rel}","templated":true}]}}