{"id":52368,"date":"2023-09-06T05:30:37","date_gmt":"2023-09-06T05:30:37","guid":{"rendered":"https:\/\/blog.corretoraideal.com.br\/?p=52368"},"modified":"2023-09-06T05:30:37","modified_gmt":"2023-09-06T05:30:37","slug":"campos-decreta-ponto-facultativo-na-sexta-por-conta-do-feriado-da-independencia-norte-fluminense-g1","status":"publish","type":"post","link":"https:\/\/blog.corretoraideal.com.br\/index.php\/2023\/09\/06\/campos-decreta-ponto-facultativo-na-sexta-por-conta-do-feriado-da-independencia-norte-fluminense-g1\/","title":{"rendered":"Campos decreta ponto facultativo na sexta por conta do feriado da Independ\u00eancia | Norte Fluminense | G1"},"content":{"rendered":"<p>      1 de 1&#013;Prefeitura de Campos \u2014 Foto: C\u00e9sar Ferreira    <\/p>\n<p> Prefeitura de Campos \u2014 Foto: C\u00e9sar Ferreira <\/p>\n<p> A Prefeitura de <a class href=\"https:\/\/g1.globo.com\/rj\/norte-fluminense\/cidade\/campos-dos-goytacazes\/\">Campos dos Goytacazes<\/a>, no Norte Fluminense, decretou ponto facultativo para a pr\u00f3xima sexta-feira (8), um dia ap\u00f3s o feriado da Independ\u00eancia, comemorado na quinta (7), nas reparti\u00e7\u00f5es p\u00fablicas dos \u00f3rg\u00e3os e entidades integrantes da administra\u00e7\u00e3o p\u00fablica municipal direta, aut\u00e1rquica e fundacional. <\/p>\n<p> A medida foi publicada no Di\u00e1rio Oficial desta ter\u00e7a-feira (5). <\/p>\n<p> Mas os servi\u00e7os essenciais de sa\u00fade v\u00e3o funcionar normalmente durante o feriado nacional do Dia da Proclama\u00e7\u00e3o da Independ\u00eancia do Brasil. Estar\u00e3o abertos o Hospital Ferreira Machado (HFM), Hospital Geral de Guarus (HGG), Hospital S\u00e3o Jos\u00e9, em Goitacazes, Cl\u00ednica da Crian\u00e7a, em Guarus, Pronto-Socorro Pedi\u00e1trico do Hospital Plantadores de Cana (HPC) e as Unidades Pr\u00e9-Hospitalares (UPH) 24h. <\/p>\n<p> O Hemocentro Regional de Campos tamb\u00e9m funcionar\u00e1 em seu hor\u00e1rio normal, das 7h \u00e0s 18h, a exemplo do que j\u00e1 ocorre diariamente, inclusive, nos finais de semana e feriados. <\/p>\n<p> Os demais servi\u00e7os da Secretaria Municipal da Sa\u00fade, incluindo as Unidades B\u00e1sicas de Sa\u00fade (UBS) e Unidades B\u00e1sicas de Sa\u00fade da Fam\u00edlia (UBSF), s\u00f3 retornar\u00e3o com o atendimento normal na pr\u00f3xima segunda-feira (11). <\/p>\n<p> Entre quinta-feira (7) e domingo (10), a secretaria de Sa\u00fade manter\u00e1 a vacina\u00e7\u00e3o contra a Covid-19 e de rotina na Secretaria Municipal de Sa\u00fade e na Cl\u00ednica da Crian\u00e7a, das 8h \u00e0s 17h. <\/p>\n<p> As reparti\u00e7\u00f5es cujas atividades n\u00e3o possam ser suspensas, em virtude de exig\u00eancias t\u00e9cnicas ou por motivo de interesse p\u00fablico, o expediente ser\u00e1 normal, entretanto, sob a responsabilidade dos respectivos chefes. <\/p>\n<ul>\n<li> <a href=\"https:\/\/g1.globo.com\/rj\/norte-fluminense\/cidade\/campos-dos-goytacazes\/\" class=\"entities__list-itemLink\" data-track-click=\"Campos dos Goytacazes\"> Campos dos Goytacazes <\/a> <\/li>\n<\/ul>\n","protected":false},"excerpt":{"rendered":"<p>1 de 1&#013;Prefeitura de Campos \u2014 Foto: C\u00e9sar Ferreira Prefeitura de Campos \u2014 Foto: C\u00e9sar Ferreira A Prefeitura de Campos dos Goytacazes, no Norte Fluminense, decretou ponto facultativo para a pr\u00f3xima sexta-feira (8), um dia ap\u00f3s o feriado da Independ\u00eancia, comemorado na quinta (7), nas reparti\u00e7\u00f5es p\u00fablicas dos \u00f3rg\u00e3os e entidades integrantes da administra\u00e7\u00e3o p\u00fablica [&hellip;]<\/p>\n","protected":false},"author":1,"featured_media":0,"comment_status":"closed","ping_status":"closed","sticky":false,"template":"","format":"standard","meta":{"footnotes":""},"categories":[],"tags":[],"class_list":["post-52368","post","type-post","status-publish","format-standard","hentry"],"_links":{"self":[{"href":"https:\/\/blog.corretoraideal.com.br\/index.php\/wp-json\/wp\/v2\/posts\/52368","targetHints":{"allow":["GET"]}}],"collection":[{"href":"https:\/\/blog.corretoraideal.com.br\/index.php\/wp-json\/wp\/v2\/posts"}],"about":[{"href":"https:\/\/blog.corretoraideal.com.br\/index.php\/wp-json\/wp\/v2\/types\/post"}],"author":[{"embeddable":true,"href":"https:\/\/blog.corretoraideal.com.br\/index.php\/wp-json\/wp\/v2\/users\/1"}],"replies":[{"embeddable":true,"href":"https:\/\/blog.corretoraideal.com.br\/index.php\/wp-json\/wp\/v2\/comments?post=52368"}],"version-history":[{"count":1,"href":"https:\/\/blog.corretoraideal.com.br\/index.php\/wp-json\/wp\/v2\/posts\/52368\/revisions"}],"predecessor-version":[{"id":52370,"href":"https:\/\/blog.corretoraideal.com.br\/index.php\/wp-json\/wp\/v2\/posts\/52368\/revisions\/52370"}],"wp:attachment":[{"href":"https:\/\/blog.corretoraideal.com.br\/index.php\/wp-json\/wp\/v2\/media?parent=52368"}],"wp:term":[{"taxonomy":"category","embeddable":true,"href":"https:\/\/blog.corretoraideal.com.br\/index.php\/wp-json\/wp\/v2\/categories?post=52368"},{"taxonomy":"post_tag","embeddable":true,"href":"https:\/\/blog.corretoraideal.com.br\/index.php\/wp-json\/wp\/v2\/tags?post=52368"}],"curies":[{"name":"wp","href":"https:\/\/api.w.org\/{rel}","templated":true}]}}