{"id":52378,"date":"2023-09-06T10:30:49","date_gmt":"2023-09-06T10:30:49","guid":{"rendered":"https:\/\/blog.corretoraideal.com.br\/?p=52378"},"modified":"2023-09-06T10:30:49","modified_gmt":"2023-09-06T10:30:49","slug":"postos-de-vistoria-do-detran-estao-fechados-para-reforma-em-petropolis-e-macae-regiao-serrana-g1","status":"publish","type":"post","link":"https:\/\/blog.corretoraideal.com.br\/index.php\/2023\/09\/06\/postos-de-vistoria-do-detran-estao-fechados-para-reforma-em-petropolis-e-macae-regiao-serrana-g1\/","title":{"rendered":"Postos de vistoria do Detran est\u00e3o fechados para reforma em Petr\u00f3polis e Maca\u00e9 | Regi\u00e3o Serrana | G1"},"content":{"rendered":"\n<p> Os postos de vistoria do Detran em <a class href=\"https:\/\/g1.globo.com\/rj\/regiao-serrana\/cidade\/petropolis\/\">Petr\u00f3polis<\/a>, na Regi\u00e3o Serrana do Rio, e <a class href=\"https:\/\/g1.globo.com\/rj\/regiao-dos-lagos\/cidade\/macae\/\">Maca\u00e9<\/a>, no Norte Fluminense, est\u00e3o fechados desde segunda-feira (4) para que as unidades passem por reforma. O atendimento s\u00f3 deve retornar no dia 29 de setembro. <\/p>\n<p> Em Petr\u00f3polis, neste per\u00edodo, os usu\u00e1rios com processos pendentes no setor de ve\u00edculos dever\u00e3o procurar o posto Reduc, em Duque de Caxias (Rodovia Washington Luiz, Km 10,5, sa\u00edda 114), sem necessidade de agendamento, para dar continuidade nos atendimentos. <\/p>\n<p> Os demais donos de ve\u00edculos podem agendar servi\u00e7os nos outros postos de vistoria do Detran. <\/p>\n<p> Petr\u00f3polis ainda tem uma Unidade de Servi\u00e7os Veiculares (USV) em Itaipava, onde podem ser feitos servi\u00e7os que n\u00e3o dependem de vistoria. Como os postos de habilita\u00e7\u00e3o e identifica\u00e7\u00e3o civil funcionam em outros endere\u00e7os, os atendimentos continuam sendo feitos normalmente na cidade serrana. <\/p>\n<p> Em Maca\u00e9, a reabertura tamb\u00e9m est\u00e1 programada, inicialmente, para 29 de setembro. At\u00e9 l\u00e1, os donos de ve\u00edculos com processos pendentes devem se dirigir ao posto de vistoria de <a class href=\"https:\/\/g1.globo.com\/rj\/regiao-dos-lagos\/cidade\/casimiro-de-abreu\/\">Casimiro de Abreu<\/a>, sem agendamento. <\/p>\n<p> Os demais precisam agendar os servi\u00e7os, n\u00e3o s\u00f3 para Casimiro de Abreu como para outros postos de vistoria de cidades como Cabo Frio, S\u00e3o Pedro da Aldeia e Campos dos Goytacazes. Os servi\u00e7os de habilita\u00e7\u00e3o e identifica\u00e7\u00e3o civil, que s\u00e3o oferecidos em outra unidade, n\u00e3o ser\u00e3o afetados. <\/p>\n<ul>\n<li> <a href=\"https:\/\/g1.globo.com\/rj\/regiao-dos-lagos\/cidade\/casimiro-de-abreu\/\" class=\"entities__list-itemLink\" data-track-click=\"Casimiro de Abreu\"> Casimiro de Abreu <\/a> <\/li>\n<li> <a href=\"https:\/\/g1.globo.com\/rj\/regiao-dos-lagos\/cidade\/macae\/\" class=\"entities__list-itemLink\" data-track-click=\"Maca\u00e9\"> Maca\u00e9 <\/a> <\/li>\n<li> <a href=\"https:\/\/g1.globo.com\/rj\/regiao-serrana\/cidade\/petropolis\/\" class=\"entities__list-itemLink\" data-track-click=\"Petr\u00f3polis\"> Petr\u00f3polis <\/a> <\/li>\n<\/ul>\n","protected":false},"excerpt":{"rendered":"<p>Os postos de vistoria do Detran em Petr\u00f3polis, na Regi\u00e3o Serrana do Rio, e Maca\u00e9, no Norte Fluminense, est\u00e3o fechados desde segunda-feira (4) para que as unidades passem por reforma. O atendimento s\u00f3 deve retornar no dia 29 de setembro. Em Petr\u00f3polis, neste per\u00edodo, os usu\u00e1rios com processos pendentes no setor de ve\u00edculos dever\u00e3o procurar [&hellip;]<\/p>\n","protected":false},"author":1,"featured_media":0,"comment_status":"closed","ping_status":"closed","sticky":false,"template":"","format":"standard","meta":{"footnotes":""},"categories":[],"tags":[],"class_list":["post-52378","post","type-post","status-publish","format-standard","hentry"],"_links":{"self":[{"href":"https:\/\/blog.corretoraideal.com.br\/index.php\/wp-json\/wp\/v2\/posts\/52378","targetHints":{"allow":["GET"]}}],"collection":[{"href":"https:\/\/blog.corretoraideal.com.br\/index.php\/wp-json\/wp\/v2\/posts"}],"about":[{"href":"https:\/\/blog.corretoraideal.com.br\/index.php\/wp-json\/wp\/v2\/types\/post"}],"author":[{"embeddable":true,"href":"https:\/\/blog.corretoraideal.com.br\/index.php\/wp-json\/wp\/v2\/users\/1"}],"replies":[{"embeddable":true,"href":"https:\/\/blog.corretoraideal.com.br\/index.php\/wp-json\/wp\/v2\/comments?post=52378"}],"version-history":[{"count":1,"href":"https:\/\/blog.corretoraideal.com.br\/index.php\/wp-json\/wp\/v2\/posts\/52378\/revisions"}],"predecessor-version":[{"id":52380,"href":"https:\/\/blog.corretoraideal.com.br\/index.php\/wp-json\/wp\/v2\/posts\/52378\/revisions\/52380"}],"wp:attachment":[{"href":"https:\/\/blog.corretoraideal.com.br\/index.php\/wp-json\/wp\/v2\/media?parent=52378"}],"wp:term":[{"taxonomy":"category","embeddable":true,"href":"https:\/\/blog.corretoraideal.com.br\/index.php\/wp-json\/wp\/v2\/categories?post=52378"},{"taxonomy":"post_tag","embeddable":true,"href":"https:\/\/blog.corretoraideal.com.br\/index.php\/wp-json\/wp\/v2\/tags?post=52378"}],"curies":[{"name":"wp","href":"https:\/\/api.w.org\/{rel}","templated":true}]}}