{"id":52381,"date":"2023-09-06T12:31:57","date_gmt":"2023-09-06T12:31:57","guid":{"rendered":"https:\/\/blog.corretoraideal.com.br\/?p=52381"},"modified":"2023-09-06T12:31:57","modified_gmt":"2023-09-06T12:31:57","slug":"dolar-abre-em-leve-alta-acompanhando-exterior-em-dia-de-aversao-aos-riscos-economia-g1","status":"publish","type":"post","link":"https:\/\/blog.corretoraideal.com.br\/index.php\/2023\/09\/06\/dolar-abre-em-leve-alta-acompanhando-exterior-em-dia-de-aversao-aos-riscos-economia-g1\/","title":{"rendered":"D\u00f3lar abre em leve alta, acompanhando exterior em dia de avers\u00e3o aos riscos | Economia | G1"},"content":{"rendered":"<p>      1 de 1&#013;D\u00f3lar opera em alta \u2014 Foto: Karolina Grabowska    <\/p>\n<p> D\u00f3lar opera em alta \u2014 Foto: Karolina Grabowska <\/p>\n<p> O d\u00f3lar abriu em leve alta nesta quarta-feira (6), v\u00e9spera de feriado no Brasil, o que faz com que o preg\u00e3o tenha um volume menor de negocia\u00e7\u00f5es e menos liquidez. A valoriza\u00e7\u00e3o do d\u00f3lar frente ao real acompanha um sentimento global de avers\u00e3o ao risco, com investidores renovando as preocupa\u00e7\u00f5es com o avan\u00e7o da infla\u00e7\u00e3o, as taxas de juros e uma poss\u00edvel recess\u00e3o econ\u00f4mica. <\/p>\n<p> \u00c0s 09h03, a moeda norte-americana subia 0,09%, cotada a R$ 4,9796. <a class href=\"https:\/\/valor.globo.com\/valor-data\/\">Veja mais cota\u00e7\u00f5es.<\/a> <\/p>\n<p> No dia anterior, o d\u00f3lar encerrou o preg\u00e3o com alta de 0,82%, vendido a 4,9749. Com o resultado, a moeda passou a acumular:  <\/p>\n<ul>\n<li><strong>altas de 0,71% na semana e 0,50% no m\u00eas;<\/strong><\/li>\n<li><strong>queda de 5,74% no ano.<\/strong><\/li>\n<\/ul>\n<ul>\n<li><strong>COMERCIAL X TURISMO: <\/strong><a class href=\"https:\/\/g1.globo.com\/economia\/noticia\/2022\/04\/25\/dolar-comercial-x-turismo-qual-a-diferenca-e-por-que-o-turismo-e-mais-caro.ghtml\">qual a diferen\u00e7a entre a cota\u00e7\u00e3o de moedas estrangeiras e por que o turismo \u00e9 mais caro?<\/a><\/li>\n<li><strong>DINHEIRO OU CART\u00c3O? <\/strong><a class href=\"https:\/\/g1.globo.com\/economia\/noticia\/2022\/03\/26\/dinheiro-ou-cartao-qual-a-melhor-forma-de-levar-dolares-em-viagens.ghtml\">Qual a melhor forma de levar d\u00f3lares em viagens?<\/a><\/li>\n<li><strong>D\u00d3LAR: <\/strong><a class href=\"https:\/\/g1.globo.com\/economia\/noticia\/2022\/04\/05\/dolar-qual-o-melhor-momento-para-comprar.ghtml\">Qual o melhor momento para comprar a moeda? <\/a><\/li>\n<\/ul>\n<p><h2>O que est\u00e1 mexendo com os mercados?<\/h2>\n<\/p>\n<p> A avers\u00e3o ao risco que tomou conta dos neg\u00f3cios na v\u00e9spera continua impactando os mercados em n\u00edvel global, diante da perspectiva de desacelera\u00e7\u00e3o da economia em diversos pa\u00edses, al\u00e9m do receio de que a infla\u00e7\u00e3o volte a subir por conta dos pre\u00e7os do petr\u00f3leo. <\/p>\n<p> A Ar\u00e1bia Saudita e a R\u00fassia, dois dos maiores exportadores de petr\u00f3leo do mundo, anunciaram cortes na produ\u00e7\u00e3o da commodity, levando a uma valoriza\u00e7\u00e3o expressiva nos pre\u00e7os dos barris, que ultrapassaram os US$ 90 na \u00faltima ter\u00e7a-feira. <\/p>\n<p> O petr\u00f3leo \u00e9 mat\u00e9ria-prima para as mais diversas cadeias produtivas, al\u00e9m de ser a principal fonte de combust\u00edvel at\u00e9 hoje. Assim, com uma redu\u00e7\u00e3o na produ\u00e7\u00e3o da commodity, os seus pre\u00e7os sobem, j\u00e1 que a demanda pelo produto continua elevada. <\/p>\n<p> Justamente por ser mat\u00e9ria-prima essencial, uma alta nos pre\u00e7os do petr\u00f3leo tem o poder de impactar toda a din\u00e2mica de pre\u00e7os nos pa\u00edses, afetando diretamente a infla\u00e7\u00e3o. \u00c9 por esse medo de que a infla\u00e7\u00e3o &#8211; que j\u00e1 est\u00e1 alta &#8211; volte a subir pelo mundo que os investidores vivem dias de uma maior avers\u00e3o aos riscos, priorizando os t\u00edtulos que s\u00e3o considerados mais seguros. <\/p>\n<p> &quot;O custo do petr\u00f3leo para cima atrapalha muito o custo da matriz energ\u00e9tica como um todo, ent\u00e3o isso tende levar a uma infla\u00e7\u00e3o. O mercado entendeu esse corte com o medo de uma infla\u00e7\u00e3o mais forte ou demorando mais a cair no cen\u00e1rio internacional, e a\u00ed a gente teria os <a class href=\"https:\/\/g1.globo.com\/tudo-sobre\/estados-unidos\/\">Estados Unidos<\/a> sendo obrigados a subir os juros ou manter os juros altos por mais tempo&quot;, explica Vitor Miziara, analista de investimentos. <\/p>\n<p> Isso aumenta a percep\u00e7\u00e3o de que a maior economia do mundo pode passar por um per\u00edodo de recess\u00e3o econ\u00f4mica, com juros e infla\u00e7\u00e3o em patamares elevados. <\/p>\n<p> No Brasil, o dia n\u00e3o tem grandes destaques, na v\u00e9spera do feriado de 7 de setembro, Dia da Independ\u00eancia. O volume de neg\u00f3cios no preg\u00e3o deve ser reduzido e sem pautas muito importantes no cen\u00e1rio pol\u00edtico. <\/p>\n<p>                   <img loading=\"lazy\" decoding=\"async\" class=\"aligncenter size-full wp-image-52383\" src=\"https:\/\/blog.corretoraideal.com.br\/wp-content\/uploads\/2023\/09\/entenda-o-que-faz-o-dolar-subir-ou-descer.jpeg\" alt=\"Entenda o que faz o d\u00f3lar subir ou descer\" width=\"800\" height=\"400\" \/>      <\/p>\n<p> Entenda o que faz o d\u00f3lar subir ou descer <\/p>\n<ul>\n<li> <a href=\"https:\/\/g1.globo.com\/tudo-sobre\/banco-central-do-brasil\/\" class=\"entities__list-itemLink\" data-track-click=\"Banco Central do Brasil\"> Banco Central do Brasil <\/a> <\/li>\n<li> <a href=\"https:\/\/g1.globo.com\/tudo-sobre\/brics\/\" class=\"entities__list-itemLink\" data-track-click=\"Brics\"> Brics <\/a> <\/li>\n<li> <a href=\"https:\/\/g1.globo.com\/tudo-sobre\/copom\/\" class=\"entities__list-itemLink\" data-track-click=\"Copom\"> Copom <\/a> <\/li>\n<li> <a href=\"https:\/\/g1.globo.com\/tudo-sobre\/estados-unidos\/\" class=\"entities__list-itemLink\" data-track-click=\"Estados Unidos\"> Estados Unidos <\/a> <\/li>\n<li> <a href=\"https:\/\/g1.globo.com\/tudo-sobre\/fed\/\" class=\"entities__list-itemLink\" data-track-click=\"FED\"> FED <\/a> <\/li>\n<li> <a href=\"https:\/\/g1.globo.com\/tudo-sobre\/luiz-inacio-lula-da-silva\/\" class=\"entities__list-itemLink\" data-track-click=\"Luiz In\u00e1cio Lula da Silva\"> Luiz In\u00e1cio Lula da Silva <\/a> <\/li>\n<\/ul>\n","protected":false},"excerpt":{"rendered":"<p>1 de 1&#013;D\u00f3lar opera em alta \u2014 Foto: Karolina Grabowska D\u00f3lar opera em alta \u2014 Foto: Karolina Grabowska O d\u00f3lar abriu em leve alta nesta quarta-feira (6), v\u00e9spera de feriado no Brasil, o que faz com que o preg\u00e3o tenha um volume menor de negocia\u00e7\u00f5es e menos liquidez. A valoriza\u00e7\u00e3o do d\u00f3lar frente ao real [&hellip;]<\/p>\n","protected":false},"author":1,"featured_media":0,"comment_status":"closed","ping_status":"closed","sticky":false,"template":"","format":"standard","meta":{"footnotes":""},"categories":[],"tags":[],"class_list":["post-52381","post","type-post","status-publish","format-standard","hentry"],"_links":{"self":[{"href":"https:\/\/blog.corretoraideal.com.br\/index.php\/wp-json\/wp\/v2\/posts\/52381","targetHints":{"allow":["GET"]}}],"collection":[{"href":"https:\/\/blog.corretoraideal.com.br\/index.php\/wp-json\/wp\/v2\/posts"}],"about":[{"href":"https:\/\/blog.corretoraideal.com.br\/index.php\/wp-json\/wp\/v2\/types\/post"}],"author":[{"embeddable":true,"href":"https:\/\/blog.corretoraideal.com.br\/index.php\/wp-json\/wp\/v2\/users\/1"}],"replies":[{"embeddable":true,"href":"https:\/\/blog.corretoraideal.com.br\/index.php\/wp-json\/wp\/v2\/comments?post=52381"}],"version-history":[{"count":1,"href":"https:\/\/blog.corretoraideal.com.br\/index.php\/wp-json\/wp\/v2\/posts\/52381\/revisions"}],"predecessor-version":[{"id":52384,"href":"https:\/\/blog.corretoraideal.com.br\/index.php\/wp-json\/wp\/v2\/posts\/52381\/revisions\/52384"}],"wp:attachment":[{"href":"https:\/\/blog.corretoraideal.com.br\/index.php\/wp-json\/wp\/v2\/media?parent=52381"}],"wp:term":[{"taxonomy":"category","embeddable":true,"href":"https:\/\/blog.corretoraideal.com.br\/index.php\/wp-json\/wp\/v2\/categories?post=52381"},{"taxonomy":"post_tag","embeddable":true,"href":"https:\/\/blog.corretoraideal.com.br\/index.php\/wp-json\/wp\/v2\/tags?post=52381"}],"curies":[{"name":"wp","href":"https:\/\/api.w.org\/{rel}","templated":true}]}}