{"id":52391,"date":"2023-09-06T15:41:15","date_gmt":"2023-09-06T15:41:15","guid":{"rendered":"https:\/\/blog.corretoraideal.com.br\/?p=52391"},"modified":"2023-09-06T15:41:15","modified_gmt":"2023-09-06T15:41:15","slug":"br-101-no-rj-deve-receber-420-mil-veiculos-durante-o-feriado-da-independencia-norte-fluminense-g1","status":"publish","type":"post","link":"https:\/\/blog.corretoraideal.com.br\/index.php\/2023\/09\/06\/br-101-no-rj-deve-receber-420-mil-veiculos-durante-o-feriado-da-independencia-norte-fluminense-g1\/","title":{"rendered":"BR-101, no RJ, deve receber 420 mil ve\u00edculos durante o feriado da Independ\u00eancia | Norte Fluminense | G1"},"content":{"rendered":"<p>      1 de 1&#013;BR-101 espera aumento no fluxo de ve\u00edculos a partir desta quarta-feira (6) por conta do feriado da Independ\u00eancia, comemorado nesta quinta (7) \u2014 Foto: Divulga\u00e7\u00e3o    <\/p>\n<p> BR-101 espera aumento no fluxo de ve\u00edculos a partir desta quarta-feira (6) por conta do feriado da Independ\u00eancia, comemorado nesta quinta (7) \u2014 Foto: Divulga\u00e7\u00e3o <\/p>\n<p> A BR-101, trecho que liga Niter\u00f3i e <a class href=\"https:\/\/g1.globo.com\/rj\/norte-fluminense\/cidade\/campos-dos-goytacazes\/\">Campos dos Goytacazes<\/a>, no Norte Fluminense, deve receber 420 mil ve\u00edculos a partir desta quarta-feira (6) at\u00e9 segunda (11). O aumento do fluxo \u00e9 esperando por conta do feriado da Independ\u00eancia, comemorado nesta quinta-feira (7). <\/p>\n<p> Os principais destinos dos motoristas s\u00e3o Regi\u00e3o dos Lagos, Serrana, Norte Fluminense, regi\u00e3o Metropolitana, Rio de Janeiro e Litoral Sul Capixaba. <\/p>\n<p> Para atender aos motoristas, a concession\u00e1ria Arteris Fluminense come\u00e7ou, ainda nesta quarta, uma opera\u00e7\u00e3o especial com equipes atuando 24 horas por dia para garantir um pronto atendimento em caso de emerg\u00eancia. <\/p>\n<p> O pico previsto na sa\u00edda ser\u00e1 na quarta-feira (6), com 75 mil ve\u00edculos, e movimento maior das 16h \u00e0s 21h. <\/p>\n<p> Na quinta (7), a expectativa \u00e9 74 mil ve\u00edculos. No retorno, mais de 72 mil ve\u00edculos s\u00e3o esperados no domingo (10), com fluxo intenso a partir das 15h. A expectativa \u00e9 que o fluxo seja mais intenso no trecho de 60 quil\u00f4metros entre as cidades de Niter\u00f3i e <a class href=\"https:\/\/g1.globo.com\/rj\/regiao-dos-lagos\/cidade\/rio-bonito\/\">Rio Bonito<\/a>, al\u00e9m dos trechos urbanos de Campos dos Goytacazes e <a class href=\"https:\/\/g1.globo.com\/rj\/regiao-dos-lagos\/cidade\/casimiro-de-abreu\/\">Casimiro de Abreu<\/a>. <\/p>\n<p> &quot;Toda a opera\u00e7\u00e3o da rodovia \u00e9 coordenada 24 horas por profissionais que trabalham no Centro de Controle Operacional (CCO) da Arteris Fluminense. Localizado na regi\u00e3o de S\u00e3o Gon\u00e7alo, essa estrutura \u00e9 equipada com um videowall onde s\u00e3o projetadas as imagens do sistema de CFTV da rodovia. A estrutura tamb\u00e9m conta com a presen\u00e7a de um Policial Rodovi\u00e1rio Federal dedicado para fiscaliza\u00e7\u00e3o da rodovia atrav\u00e9s do videomonitoramento e da intera\u00e7\u00e3o com as demais autoridades da regi\u00e3o para seguran\u00e7a nas rodovias&quot;, explica a concession\u00e1ria. <\/p>\n<p><h2>Obras<\/h2>\n<\/p>\n<p> A concession\u00e1ria explica ainda que, ao longo do feriad\u00e3o, somente obras de manuten\u00e7\u00e3o em car\u00e1ter emergencial ser\u00e3o executadas. Os pontos com obras fixas, permanecer\u00e3o com os canteiros sinalizados, mas sem impactar a movimenta\u00e7\u00e3o de ve\u00edculos na via. Exemplos de locais com obras fixas s\u00e3o a duplica\u00e7\u00e3o em <a class href=\"https:\/\/g1.globo.com\/rj\/regiao-dos-lagos\/cidade\/silva-jardim\/\">Silva Jardim<\/a> e a amplia\u00e7\u00e3o e melhoria do trecho urbano de Campos dos Goytacazes. <\/p>\n<p> A arteris disponibiliza, em caso de emerg\u00eancia, o telefone de emerg\u00eancia 0800 282 0101. Os usu\u00e1rios tamb\u00e9m podem acompanhar o movimento na rodovia atualizado 24 horas, acessando o perfil da concession\u00e1ria no Twitter (@Arteris_AFL) e conferir os melhores hor\u00e1rios para viajar. <\/p>\n<p><h2>Servi\u00e7o \u2013 Feriado da Independ\u00eancia<\/h2>\n<\/p>\n<ul>\n<li>Central de Atendimento: 0800 282 0101<\/li>\n<li>Informa\u00e7\u00f5es da rodovia 24h: <a class href=\"http:\/\/www.twitter.com\/Arteris_AFL\" target=\"_blank\" rel=\"noopener noreferrer\">www.twitter.com\/Arteris_AFL<\/a><\/li>\n<\/ul>\n<p> <strong>Trecho administrado: <\/strong>Campos dos Goytacazes, <a class href=\"https:\/\/g1.globo.com\/rj\/regiao-dos-lagos\/cidade\/conceicao-de-macabu\/\">Concei\u00e7\u00e3o de Macabu<\/a>, <a class href=\"https:\/\/g1.globo.com\/rj\/norte-fluminense\/cidade\/quissama\/\">Quissam\u00e3<\/a>, Caparebus, <a class href=\"https:\/\/g1.globo.com\/rj\/regiao-dos-lagos\/cidade\/macae\/\">Maca\u00e9<\/a>, <a class href=\"https:\/\/g1.globo.com\/rj\/regiao-dos-lagos\/cidade\/rio-das-ostras\/\">Rio das Ostras<\/a>, Silva Jardim, Casimiro de Abreu, Silva Jardim, Rio Bonito, Rangu\u00e1, Itabora\u00ed, S\u00e3o Gon\u00e7alo e Niter\u00f3i. <\/p>\n<p><h2>Ped\u00e1gio:<\/h2>\n<\/p>\n<p> A tarifa b\u00e1sica para autom\u00f3veis \u00e9 de R$ 6,90. Motos pagam R$ 3,45. Ve\u00edculos comerciais pagam conforme o n\u00famero de eixos. H\u00e1 possibilidade de fazer o pagamento por aproxima\u00e7\u00e3o. <\/p>\n<p> &quot;Ao passar pelas cabines manuais, basta o usu\u00e1rio aproximar o seu cart\u00e3o habilitado da m\u00e1quina de d\u00e9bito para que o pagamento seja efetuado. Smartphones e smartwatches adaptados \u00e0 tecnologia de comunica\u00e7\u00e3o por proximidade, conhecida como NFC, tamb\u00e9m podem ser utilizados&quot;, explica a Arteris Fluminense. <\/p>\n<p> <strong>Pra\u00e7as de Ped\u00e1gio<\/strong> <\/p>\n<ul>\n<li>Km 40 \u2013 Campos dos Goytacazes<\/li>\n<li>Km 123 \u2013 Campos dos Goytacazes<\/li>\n<li>Km 192 \u2013 Casimiro de Abreu<\/li>\n<li>Km 252 \u2013 Rio Bonito<\/li>\n<li>Km 299 \u2013 S\u00e3o Gon\u00e7alo (cobran\u00e7a unidirecional, sentido Niter\u00f3i)<\/li>\n<\/ul>\n<p> <strong>Hor\u00e1rios e dias de maior movimento<\/strong> <\/p>\n<ul>\n<li>Quarta-feira (06\/09) \u2013 das 16h \u00e0s 22h<\/li>\n<li>Quinta-feira (07\/09) \u2013 das 7h \u00e0s 14h<\/li>\n<li>Domingo (10\/09) \u2013 das 15h \u00e0s 20h<\/li>\n<\/ul>\n<p> <strong>SOS Usu\u00e1rio<\/strong> <\/p>\n<ul>\n<li>Km 40 Norte \u2013 Campos dos Goytacazes<\/li>\n<li>Km 123 Sul \u2013 Campos dos Goytacazes<\/li>\n<li>Km 163 Norte \u2013 Maca\u00e9<\/li>\n<li>Km 236 Sul \u2013 Silva Jardim<\/li>\n<li>Km 283 Norte \u2013 Itabora\u00ed<\/li>\n<li>Km 299 Sul \u2013 S\u00e3o Gon\u00e7alo<\/li>\n<li>Km 318 Norte \u2013 S\u00e3o Gon\u00e7alo<\/li>\n<\/ul>\n<ul>\n<li> <a href=\"https:\/\/g1.globo.com\/rj\/norte-fluminense\/cidade\/campos-dos-goytacazes\/\" class=\"entities__list-itemLink\" data-track-click=\"Campos dos Goytacazes\"> Campos dos Goytacazes <\/a> <\/li>\n<li> <a href=\"https:\/\/g1.globo.com\/rj\/regiao-dos-lagos\/cidade\/carapebus\/\" class=\"entities__list-itemLink\" data-track-click=\"Carapebus\"> Carapebus <\/a> <\/li>\n<li> <a href=\"https:\/\/g1.globo.com\/rj\/regiao-dos-lagos\/cidade\/casimiro-de-abreu\/\" class=\"entities__list-itemLink\" data-track-click=\"Casimiro de Abreu\"> Casimiro de Abreu <\/a> <\/li>\n<li> <a href=\"https:\/\/g1.globo.com\/rj\/regiao-dos-lagos\/cidade\/conceicao-de-macabu\/\" class=\"entities__list-itemLink\" data-track-click=\"Concei\u00e7\u00e3o de Macabu\"> Concei\u00e7\u00e3o de Macabu <\/a> <\/li>\n<li> <a href=\"https:\/\/g1.globo.com\/rj\/regiao-dos-lagos\/cidade\/macae\/\" class=\"entities__list-itemLink\" data-track-click=\"Maca\u00e9\"> Maca\u00e9 <\/a> <\/li>\n<li> <a href=\"https:\/\/g1.globo.com\/rj\/norte-fluminense\/cidade\/quissama\/\" class=\"entities__list-itemLink\" data-track-click=\"Quissam\u00e3\"> Quissam\u00e3 <\/a> <\/li>\n<li> <a href=\"https:\/\/g1.globo.com\/rj\/regiao-dos-lagos\/cidade\/rio-bonito\/\" class=\"entities__list-itemLink\" data-track-click=\"Rio Bonito\"> Rio Bonito <\/a> <\/li>\n<li> <a href=\"https:\/\/g1.globo.com\/rj\/regiao-dos-lagos\/cidade\/rio-das-ostras\/\" class=\"entities__list-itemLink\" data-track-click=\"Rio das Ostras\"> Rio das Ostras <\/a> <\/li>\n<li> <a href=\"https:\/\/g1.globo.com\/rj\/regiao-dos-lagos\/cidade\/silva-jardim\/\" class=\"entities__list-itemLink\" data-track-click=\"Silva Jardim\"> Silva Jardim <\/a> <\/li>\n<\/ul>\n","protected":false},"excerpt":{"rendered":"<p>1 de 1&#013;BR-101 espera aumento no fluxo de ve\u00edculos a partir desta quarta-feira (6) por conta do feriado da Independ\u00eancia, comemorado nesta quinta (7) \u2014 Foto: Divulga\u00e7\u00e3o BR-101 espera aumento no fluxo de ve\u00edculos a partir desta quarta-feira (6) por conta do feriado da Independ\u00eancia, comemorado nesta quinta (7) \u2014 Foto: Divulga\u00e7\u00e3o A BR-101, trecho [&hellip;]<\/p>\n","protected":false},"author":1,"featured_media":0,"comment_status":"closed","ping_status":"closed","sticky":false,"template":"","format":"standard","meta":{"footnotes":""},"categories":[],"tags":[],"class_list":["post-52391","post","type-post","status-publish","format-standard","hentry"],"_links":{"self":[{"href":"https:\/\/blog.corretoraideal.com.br\/index.php\/wp-json\/wp\/v2\/posts\/52391","targetHints":{"allow":["GET"]}}],"collection":[{"href":"https:\/\/blog.corretoraideal.com.br\/index.php\/wp-json\/wp\/v2\/posts"}],"about":[{"href":"https:\/\/blog.corretoraideal.com.br\/index.php\/wp-json\/wp\/v2\/types\/post"}],"author":[{"embeddable":true,"href":"https:\/\/blog.corretoraideal.com.br\/index.php\/wp-json\/wp\/v2\/users\/1"}],"replies":[{"embeddable":true,"href":"https:\/\/blog.corretoraideal.com.br\/index.php\/wp-json\/wp\/v2\/comments?post=52391"}],"version-history":[{"count":1,"href":"https:\/\/blog.corretoraideal.com.br\/index.php\/wp-json\/wp\/v2\/posts\/52391\/revisions"}],"predecessor-version":[{"id":52393,"href":"https:\/\/blog.corretoraideal.com.br\/index.php\/wp-json\/wp\/v2\/posts\/52391\/revisions\/52393"}],"wp:attachment":[{"href":"https:\/\/blog.corretoraideal.com.br\/index.php\/wp-json\/wp\/v2\/media?parent=52391"}],"wp:term":[{"taxonomy":"category","embeddable":true,"href":"https:\/\/blog.corretoraideal.com.br\/index.php\/wp-json\/wp\/v2\/categories?post=52391"},{"taxonomy":"post_tag","embeddable":true,"href":"https:\/\/blog.corretoraideal.com.br\/index.php\/wp-json\/wp\/v2\/tags?post=52391"}],"curies":[{"name":"wp","href":"https:\/\/api.w.org\/{rel}","templated":true}]}}