{"id":52419,"date":"2023-09-06T20:30:42","date_gmt":"2023-09-06T20:30:42","guid":{"rendered":"https:\/\/blog.corretoraideal.com.br\/?p=52419"},"modified":"2023-09-06T20:30:42","modified_gmt":"2023-09-06T20:30:42","slug":"estrutura-para-os-desfiles-de-7-de-setembro-esta-preparada-em-campos-confira-as-mudancas-no-transito-norte-fluminense-g1","status":"publish","type":"post","link":"https:\/\/blog.corretoraideal.com.br\/index.php\/2023\/09\/06\/estrutura-para-os-desfiles-de-7-de-setembro-esta-preparada-em-campos-confira-as-mudancas-no-transito-norte-fluminense-g1\/","title":{"rendered":"Estrutura para os desfiles de 7 de Setembro est\u00e1 preparada em Campos; confira as mudan\u00e7as no tr\u00e2nsito | Norte Fluminense | G1"},"content":{"rendered":"<p>      1 de 1&#013;Prepara\u00e7\u00e3o para o desfile c\u00edvico \u2014 Foto: Ang\u00e9lica Paes    <\/p>\n<p> Prepara\u00e7\u00e3o para o desfile c\u00edvico \u2014 Foto: Ang\u00e9lica Paes <\/p>\n<p> O Centro de Eventos Populares Os\u00f3rio Peixoto (Cepop), em <a class href=\"https:\/\/g1.globo.com\/rj\/norte-fluminense\/cidade\/campos-dos-goytacazes\/\">Campos dos Goytacazes<\/a>, no Norte Fluminense, j\u00e1 est\u00e1 preparando para o Desfile C\u00edvico de 7 de setembro, ponto alto das comemora\u00e7\u00f5es dos 201 anos da Independ\u00eancia do Brasil. <\/p>\n<p> O evento come\u00e7a \u00e0s 8h com o hasteamento de bandeiras e revista \u00e0 tropa. V\u00e3o desfilar os pelot\u00f5es do 8\u00ba Batalh\u00e3o da Pol\u00edcia Militar, 5\u00ba Grupamento de Bombeiro Militar, 56\u00ba Batalh\u00e3o de Infantaria, Guarda Civil Municipal, secretarias e funda\u00e7\u00f5es municipais, projetos e institui\u00e7\u00f5es sociais e, ainda, escolas das redes municipal e estadual com suas bandas de fanfarra. <\/p>\n<p> O Cepop recebeu pintura e limpeza interna e no entorno. A Secretaria de Servi\u00e7os P\u00fablicos vai manter uma equipe de varri\u00e7\u00e3o para atuar na passarela, durante os desfiles e no final do evento. <\/p>\n<p> Para melhor ordenamento, a Secretaria de Ordem P\u00fablica realizou a marca\u00e7\u00e3o dos locais disponibilizados para ambulantes cadastrados para atuarem durante o desfile com a venda de seus produtos. <\/p>\n<p><h2>Esquema de tr\u00e2nsito<\/h2>\n<\/p>\n<p> Nesta quinta, cerca de 150 agentes da Guarda Civil Municipal (GCM) v\u00e3o estar atuando no entorno do Cepop para orientar o tr\u00e2nsito no local, j\u00e1 que algumas ruas v\u00e3o estar fechadas, para seguran\u00e7a dos que forem desfilar e do p\u00fablico que vai assistir ao desfile. <\/p>\n<p> Os agentes v\u00e3o estar posicionados nos acessos \u00e0 Avenida Alberto Lamego, que vai estar fechada nos dois sentidos. Nas proximidades do Cepop, o tr\u00e2nsito de ve\u00edculos vai fluir pela BR-356 e Avenida Arthur Bernardes. <\/p>\n<p> Assim como os \u00f4nibus de linha, que v\u00e3o ter o embarque e desembarque do p\u00fablico pr\u00f3ximo ao port\u00e3o de acesso na BR-356. Nos locais, agentes da Guarda Municipal v\u00e3o orientar o tr\u00e2nsito de ve\u00edculos. <\/p>\n<p> Em frente ao condom\u00ednio Mondrian Life, na Avenida Alberto Lamego, tamb\u00e9m haver\u00e1 agentes orientando os condutores sobre a entrada e sa\u00edda. <\/p>\n<p> O comandante da Guarda Civil Municipal, Wellington Levino, explica que os agentes foram capacitados para que o tr\u00e2nsito no entorno do Cepop flua com seguran\u00e7a para motoristas e pedestres. <\/p>\n<ul>\n<li> <a href=\"https:\/\/g1.globo.com\/rj\/norte-fluminense\/cidade\/campos-dos-goytacazes\/\" class=\"entities__list-itemLink\" data-track-click=\"Campos dos Goytacazes\"> Campos dos Goytacazes <\/a> <\/li>\n<\/ul>\n","protected":false},"excerpt":{"rendered":"<p>1 de 1&#013;Prepara\u00e7\u00e3o para o desfile c\u00edvico \u2014 Foto: Ang\u00e9lica Paes Prepara\u00e7\u00e3o para o desfile c\u00edvico \u2014 Foto: Ang\u00e9lica Paes O Centro de Eventos Populares Os\u00f3rio Peixoto (Cepop), em Campos dos Goytacazes, no Norte Fluminense, j\u00e1 est\u00e1 preparando para o Desfile C\u00edvico de 7 de setembro, ponto alto das comemora\u00e7\u00f5es dos 201 anos da Independ\u00eancia [&hellip;]<\/p>\n","protected":false},"author":1,"featured_media":0,"comment_status":"closed","ping_status":"closed","sticky":false,"template":"","format":"standard","meta":{"footnotes":""},"categories":[],"tags":[],"class_list":["post-52419","post","type-post","status-publish","format-standard","hentry"],"_links":{"self":[{"href":"https:\/\/blog.corretoraideal.com.br\/index.php\/wp-json\/wp\/v2\/posts\/52419","targetHints":{"allow":["GET"]}}],"collection":[{"href":"https:\/\/blog.corretoraideal.com.br\/index.php\/wp-json\/wp\/v2\/posts"}],"about":[{"href":"https:\/\/blog.corretoraideal.com.br\/index.php\/wp-json\/wp\/v2\/types\/post"}],"author":[{"embeddable":true,"href":"https:\/\/blog.corretoraideal.com.br\/index.php\/wp-json\/wp\/v2\/users\/1"}],"replies":[{"embeddable":true,"href":"https:\/\/blog.corretoraideal.com.br\/index.php\/wp-json\/wp\/v2\/comments?post=52419"}],"version-history":[{"count":1,"href":"https:\/\/blog.corretoraideal.com.br\/index.php\/wp-json\/wp\/v2\/posts\/52419\/revisions"}],"predecessor-version":[{"id":52421,"href":"https:\/\/blog.corretoraideal.com.br\/index.php\/wp-json\/wp\/v2\/posts\/52419\/revisions\/52421"}],"wp:attachment":[{"href":"https:\/\/blog.corretoraideal.com.br\/index.php\/wp-json\/wp\/v2\/media?parent=52419"}],"wp:term":[{"taxonomy":"category","embeddable":true,"href":"https:\/\/blog.corretoraideal.com.br\/index.php\/wp-json\/wp\/v2\/categories?post=52419"},{"taxonomy":"post_tag","embeddable":true,"href":"https:\/\/blog.corretoraideal.com.br\/index.php\/wp-json\/wp\/v2\/tags?post=52419"}],"curies":[{"name":"wp","href":"https:\/\/api.w.org\/{rel}","templated":true}]}}