{"id":52428,"date":"2023-09-07T01:32:12","date_gmt":"2023-09-07T01:32:12","guid":{"rendered":"https:\/\/blog.corretoraideal.com.br\/?p=52428"},"modified":"2023-09-07T01:32:12","modified_gmt":"2023-09-07T01:32:12","slug":"alunos-de-escolas-publicas-de-macae-vao-ganhar-oculos-por-meio-do-programa-saude-na-escola-norte-fluminense-g1","status":"publish","type":"post","link":"https:\/\/blog.corretoraideal.com.br\/index.php\/2023\/09\/07\/alunos-de-escolas-publicas-de-macae-vao-ganhar-oculos-por-meio-do-programa-saude-na-escola-norte-fluminense-g1\/","title":{"rendered":"Alunos de escolas p\u00fablicas de Maca\u00e9 v\u00e3o ganhar \u00f3culos por meio do Programa Sa\u00fade na Escola | Norte Fluminense | G1"},"content":{"rendered":"<p>      1 de 5&#013;Cerca de 300 alunos da rede municipal em Maca\u00e9 ser\u00e3o beneficiados com a entrega de \u00f3culos \u2014 Foto: Bruno Campos\/Prefeitura de Maca\u00e9    <\/p>\n<p> Cerca de 300 alunos da rede municipal em Maca\u00e9 ser\u00e3o beneficiados com a entrega de \u00f3culos \u2014 Foto: Bruno Campos\/Prefeitura de Maca\u00e9 <\/p>\n<p> Cerca de 300 alunos da rede municipal de ensino em <a class href=\"https:\/\/g1.globo.com\/rj\/regiao-dos-lagos\/cidade\/macae\/\">Maca\u00e9<\/a>, no Norte Fluminense, v\u00e3o ganhar \u00f3culos a partir de um trabalho de medi\u00e7\u00e3o realizado pela Secretaria de Educa\u00e7\u00e3o, por meio do Programa Sa\u00fade na Escola. <\/p>\n<p>         2 de 5&#013;Crian\u00e7as e jovens de escolas da rede municipal em Maca\u00e9 s\u00e3o contempladas com projeto de distribui\u00e7\u00e3o de \u00f3culos \u2014 Foto: Bruno Campos\/Prefeitura de Maca\u00e9    <\/p>\n<p> Crian\u00e7as e jovens de escolas da rede municipal em Maca\u00e9 s\u00e3o contempladas com projeto de distribui\u00e7\u00e3o de \u00f3culos \u2014 Foto: Bruno Campos\/Prefeitura de Maca\u00e9 <\/p>\n<p> Na ter\u00e7a-feira (5) e nesta quarta-feira (6), os estudantes puderam experimentar as arma\u00e7\u00f5es. Diferentes modelos foram colocados \u00e0 disposi\u00e7\u00e3o de crian\u00e7as e jovens. <\/p>\n<p>         3 de 5&#013;Estudantes puderam experimentar e escolher as arma\u00e7\u00f5es dos \u00f3culos, que ser\u00e3o entregues gratuitamente \u2014 Foto: Bruno Campos\/Prefeitura de Maca\u00e9    <\/p>\n<p> Estudantes puderam experimentar e escolher as arma\u00e7\u00f5es dos \u00f3culos, que ser\u00e3o entregues gratuitamente \u2014 Foto: Bruno Campos\/Prefeitura de Maca\u00e9 <\/p>\n<p> &quot;Eles s\u00e3o chamados a comparecer para medir o \u00f3culos, ver qual a arma\u00e7\u00e3o do seu gosto e depois s\u00e3o encaminhados para a \u00f3tica que ganhou a licita\u00e7\u00e3o para que eles sejam confeccionados&quot;, explicou Teresa Hughet, coordenadora de Educa\u00e7\u00e3o e Sa\u00fade. <\/p>\n<p>         4 de 5&#013;Por meio do Programa Sa\u00fade na Escola, da Secretaria de Educa\u00e7\u00e3o em Maca\u00e9, alunos podem fazer a medi\u00e7\u00e3o e escolher a arma\u00e7\u00e3o dos \u00f3culos \u2014 Foto: Bruno Campos\/Prefeitura de Maca\u00e9    <\/p>\n<p> Por meio do Programa Sa\u00fade na Escola, da Secretaria de Educa\u00e7\u00e3o em Maca\u00e9, alunos podem fazer a medi\u00e7\u00e3o e escolher a arma\u00e7\u00e3o dos \u00f3culos \u2014 Foto: Bruno Campos\/Prefeitura de Maca\u00e9 <\/p>\n<p> A Prefeitura explica que o programa vai beneficiar crian\u00e7as, adolescentes e tamb\u00e9m os estudantes da Educa\u00e7\u00e3o de Jovens e Adultos (EJA). <\/p>\n<p>         5 de 5&#013;Alunos puderam escolher a arma\u00e7\u00e3o preferida entre diversos modelos \u2014 Foto: Bruno Campos\/Prefeitura de Maca\u00e9    <\/p>\n<p> Alunos puderam escolher a arma\u00e7\u00e3o preferida entre diversos modelos \u2014 Foto: Bruno Campos\/Prefeitura de Maca\u00e9 <\/p>\n<p> O munic\u00edpio explica ainda que a distribui\u00e7\u00e3o dos \u00f3culos e a medi\u00e7\u00e3o seguem a determina\u00e7\u00e3o da Lei Complementar n\u00ba 2874\/2007, institu\u00edda para levar \u00e0s escolas p\u00fablicas a\u00e7\u00f5es de promo\u00e7\u00e3o, preven\u00e7\u00e3o e aten\u00e7\u00e3o \u00e0 sa\u00fade. O objetivo da lei \u00e9 enfrentar vulnerabilidades que comprometem o pleno desenvolvimento de crian\u00e7as e jovens. <\/p>\n<ul>\n<li> <a href=\"https:\/\/g1.globo.com\/rj\/regiao-dos-lagos\/cidade\/macae\/\" class=\"entities__list-itemLink\" data-track-click=\"Maca\u00e9\"> Maca\u00e9 <\/a> <\/li>\n<\/ul>\n","protected":false},"excerpt":{"rendered":"<p>1 de 5&#013;Cerca de 300 alunos da rede municipal em Maca\u00e9 ser\u00e3o beneficiados com a entrega de \u00f3culos \u2014 Foto: Bruno Campos\/Prefeitura de Maca\u00e9 Cerca de 300 alunos da rede municipal em Maca\u00e9 ser\u00e3o beneficiados com a entrega de \u00f3culos \u2014 Foto: Bruno Campos\/Prefeitura de Maca\u00e9 Cerca de 300 alunos da rede municipal de ensino [&hellip;]<\/p>\n","protected":false},"author":1,"featured_media":0,"comment_status":"closed","ping_status":"closed","sticky":false,"template":"","format":"standard","meta":{"footnotes":""},"categories":[],"tags":[],"class_list":["post-52428","post","type-post","status-publish","format-standard","hentry"],"_links":{"self":[{"href":"https:\/\/blog.corretoraideal.com.br\/index.php\/wp-json\/wp\/v2\/posts\/52428","targetHints":{"allow":["GET"]}}],"collection":[{"href":"https:\/\/blog.corretoraideal.com.br\/index.php\/wp-json\/wp\/v2\/posts"}],"about":[{"href":"https:\/\/blog.corretoraideal.com.br\/index.php\/wp-json\/wp\/v2\/types\/post"}],"author":[{"embeddable":true,"href":"https:\/\/blog.corretoraideal.com.br\/index.php\/wp-json\/wp\/v2\/users\/1"}],"replies":[{"embeddable":true,"href":"https:\/\/blog.corretoraideal.com.br\/index.php\/wp-json\/wp\/v2\/comments?post=52428"}],"version-history":[{"count":1,"href":"https:\/\/blog.corretoraideal.com.br\/index.php\/wp-json\/wp\/v2\/posts\/52428\/revisions"}],"predecessor-version":[{"id":52430,"href":"https:\/\/blog.corretoraideal.com.br\/index.php\/wp-json\/wp\/v2\/posts\/52428\/revisions\/52430"}],"wp:attachment":[{"href":"https:\/\/blog.corretoraideal.com.br\/index.php\/wp-json\/wp\/v2\/media?parent=52428"}],"wp:term":[{"taxonomy":"category","embeddable":true,"href":"https:\/\/blog.corretoraideal.com.br\/index.php\/wp-json\/wp\/v2\/categories?post=52428"},{"taxonomy":"post_tag","embeddable":true,"href":"https:\/\/blog.corretoraideal.com.br\/index.php\/wp-json\/wp\/v2\/tags?post=52428"}],"curies":[{"name":"wp","href":"https:\/\/api.w.org\/{rel}","templated":true}]}}