{"id":52431,"date":"2023-09-07T03:34:58","date_gmt":"2023-09-07T03:34:58","guid":{"rendered":"https:\/\/blog.corretoraideal.com.br\/?p=52431"},"modified":"2023-09-07T03:34:58","modified_gmt":"2023-09-07T03:34:58","slug":"governo-lancara-titulos-verdes-na-bolsa-de-nova-york-no-dia-18-entenda-a-iniciativa-economia-g1","status":"publish","type":"post","link":"https:\/\/blog.corretoraideal.com.br\/index.php\/2023\/09\/07\/governo-lancara-titulos-verdes-na-bolsa-de-nova-york-no-dia-18-entenda-a-iniciativa-economia-g1\/","title":{"rendered":"Governo lan\u00e7ar\u00e1 &#039;t\u00edtulos verdes&#039; na Bolsa de Nova York no dia 18; entenda a iniciativa | Economia | G1"},"content":{"rendered":"\n<p> O Minist\u00e9rio da Fazenda j\u00e1 tem data para lan\u00e7ar os t\u00edtulos verdes do Brasil, os chamados green bonds. Ser\u00e1 no pr\u00f3ximo dia 18, na Bolsa de Valores Nova York. <\/p>\n<p> Al\u00e9m do ministro da Fazenda, Fernando Haddad, tamb\u00e9m deve participar do lan\u00e7amento o secret\u00e1rio do Tesouro, Rog\u00e9rio Ceron, segundo fontes na Fazenda. O objetivo do governo \u00e9 captar US$ 2 bilh\u00f5es no mercado internacional para financiar projetos sustent\u00e1veis. <\/p>\n<p> A emiss\u00e3o de titulos verdes da divida brasileira no exterior se insere no contexto do Programa de Transi\u00e7\u00e3o Ecol\u00f3gica, a principal agenda do governo no Congresso para depois da aprova\u00e7\u00e3o da reforma tribut\u00e1ria. <\/p>\n<p> O programa \u00e9 a aposta da gest\u00e3o Lula para colocar o pa\u00eds como destaque na agenda ESG (Environmental, Social and Governance, na sigla em ingl\u00eas). A estrat\u00e9gia \u00e9 dividida em seis frentes, entre elas finan\u00e7as, infraestrutura e bioeconomia. <\/p>\n<p> Depois da capta\u00e7\u00e3o, <a class href=\"https:\/\/g1.globo.com\/economia\/noticia\/2023\/08\/25\/governo-vai-emitir-titulos-verdes-a-partir-de-setembro-diz-ministerio-da-fazenda.ghtml\">o governo dever\u00e1 publicar, periodicamente, dois relat\u00f3rios aos investidores estrangeiros<\/a>. Um deles mostrando onde os recursos dos green bonds foram aplicados. E outro com os resultados de pol\u00edticas p\u00fablicas relacionadas \u00e0 agenda ambiental. Como, por exemplo, a taxa de desmatamento da Amaz\u00f4nia. <\/p>\n<p> A agenda de Haddad em Wall Street em 18 de setembro bate com outra, de Lula, o que n\u00e3o \u00e9 uma coincid\u00eancia. O presidente participa da Assembleia Geral das Na\u00e7\u00f5es Unidas, que vai at\u00e9 21 de setembro. Na Fazenda, o que se diz \u00e9 que com o discurso de Lula na ONU e o lan\u00e7amento dos t\u00edtulos, o governo pretende refor\u00e7ar que a agenda verde veio pra ficar. <\/p>\n<p><h2>Como vai funcionar<\/h2>\n<\/p>\n<p> Entre as normas, est\u00e1 definido que os recursos captados de investidores internacionais, por meio desses t\u00edtulos p\u00fablicos, dever\u00e3o ser necessariamente direcionados para projetos ambientais. Tais como: <\/p>\n<ul>\n<li>preserva\u00e7\u00e3o ambiental dos biomas nativos, inclusive com o controle do desmatamento da Amaz\u00f4nia e Cerrado,<\/li>\n<li>fomento ao Fundo do Clima,<\/li>\n<li>produ\u00e7\u00e3o de energia renov\u00e1vel,<\/li>\n<li>efici\u00eancia energ\u00e9tica e gest\u00e3o sustent\u00e1vel dos recursos naturais.<\/li>\n<\/ul>\n<p> Os recursos tamb\u00e9m poder\u00e3o ser utilizados para promover a\u00e7\u00f5es na \u00e1rea social, em iniciativas de combate \u00e0 pobreza, gera\u00e7\u00e3o de empregos e universaliza\u00e7\u00e3o do saneamento b\u00e1sico, entre outras. <\/p>\n<p> Segundo o Minist\u00e9rio da Fazenda, as regras de emiss\u00e3o de t\u00edtulos verdes pelo governo foram elaboradas pelo Comit\u00ea de Finan\u00e7as Sustent\u00e1veis Soberanas, e contou com apoio do Banco Interamericano de Desenvolvimento (BID) e Banco Mundial (Bird). <\/p>\n<p>                   <img loading=\"lazy\" decoding=\"async\" class=\"aligncenter size-full wp-image-52433\" src=\"https:\/\/blog.corretoraideal.com.br\/wp-content\/uploads\/2023\/09\/miriam-leitao-sobre-o-dia-da-amazonia-este-ano-a-gente-pode-celebrar.jpeg\" alt=\"M\u00edriam Leit\u00e3o sobre o Dia da Amaz\u00f4nia: \u2018Este ano a gente pode celebrar\" width=\"800\" height=\"400\" \/>      <\/p>\n<p> M\u00edriam Leit\u00e3o sobre o Dia da Amaz\u00f4nia: \u2018Este ano a gente pode celebrar&#8217; <\/p>\n<p><h2>Esp\u00e9cie de leil\u00e3o<\/h2>\n<\/p>\n<p> Os investidores que compram esses pap\u00e9is da d\u00edvida p\u00fablica pagam em d\u00f3lar, euro, ou at\u00e9 em reais, dependendo da moeda escolhida pelo Tesouro Nacional. <\/p>\n<p> Na data do chamado resgate, eles recebem de volta o valor pago ao governo brasileiro. Al\u00e9m disso, o Brasil paga juros a esses investidores, a cada seis meses ou um ano, dependendo do contrato. <\/p>\n<p> O lan\u00e7amento de b\u00f4nus no mercado externo funciona como um leil\u00e3o: os investidores fazem suas propostas de taxa de juros e quantidade de t\u00edtulos que desejam receber, e o Tesouro decide se aceita. As ofertas s\u00e3o feitas aos bancos contratados pelo Tesouro para liderar a opera\u00e7\u00e3o. <\/p>\n<p><h2>Arcabou\u00e7o fiscal<\/h2>\n<\/p>\n<p> Os recursos captados com a emiss\u00e3o de pap\u00e9is no mercado externo precisam atender \u00e0s regras estabelecidas pela nova regra fiscal. <\/p>\n<p> Na pr\u00e1tica, mesmo com a arrecada\u00e7\u00e3o extra, o governo n\u00e3o poder\u00e1 gastar mais do que o limite de despesas estabelecido para o ano. <\/p>\n<ul> <\/ul>\n","protected":false},"excerpt":{"rendered":"<p>O Minist\u00e9rio da Fazenda j\u00e1 tem data para lan\u00e7ar os t\u00edtulos verdes do Brasil, os chamados green bonds. Ser\u00e1 no pr\u00f3ximo dia 18, na Bolsa de Valores Nova York. Al\u00e9m do ministro da Fazenda, Fernando Haddad, tamb\u00e9m deve participar do lan\u00e7amento o secret\u00e1rio do Tesouro, Rog\u00e9rio Ceron, segundo fontes na Fazenda. O objetivo do governo [&hellip;]<\/p>\n","protected":false},"author":1,"featured_media":0,"comment_status":"closed","ping_status":"closed","sticky":false,"template":"","format":"standard","meta":{"footnotes":""},"categories":[],"tags":[],"class_list":["post-52431","post","type-post","status-publish","format-standard","hentry"],"_links":{"self":[{"href":"https:\/\/blog.corretoraideal.com.br\/index.php\/wp-json\/wp\/v2\/posts\/52431","targetHints":{"allow":["GET"]}}],"collection":[{"href":"https:\/\/blog.corretoraideal.com.br\/index.php\/wp-json\/wp\/v2\/posts"}],"about":[{"href":"https:\/\/blog.corretoraideal.com.br\/index.php\/wp-json\/wp\/v2\/types\/post"}],"author":[{"embeddable":true,"href":"https:\/\/blog.corretoraideal.com.br\/index.php\/wp-json\/wp\/v2\/users\/1"}],"replies":[{"embeddable":true,"href":"https:\/\/blog.corretoraideal.com.br\/index.php\/wp-json\/wp\/v2\/comments?post=52431"}],"version-history":[{"count":1,"href":"https:\/\/blog.corretoraideal.com.br\/index.php\/wp-json\/wp\/v2\/posts\/52431\/revisions"}],"predecessor-version":[{"id":52434,"href":"https:\/\/blog.corretoraideal.com.br\/index.php\/wp-json\/wp\/v2\/posts\/52431\/revisions\/52434"}],"wp:attachment":[{"href":"https:\/\/blog.corretoraideal.com.br\/index.php\/wp-json\/wp\/v2\/media?parent=52431"}],"wp:term":[{"taxonomy":"category","embeddable":true,"href":"https:\/\/blog.corretoraideal.com.br\/index.php\/wp-json\/wp\/v2\/categories?post=52431"},{"taxonomy":"post_tag","embeddable":true,"href":"https:\/\/blog.corretoraideal.com.br\/index.php\/wp-json\/wp\/v2\/tags?post=52431"}],"curies":[{"name":"wp","href":"https:\/\/api.w.org\/{rel}","templated":true}]}}