{"id":52435,"date":"2023-09-07T06:29:52","date_gmt":"2023-09-07T06:29:52","guid":{"rendered":"https:\/\/blog.corretoraideal.com.br\/?p=52435"},"modified":"2023-09-07T06:29:52","modified_gmt":"2023-09-07T06:29:52","slug":"policia-civil-realiza-operacao-no-estado-do-rio-com-apoio-das-delegacias-de-campos-e-rio-das-ostras-no-rj-norte-fluminense-g1","status":"publish","type":"post","link":"https:\/\/blog.corretoraideal.com.br\/index.php\/2023\/09\/07\/policia-civil-realiza-operacao-no-estado-do-rio-com-apoio-das-delegacias-de-campos-e-rio-das-ostras-no-rj-norte-fluminense-g1\/","title":{"rendered":"Pol\u00edcia Civil realiza opera\u00e7\u00e3o no estado do Rio com apoio das delegacias de Campos e Rio das Ostras, no RJ | Norte Fluminense | G1"},"content":{"rendered":"\n<p> Os policiais civis da Delegacia de Roubos e Furtos de Autom\u00f3veis (DRFA) realizaram, nesta quarta-feira (9), mais uma etapa da \u201cOpera\u00e7\u00e3o Torniquete\u201d, visando prender envolvidos em recepta\u00e7\u00e3o de ve\u00edculos em cidades do estado do Rio de Janeiro. <\/p>\n<p> Agentes da 128\u00aa Delegacia de Pol\u00edcia, em <a class href=\"https:\/\/g1.globo.com\/rj\/regiao-dos-lagos\/cidade\/rio-das-ostras\/\">Rio das Ostras<\/a>; e da 134\u00aa Departamento de Pol\u00edcia, em <a class href=\"https:\/\/g1.globo.com\/rj\/norte-fluminense\/cidade\/campos-dos-goytacazes\/\">Campos dos Goytacazes<\/a>, atuaram em conjunto com a equipe da DRFA. <\/p>\n<p> De acordo a delegacia de Rio das Ostras, pela manh\u00e3, o alvo da opera\u00e7\u00e3o na cidade n\u00e3o havia sido localizado e houve a apreens\u00e3o de um carro suspeito de clonagem. <\/p>\n<p> J\u00e1 em bairros da Baixada Fluminense e em outros munic\u00edpios do interior do estado, dez pessoas haviam sido presas na parte da manh\u00e3. Dez ve\u00edculos clonados tamb\u00e9m foram recuperados. <\/p>\n<p> Segundo as investiga\u00e7\u00f5es, grande parte da venda dos carros e motos adulterados acontece pela internet, com pre\u00e7os que chegam at\u00e9 80% abaixo do valor de mercado. <\/p>\n<ul>\n<li> <a href=\"https:\/\/g1.globo.com\/rj\/norte-fluminense\/cidade\/campos-dos-goytacazes\/\" class=\"entities__list-itemLink\" data-track-click=\"Campos dos Goytacazes\"> Campos dos Goytacazes <\/a> <\/li>\n<li> <a href=\"https:\/\/g1.globo.com\/rj\/regiao-dos-lagos\/cidade\/rio-das-ostras\/\" class=\"entities__list-itemLink\" data-track-click=\"Rio das Ostras\"> Rio das Ostras <\/a> <\/li>\n<\/ul>\n","protected":false},"excerpt":{"rendered":"<p>Os policiais civis da Delegacia de Roubos e Furtos de Autom\u00f3veis (DRFA) realizaram, nesta quarta-feira (9), mais uma etapa da \u201cOpera\u00e7\u00e3o Torniquete\u201d, visando prender envolvidos em recepta\u00e7\u00e3o de ve\u00edculos em cidades do estado do Rio de Janeiro. Agentes da 128\u00aa Delegacia de Pol\u00edcia, em Rio das Ostras; e da 134\u00aa Departamento de Pol\u00edcia, em Campos [&hellip;]<\/p>\n","protected":false},"author":1,"featured_media":0,"comment_status":"closed","ping_status":"closed","sticky":false,"template":"","format":"standard","meta":{"footnotes":""},"categories":[],"tags":[],"class_list":["post-52435","post","type-post","status-publish","format-standard","hentry"],"_links":{"self":[{"href":"https:\/\/blog.corretoraideal.com.br\/index.php\/wp-json\/wp\/v2\/posts\/52435","targetHints":{"allow":["GET"]}}],"collection":[{"href":"https:\/\/blog.corretoraideal.com.br\/index.php\/wp-json\/wp\/v2\/posts"}],"about":[{"href":"https:\/\/blog.corretoraideal.com.br\/index.php\/wp-json\/wp\/v2\/types\/post"}],"author":[{"embeddable":true,"href":"https:\/\/blog.corretoraideal.com.br\/index.php\/wp-json\/wp\/v2\/users\/1"}],"replies":[{"embeddable":true,"href":"https:\/\/blog.corretoraideal.com.br\/index.php\/wp-json\/wp\/v2\/comments?post=52435"}],"version-history":[{"count":1,"href":"https:\/\/blog.corretoraideal.com.br\/index.php\/wp-json\/wp\/v2\/posts\/52435\/revisions"}],"predecessor-version":[{"id":52437,"href":"https:\/\/blog.corretoraideal.com.br\/index.php\/wp-json\/wp\/v2\/posts\/52435\/revisions\/52437"}],"wp:attachment":[{"href":"https:\/\/blog.corretoraideal.com.br\/index.php\/wp-json\/wp\/v2\/media?parent=52435"}],"wp:term":[{"taxonomy":"category","embeddable":true,"href":"https:\/\/blog.corretoraideal.com.br\/index.php\/wp-json\/wp\/v2\/categories?post=52435"},{"taxonomy":"post_tag","embeddable":true,"href":"https:\/\/blog.corretoraideal.com.br\/index.php\/wp-json\/wp\/v2\/tags?post=52435"}],"curies":[{"name":"wp","href":"https:\/\/api.w.org\/{rel}","templated":true}]}}