{"id":52438,"date":"2023-09-07T08:36:55","date_gmt":"2023-09-07T08:36:55","guid":{"rendered":"https:\/\/blog.corretoraideal.com.br\/?p=52438"},"modified":"2023-09-07T08:36:55","modified_gmt":"2023-09-07T08:36:55","slug":"caixa-vai-liberar-saque-do-fgts-para-moradores-de-municipios-do-rs-atingidos-por-ciclone-rio-grande-do-sul-g1","status":"publish","type":"post","link":"https:\/\/blog.corretoraideal.com.br\/index.php\/2023\/09\/07\/caixa-vai-liberar-saque-do-fgts-para-moradores-de-municipios-do-rs-atingidos-por-ciclone-rio-grande-do-sul-g1\/","title":{"rendered":"Caixa vai liberar saque do FGTS para moradores de munic\u00edpios do RS atingidos por ciclone | Rio Grande do Sul | G1"},"content":{"rendered":"\n<p> GIF home fotos destrui\u00e7\u00e3o causada por ciclone no RS \u2014 Foto: Arte\/g1 <\/p>\n<p> A <a class href=\"https:\/\/g1.globo.com\/tudo-sobre\/caixa-economica-federal\/\">Caixa Econ\u00f4mica Federal<\/a> informou nesta quarta-feira (6) que vai liberar o saque do Fundo de Garantia de Tempo de Servi\u00e7o (<a class href=\"https:\/\/g1.globo.com\/tudo-sobre\/fgts\/\">FGTS<\/a>) em raz\u00e3o de calamidade para trabalhadores que moram em munic\u00edpios do Rio Grande do Sul atingidos pelo ciclone. <\/p>\n<p> Para efetuar o saque, \u00e9 necess\u00e1rio possuir saldo na conta do FGTS e n\u00e3o ter realizado a opera\u00e7\u00e3o pelo mesmo motivo em per\u00edodo inferior a 12 meses. O valor m\u00e1ximo para retirada \u00e9 de <strong>R$\u202f6.220,00<\/strong>. <\/p>\n<p> Nesta quarta, o governador do estado, <a class href=\"https:\/\/g1.globo.com\/politica\/politico\/eduardo-leite\/\">Eduardo Leite<\/a> (<a class href=\"https:\/\/g1.globo.com\/politica\/partido\/psdb\/\">PSDB<\/a>), anunciou que vai <a class href=\"https:\/\/g1.globo.com\/rs\/rio-grande-do-sul\/noticia\/2023\/09\/06\/ciclone-no-rs-eu-vou-decretar-estado-de-calamidade-publica-afirma-governador-eduardo-leite.ghtml\">decretar estado de calamidade p\u00fablica no Rio Grande do Sul. <\/a>Segundo dados oficiais, <a class href=\"https:\/\/g1.globo.com\/rs\/rio-grande-do-sul\/noticia\/2023\/09\/06\/com-21-mortes-ultima-passagem-de-ciclone-extratropical-supera-a-maior-tragedia-natural-do-estado.ghtml\"> 37 pessoas morreram.<\/a> <\/p>\n<p> A Caixa lembrou que o saque calamidade do FGTS \u00e9 uma modalidade em que o trabalhador tem direito a sacar recursos da sua conta por necessidade pessoal, urgente e grave decorrente de desastre natural que tenha atingido a sua \u00e1rea de resid\u00eancia. <\/p>\n<p> Conforme as regras, para habilita\u00e7\u00e3o ao saque do FGTS \u00e9 necess\u00e1rio que o munic\u00edpio em estado de calamidade p\u00fablica ou situa\u00e7\u00e3o de emerg\u00eancia, devidamente reconhecidos por Portaria do Governo Federal, apresente \u00e0 Caixa a declara\u00e7\u00e3o das \u00e1reas que foram afetadas pelo desastre. <\/p>\n<p>         1 de 1&#013;Imagens mostram danos causados pela passagem de ciclone extratropical em Roca Sales \u2014 Foto: Lauro Alves\/Ag\u00eancia RBS    <\/p>\n<p> Imagens mostram danos causados pela passagem de ciclone extratropical em Roca Sales \u2014 Foto: Lauro Alves\/Ag\u00eancia RBS <\/p>\n<p><h2>Mais de 70 munic\u00edpios afetados<\/h2>\n<\/p>\n<p> De acordo com a Defesa Civil do Estado do Rio Grande do Sul, mais de 70 munic\u00edpios foram afetados pelo ciclone, sendo que 6 j\u00e1 estavam habilitados por outros desastres naturais e, portanto, podem solicitar a libera\u00e7\u00e3o do saque calamidade: Campo Novo, Rio Grande, S\u00e3o Jos\u00e9 do Norte, S\u00e3o Sebasti\u00e3o do Ca\u00ed, Sede Nova e Vera Cruz. <\/p>\n<p> O banco estatal informou, ainda, que est\u00e1 auxiliando as demais autoridades locais no sentido de agilizar a solicita\u00e7\u00e3o de habilita\u00e7\u00e3o para libera\u00e7\u00e3o dos valores aos trabalhadores residentes nas \u00e1reas afetadas. <\/p>\n<p> &quot;Ap\u00f3s a libera\u00e7\u00e3o, a popula\u00e7\u00e3o poder\u00e1 realizar o saque do FGTS de forma digital, no celular, de forma f\u00e1cil e r\u00e1pida pelo aplicativo FGTS, sem a necessidade de comparecer a uma ag\u00eancia. Ao registrar a solicita\u00e7\u00e3o \u00e9 poss\u00edvel indicar uma conta da Caixa, inclusive a Poupan\u00e7a Digital Caixa Tem, ou de qualquer outra institui\u00e7\u00e3o financeira, para receber os valores, sem nenhum custo&quot;, acrescentou. <\/p>\n<ul>\n<li> <a href=\"https:\/\/g1.globo.com\/tudo-sobre\/caixa-economica-federal\/\" class=\"entities__list-itemLink\" data-track-click=\"Caixa Econ\u00f4mica Federal\"> Caixa Econ\u00f4mica Federal <\/a> <\/li>\n<li> <a href=\"https:\/\/g1.globo.com\/politica\/politico\/eduardo-leite\/\" class=\"entities__list-itemLink\" data-track-click=\"Eduardo Leite\"> Eduardo Leite <\/a> <\/li>\n<li> <a href=\"https:\/\/g1.globo.com\/tudo-sobre\/fgts\/\" class=\"entities__list-itemLink\" data-track-click=\"FGTS\"> FGTS <\/a> <\/li>\n<li> <a href=\"https:\/\/g1.globo.com\/politica\/partido\/psdb\/\" class=\"entities__list-itemLink\" data-track-click=\"PSDB\"> PSDB <\/a> <\/li>\n<\/ul>\n","protected":false},"excerpt":{"rendered":"<p>GIF home fotos destrui\u00e7\u00e3o causada por ciclone no RS \u2014 Foto: Arte\/g1 A Caixa Econ\u00f4mica Federal informou nesta quarta-feira (6) que vai liberar o saque do Fundo de Garantia de Tempo de Servi\u00e7o (FGTS) em raz\u00e3o de calamidade para trabalhadores que moram em munic\u00edpios do Rio Grande do Sul atingidos pelo ciclone. Para efetuar o [&hellip;]<\/p>\n","protected":false},"author":1,"featured_media":0,"comment_status":"closed","ping_status":"closed","sticky":false,"template":"","format":"standard","meta":{"footnotes":""},"categories":[],"tags":[],"class_list":["post-52438","post","type-post","status-publish","format-standard","hentry"],"_links":{"self":[{"href":"https:\/\/blog.corretoraideal.com.br\/index.php\/wp-json\/wp\/v2\/posts\/52438","targetHints":{"allow":["GET"]}}],"collection":[{"href":"https:\/\/blog.corretoraideal.com.br\/index.php\/wp-json\/wp\/v2\/posts"}],"about":[{"href":"https:\/\/blog.corretoraideal.com.br\/index.php\/wp-json\/wp\/v2\/types\/post"}],"author":[{"embeddable":true,"href":"https:\/\/blog.corretoraideal.com.br\/index.php\/wp-json\/wp\/v2\/users\/1"}],"replies":[{"embeddable":true,"href":"https:\/\/blog.corretoraideal.com.br\/index.php\/wp-json\/wp\/v2\/comments?post=52438"}],"version-history":[{"count":1,"href":"https:\/\/blog.corretoraideal.com.br\/index.php\/wp-json\/wp\/v2\/posts\/52438\/revisions"}],"predecessor-version":[{"id":52440,"href":"https:\/\/blog.corretoraideal.com.br\/index.php\/wp-json\/wp\/v2\/posts\/52438\/revisions\/52440"}],"wp:attachment":[{"href":"https:\/\/blog.corretoraideal.com.br\/index.php\/wp-json\/wp\/v2\/media?parent=52438"}],"wp:term":[{"taxonomy":"category","embeddable":true,"href":"https:\/\/blog.corretoraideal.com.br\/index.php\/wp-json\/wp\/v2\/categories?post=52438"},{"taxonomy":"post_tag","embeddable":true,"href":"https:\/\/blog.corretoraideal.com.br\/index.php\/wp-json\/wp\/v2\/tags?post=52438"}],"curies":[{"name":"wp","href":"https:\/\/api.w.org\/{rel}","templated":true}]}}