{"id":52441,"date":"2023-09-07T11:32:45","date_gmt":"2023-09-07T11:32:45","guid":{"rendered":"https:\/\/blog.corretoraideal.com.br\/?p=52441"},"modified":"2023-09-07T11:32:45","modified_gmt":"2023-09-07T11:32:45","slug":"rio-tem-transito-lento-na-saida-para-o-feriadao-de-7-de-setembro-rio-de-janeiro-g1","status":"publish","type":"post","link":"https:\/\/blog.corretoraideal.com.br\/index.php\/2023\/09\/07\/rio-tem-transito-lento-na-saida-para-o-feriadao-de-7-de-setembro-rio-de-janeiro-g1\/","title":{"rendered":"Rio tem tr\u00e2nsito lento na sa\u00edda para o feriad\u00e3o de 7 de setembro | Rio de Janeiro | G1"},"content":{"rendered":"<p>      1 de 1&#013;Tr\u00e2nsito na Via Dutra \u2014 Foto: Reprodu\u00e7\u00e3o\/EcoRioMinas    <\/p>\n<p> Tr\u00e2nsito na Via Dutra \u2014 Foto: Reprodu\u00e7\u00e3o\/EcoRioMinas <\/p>\n<p> O fluxo de sa\u00edda da capital para outras regi\u00f5es do Rio come\u00e7ou intenso nesta quarta-feira (6), v\u00e9spera do feriado prolongado da Independ\u00eancia (7 de setembro). <\/p>\n<p> \u00c0s 15h30, havia 93 km de congestionamento, quase tr\u00eas vezes mais que a m\u00e9dia das \u00faltimas tr\u00eas quartas-feiras no mesmo hor\u00e1rio (35 km). \u00c0s 17h, havia 163 km (a m\u00e9dia \u00e9 de 95 km). <\/p>\n<p> Na sa\u00edda da cidade, as vias mais impactadas eram as de acesso \u00e0 Regi\u00e3o dos Lagos, como a Ponte Rio-<a class href=\"https:\/\/g1.globo.com\/rj\/rio-de-janeiro\/cidade\/niteroi\/\">Niter\u00f3i<\/a> e a Niter\u00f3i-Manilha (BR-101). <\/p>\n<p> Veja abaixo a situa\u00e7\u00e3o nas estradas e principais vias do Rio <strong>(atualizado \u00e0s 19h50):<\/strong> <\/p>\n<ul>\n<li><strong>Ponte Rio-Niter\u00f3i (BR-101)<\/strong>: travessia em 43 minutos (a travessia padr\u00e3o \u00e9 de 13 minutos)<\/li>\n<li><strong>Niter\u00f3i-Manilha (BR-101)<\/strong>: 17 km de lentid\u00e3o (do km 320, em Niter\u00f3i, ao km 316, em S\u00e3o Gon\u00e7alo, e do km 306, em S\u00e3o Gon\u00e7alo, ao km 293, em Itabora\u00ed <\/li>\n<li><strong>Rio-Santos (BR-101)<\/strong>: tr\u00e1fego normal<\/li>\n<li><strong>Via Lagos (RJ-124)<\/strong>:<strong> <\/strong>tr\u00e1fego normal<\/li>\n<li><strong>Via Dutra (BR-116)<\/strong>: 10 km de reten\u00e7\u00e3o entre os km 172 e km 176, e do km 178 ao km 184<\/li>\n<li><strong>Rio-Teres\u00f3polis (BR-116\/RJ)<\/strong>: lentid\u00e3o entre km 119 e km 118, na Baixada<\/li>\n<li><strong>Av. Brasil<\/strong>: tr\u00e2nsito com reten\u00e7\u00f5es desde Manguinhos;<\/li>\n<li><strong>Gas\u00f4metro <\/strong>com lentid\u00e3o<\/li>\n<li><strong>Linha Vermelha<\/strong>: congestionamento desde o Fund\u00e3o<\/li>\n<\/ul>\n<ul>\n<li> <a href=\"https:\/\/g1.globo.com\/rj\/regiao-dos-lagos\/cidade\/armacao-de-buzios\/\" class=\"entities__list-itemLink\" data-track-click=\"Arma\u00e7\u00e3o dos B\u00fazios\"> Arma\u00e7\u00e3o dos B\u00fazios <\/a> <\/li>\n<li> <a href=\"https:\/\/g1.globo.com\/rj\/regiao-dos-lagos\/cidade\/cabo-frio\/\" class=\"entities__list-itemLink\" data-track-click=\"Cabo Frio\"> Cabo Frio <\/a> <\/li>\n<li> <a href=\"https:\/\/g1.globo.com\/rj\/rio-de-janeiro\/cidade\/niteroi\/\" class=\"entities__list-itemLink\" data-track-click=\"Niter\u00f3i\"> Niter\u00f3i <\/a> <\/li>\n<li> <a href=\"https:\/\/g1.globo.com\/rj\/rio-de-janeiro\/cidade\/rio-de-janeiro\/\" class=\"entities__list-itemLink\" data-track-click=\"Rio de Janeiro\"> Rio de Janeiro <\/a> <\/li>\n<\/ul>\n","protected":false},"excerpt":{"rendered":"<p>1 de 1&#013;Tr\u00e2nsito na Via Dutra \u2014 Foto: Reprodu\u00e7\u00e3o\/EcoRioMinas Tr\u00e2nsito na Via Dutra \u2014 Foto: Reprodu\u00e7\u00e3o\/EcoRioMinas O fluxo de sa\u00edda da capital para outras regi\u00f5es do Rio come\u00e7ou intenso nesta quarta-feira (6), v\u00e9spera do feriado prolongado da Independ\u00eancia (7 de setembro). \u00c0s 15h30, havia 93 km de congestionamento, quase tr\u00eas vezes mais que a m\u00e9dia [&hellip;]<\/p>\n","protected":false},"author":1,"featured_media":0,"comment_status":"closed","ping_status":"closed","sticky":false,"template":"","format":"standard","meta":{"footnotes":""},"categories":[],"tags":[],"class_list":["post-52441","post","type-post","status-publish","format-standard","hentry"],"_links":{"self":[{"href":"https:\/\/blog.corretoraideal.com.br\/index.php\/wp-json\/wp\/v2\/posts\/52441","targetHints":{"allow":["GET"]}}],"collection":[{"href":"https:\/\/blog.corretoraideal.com.br\/index.php\/wp-json\/wp\/v2\/posts"}],"about":[{"href":"https:\/\/blog.corretoraideal.com.br\/index.php\/wp-json\/wp\/v2\/types\/post"}],"author":[{"embeddable":true,"href":"https:\/\/blog.corretoraideal.com.br\/index.php\/wp-json\/wp\/v2\/users\/1"}],"replies":[{"embeddable":true,"href":"https:\/\/blog.corretoraideal.com.br\/index.php\/wp-json\/wp\/v2\/comments?post=52441"}],"version-history":[{"count":1,"href":"https:\/\/blog.corretoraideal.com.br\/index.php\/wp-json\/wp\/v2\/posts\/52441\/revisions"}],"predecessor-version":[{"id":52443,"href":"https:\/\/blog.corretoraideal.com.br\/index.php\/wp-json\/wp\/v2\/posts\/52441\/revisions\/52443"}],"wp:attachment":[{"href":"https:\/\/blog.corretoraideal.com.br\/index.php\/wp-json\/wp\/v2\/media?parent=52441"}],"wp:term":[{"taxonomy":"category","embeddable":true,"href":"https:\/\/blog.corretoraideal.com.br\/index.php\/wp-json\/wp\/v2\/categories?post=52441"},{"taxonomy":"post_tag","embeddable":true,"href":"https:\/\/blog.corretoraideal.com.br\/index.php\/wp-json\/wp\/v2\/tags?post=52441"}],"curies":[{"name":"wp","href":"https:\/\/api.w.org\/{rel}","templated":true}]}}