{"id":52451,"date":"2023-09-07T13:30:14","date_gmt":"2023-09-07T13:30:14","guid":{"rendered":"https:\/\/blog.corretoraideal.com.br\/?p=52451"},"modified":"2023-09-07T13:30:14","modified_gmt":"2023-09-07T13:30:14","slug":"nestle-anuncia-compra-da-kopenhagen-economia-g1","status":"publish","type":"post","link":"https:\/\/blog.corretoraideal.com.br\/index.php\/2023\/09\/07\/nestle-anuncia-compra-da-kopenhagen-economia-g1\/","title":{"rendered":"Nestl\u00e9 anuncia compra da Kopenhagen | Economia | G1"},"content":{"rendered":"<p>      1 de 1&#013;Cerejas s\u00e3o banhadas em chocolate durante processo de produ\u00e7\u00e3o do bombom Cherry Brandy, da Kopenhagen \u2014 Foto: F\u00e1bio Tito\/G1    <\/p>\n<p> Cerejas s\u00e3o banhadas em chocolate durante processo de produ\u00e7\u00e3o do bombom Cherry Brandy, da Kopenhagen \u2014 Foto: F\u00e1bio Tito\/G1 <\/p>\n<p> A Nestl\u00e9 Brasil assinou nesta quinta-feira (07) o contrato para compra das marcas Kopenhagen e Brasil Cacau, do Grupo CRM. A conclus\u00e3o da negocia\u00e7\u00e3o ainda precisa ser aprovada pelo Conselho Administrativo de Defesa Econ\u00f4mica (Cade) com expectativa para o fechamento da transa\u00e7\u00e3o em 2024. O valor da negocia\u00e7\u00e3o n\u00e3o foi divulgado. <\/p>\n<p> O Grupo CRM \u00e9 um dos maiores franqueados com mais de 1.000 lojas espalhadas pelo Brasil. Ap\u00f3s a negocia\u00e7\u00e3o, a presid\u00eancia da companhia ainda ficar\u00e1 sob gest\u00e3o de Renata Moraes Vichi, que est\u00e1 na empresa h\u00e1 25 anos. <\/p>\n<p> \u201cConsideramos essencial para o sucesso da transa\u00e7\u00e3o a perman\u00eancia da Renata na gest\u00e3o por seu profundo conhecimento do neg\u00f3cio, resultados e pela paix\u00e3o com a qual vem conduzindo a empresa nos \u00faltimos 25 anos, culminando em uma trajet\u00f3ria consistente de desenvolvimento\u201d, afirma Marcelo Melchior, CEO da Nestl\u00e9 Brasil. \u201cEntendemos que temos uma grande oportunidade de acelerarmos segmentos de maior valor agregado, fortalecendo ainda mais a categoria de Chocolates no Brasil.\u201d <\/p>\n<ul> <\/ul>\n","protected":false},"excerpt":{"rendered":"<p>1 de 1&#013;Cerejas s\u00e3o banhadas em chocolate durante processo de produ\u00e7\u00e3o do bombom Cherry Brandy, da Kopenhagen \u2014 Foto: F\u00e1bio Tito\/G1 Cerejas s\u00e3o banhadas em chocolate durante processo de produ\u00e7\u00e3o do bombom Cherry Brandy, da Kopenhagen \u2014 Foto: F\u00e1bio Tito\/G1 A Nestl\u00e9 Brasil assinou nesta quinta-feira (07) o contrato para compra das marcas Kopenhagen e [&hellip;]<\/p>\n","protected":false},"author":1,"featured_media":0,"comment_status":"closed","ping_status":"closed","sticky":false,"template":"","format":"standard","meta":{"footnotes":""},"categories":[],"tags":[],"class_list":["post-52451","post","type-post","status-publish","format-standard","hentry"],"_links":{"self":[{"href":"https:\/\/blog.corretoraideal.com.br\/index.php\/wp-json\/wp\/v2\/posts\/52451","targetHints":{"allow":["GET"]}}],"collection":[{"href":"https:\/\/blog.corretoraideal.com.br\/index.php\/wp-json\/wp\/v2\/posts"}],"about":[{"href":"https:\/\/blog.corretoraideal.com.br\/index.php\/wp-json\/wp\/v2\/types\/post"}],"author":[{"embeddable":true,"href":"https:\/\/blog.corretoraideal.com.br\/index.php\/wp-json\/wp\/v2\/users\/1"}],"replies":[{"embeddable":true,"href":"https:\/\/blog.corretoraideal.com.br\/index.php\/wp-json\/wp\/v2\/comments?post=52451"}],"version-history":[{"count":1,"href":"https:\/\/blog.corretoraideal.com.br\/index.php\/wp-json\/wp\/v2\/posts\/52451\/revisions"}],"predecessor-version":[{"id":52453,"href":"https:\/\/blog.corretoraideal.com.br\/index.php\/wp-json\/wp\/v2\/posts\/52451\/revisions\/52453"}],"wp:attachment":[{"href":"https:\/\/blog.corretoraideal.com.br\/index.php\/wp-json\/wp\/v2\/media?parent=52451"}],"wp:term":[{"taxonomy":"category","embeddable":true,"href":"https:\/\/blog.corretoraideal.com.br\/index.php\/wp-json\/wp\/v2\/categories?post=52451"},{"taxonomy":"post_tag","embeddable":true,"href":"https:\/\/blog.corretoraideal.com.br\/index.php\/wp-json\/wp\/v2\/tags?post=52451"}],"curies":[{"name":"wp","href":"https:\/\/api.w.org\/{rel}","templated":true}]}}