{"id":52454,"date":"2023-09-07T16:32:22","date_gmt":"2023-09-07T16:32:22","guid":{"rendered":"https:\/\/blog.corretoraideal.com.br\/?p=52454"},"modified":"2023-09-07T16:32:22","modified_gmt":"2023-09-07T16:32:22","slug":"confira-as-vagas-de-trabalho-desta-semana-nas-cidades-de-campos-macae-e-itaperuna-norte-fluminense-g1","status":"publish","type":"post","link":"https:\/\/blog.corretoraideal.com.br\/index.php\/2023\/09\/07\/confira-as-vagas-de-trabalho-desta-semana-nas-cidades-de-campos-macae-e-itaperuna-norte-fluminense-g1\/","title":{"rendered":"Confira as vagas de trabalho desta semana nas cidades de Campos, Maca\u00e9 e Itaperuna | Norte Fluminense | G1"},"content":{"rendered":"\n<p> As prefeituras de <a class href=\"https:\/\/g1.globo.com\/rj\/norte-fluminense\/cidade\/campos-dos-goytacazes\/\">Campos dos Goytacazes<\/a>, <a class href=\"https:\/\/g1.globo.com\/rj\/regiao-dos-lagos\/cidade\/macae\/\">Maca\u00e9<\/a> e <a class href=\"https:\/\/g1.globo.com\/rj\/norte-fluminense\/cidade\/itaperuna\/\">Itaperuna<\/a> divulgaram as vagas de emprego disponibilizadas para as regi\u00f5es Norte e Noroeste do Estado do Rio. <\/p>\n<p> As oportunidades s\u00e3o atualizadas diariamente e h\u00e1 vagas para todos os n\u00edveis de escolaridade. <\/p>\n<p><h2><strong>Campos<\/strong><\/h2>\n<\/p>\n<p> Em Campos, s\u00e3o 133 vagas em diferentes \u00e1reas, entre elas: <\/p>\n<ul>\n<li>Corretor de im\u00f3veis<\/li>\n<li>Motorista de caminh\u00e3o<\/li>\n<li>A\u00e7ougueiro<\/li>\n<li>Jovem aprendiz\/Auxiliar de padeiro<\/li>\n<li>Gar\u00e7om<\/li>\n<li>Cozinheiro<\/li>\n<li>Existem vagas tamb\u00e9m para pessoas com defici\u00eancia (PCD), para atuarem na organiza\u00e7\u00e3o de documentos, atendimento ao p\u00fablico e rotinas administrativas em geral.<\/li>\n<\/ul>\n<p><h2><strong>Maca\u00e9<\/strong><\/h2>\n<\/p>\n<ul>\n<li>A\u00e7ougueiro<\/li>\n<li>Atendente de cafeteira<\/li>\n<li>Auxiliar de vendas externo<\/li>\n<li>Cozinheiro<\/li>\n<li>Repositor<\/li>\n<li>Recepcionista de oficina<\/li>\n<li>Supervisor comercial<\/li>\n<li>Inspetor de solda n1<\/li>\n<\/ul>\n<p><h2><strong>Itaperuna<\/strong><\/h2>\n<\/p>\n<p> J\u00e1 em Itaperuna as vagas s\u00e3o para: <\/p>\n<ul>\n<li>Motorista<\/li>\n<li>Operador de empilhadeira<\/li>\n<li>Ajudante de armaz\u00e9m<\/li>\n<li>Ajudante de distribui\u00e7\u00e3o<\/li>\n<li>Auxiliar de produ\u00e7\u00e3o<\/li>\n<li>Servente de limpeza <\/li>\n<li>Auxiliar de servi\u00e7os gerais <\/li>\n<\/ul>\n<p> Os interessados nas oportunidades podem entrar em contato com os \u00f3rg\u00e3os atrav\u00e9s dos sites: <\/p>\n<p> Em Maca\u00e9 &#8211; <a class href=\"https:\/\/sistemas.macae.rj.gov.br:84\/trabalhoerenda\/index\/mural\" target=\"_blank\" rel=\"noopener noreferrer\">https:\/\/sistemas.macae.rj.gov.br:84\/trabalhoerenda\/index\/mural<\/a> <\/p>\n<p> Em Campos dos Goytacazes &#8211; <a class href=\"https:\/\/sistemas.campos.rj.gov.br\/sgbemp\/vagas\" target=\"_blank\" rel=\"noopener noreferrer\">https:\/\/sistemas.campos.rj.gov.br\/sgbemp\/vagas<\/a> <\/p>\n<p> Em Itaperuna &#8211; Por meio do e-mail <a class href=\"http:\/\/acessuastrabalhoitaperuna@gmail.com\" target=\"_blank\" rel=\"noopener noreferrer\">acessuastrabalhoitaperuna@gmail.com<\/a> <\/p>\n<p> Lembrando que em Itaperuna, quem n\u00e3o tem curr\u00edculo, pode comparecer pessoalmente ao Acessuas &#8211; Acesso ao Mundo do Trabalho, na Rua S\u00e3o Jos\u00e9, 104, no Centro de Itaperuna, munido com a identidade, CPF, comprovante de resid\u00eancia e carteira de trabalho (caso tenha), das 9h \u00e0s 16h, de segunda a sexta-feira. O local n\u00e3o fecha para almo\u00e7o. <\/p>\n<ul>\n<li> <a href=\"https:\/\/g1.globo.com\/rj\/norte-fluminense\/cidade\/campos-dos-goytacazes\/\" class=\"entities__list-itemLink\" data-track-click=\"Campos dos Goytacazes\"> Campos dos Goytacazes <\/a> <\/li>\n<li> <a href=\"https:\/\/g1.globo.com\/rj\/norte-fluminense\/cidade\/itaperuna\/\" class=\"entities__list-itemLink\" data-track-click=\"Itaperuna\"> Itaperuna <\/a> <\/li>\n<li> <a href=\"https:\/\/g1.globo.com\/rj\/regiao-dos-lagos\/cidade\/macae\/\" class=\"entities__list-itemLink\" data-track-click=\"Maca\u00e9\"> Maca\u00e9 <\/a> <\/li>\n<\/ul>\n","protected":false},"excerpt":{"rendered":"<p>As prefeituras de Campos dos Goytacazes, Maca\u00e9 e Itaperuna divulgaram as vagas de emprego disponibilizadas para as regi\u00f5es Norte e Noroeste do Estado do Rio. As oportunidades s\u00e3o atualizadas diariamente e h\u00e1 vagas para todos os n\u00edveis de escolaridade. Campos Em Campos, s\u00e3o 133 vagas em diferentes \u00e1reas, entre elas: Corretor de im\u00f3veis Motorista de [&hellip;]<\/p>\n","protected":false},"author":1,"featured_media":0,"comment_status":"closed","ping_status":"closed","sticky":false,"template":"","format":"standard","meta":{"footnotes":""},"categories":[],"tags":[],"class_list":["post-52454","post","type-post","status-publish","format-standard","hentry"],"_links":{"self":[{"href":"https:\/\/blog.corretoraideal.com.br\/index.php\/wp-json\/wp\/v2\/posts\/52454","targetHints":{"allow":["GET"]}}],"collection":[{"href":"https:\/\/blog.corretoraideal.com.br\/index.php\/wp-json\/wp\/v2\/posts"}],"about":[{"href":"https:\/\/blog.corretoraideal.com.br\/index.php\/wp-json\/wp\/v2\/types\/post"}],"author":[{"embeddable":true,"href":"https:\/\/blog.corretoraideal.com.br\/index.php\/wp-json\/wp\/v2\/users\/1"}],"replies":[{"embeddable":true,"href":"https:\/\/blog.corretoraideal.com.br\/index.php\/wp-json\/wp\/v2\/comments?post=52454"}],"version-history":[{"count":1,"href":"https:\/\/blog.corretoraideal.com.br\/index.php\/wp-json\/wp\/v2\/posts\/52454\/revisions"}],"predecessor-version":[{"id":52456,"href":"https:\/\/blog.corretoraideal.com.br\/index.php\/wp-json\/wp\/v2\/posts\/52454\/revisions\/52456"}],"wp:attachment":[{"href":"https:\/\/blog.corretoraideal.com.br\/index.php\/wp-json\/wp\/v2\/media?parent=52454"}],"wp:term":[{"taxonomy":"category","embeddable":true,"href":"https:\/\/blog.corretoraideal.com.br\/index.php\/wp-json\/wp\/v2\/categories?post=52454"},{"taxonomy":"post_tag","embeddable":true,"href":"https:\/\/blog.corretoraideal.com.br\/index.php\/wp-json\/wp\/v2\/tags?post=52454"}],"curies":[{"name":"wp","href":"https:\/\/api.w.org\/{rel}","templated":true}]}}