{"id":52464,"date":"2023-09-07T23:29:37","date_gmt":"2023-09-07T23:29:37","guid":{"rendered":"https:\/\/blog.corretoraideal.com.br\/?p=52464"},"modified":"2023-09-07T23:29:37","modified_gmt":"2023-09-07T23:29:37","slug":"de-onde-vem-55-calca-jeans-de-onde-vem-o-que-eu-como-g1","status":"publish","type":"post","link":"https:\/\/blog.corretoraideal.com.br\/index.php\/2023\/09\/07\/de-onde-vem-55-calca-jeans-de-onde-vem-o-que-eu-como-g1\/","title":{"rendered":"De onde vem #55: Cal\u00e7a jeans | De onde vem o que eu como | G1"},"content":{"rendered":"\n<p> <strong>CLIQUE ACIMA PARA OUVIR<\/strong> <\/p>\n<p> <strong>Voc\u00ea pode ouvir o &quot;<\/strong><a class href=\"https:\/\/g1.globo.com\/podcast\/de-onde-vem-o-que-eu-como\/\"><strong>De onde vem o que eu como<\/strong><\/a><strong>&quot; no <\/strong><a class href=\"https:\/\/globoplay.globo.com\/podcasts\/de-onde-vem-o-que-eu-como\/c1c124d3-469d-4637-b292-69c79c1ada24\/\"><strong>Globoplay<\/strong><\/a><strong>, no <\/strong><a class href=\"https:\/\/open.spotify.com\/show\/6IIS3TVrqJVcOCsuzVwM6i\" target=\"_blank\" rel=\"noopener noreferrer\"><strong>Spotify<\/strong><\/a><strong>, no <\/strong><a class href=\"https:\/\/castbox.fm\/channel\/De-onde-vem-o-que-eu-como-id5031821?country=br\" target=\"_blank\" rel=\"noopener noreferrer\"><strong>Castbox<\/strong><\/a><strong>, no <\/strong><a class href=\"https:\/\/podcasts.google.com\/feed\/aHR0cHM6Ly93d3cub21ueWNvbnRlbnQuY29tL2QvcGxheWxpc3QvNjUxYTI1MWUtMDZlMS00N2UwLTkzMzYtYWM1YTAwZjQxNjI4LzY2ODM3M2RhLTc5ZWItNDlkYi05MmM0LWFlZTgwMGYyYmYyNC8xOGQwZmJiOS03MmVmLTRiNmQtYjc2NS1hZWU4MDBmMmMxNzkvcG9kY2FzdC5yc3M?sa=X&amp;ved=0CAcQrrcFahcKEwiYt_6P48H5AhUAAAAAHQAAAAAQAg\" target=\"_blank\" rel=\"noopener noreferrer\"><strong>Google Podcasts<\/strong><\/a><strong>, no <\/strong><a class href=\"https:\/\/podcasts.apple.com\/us\/podcast\/de-onde-vem-o-que-eu-como\/id1638772710\" target=\"_blank\" rel=\"noopener noreferrer\"><strong>Apple Podcasts<\/strong><\/a><strong>, na <\/strong><a class href=\"https:\/\/www.deezer.com\/br\/show\/4494077?utm_campaign=whatsapp-message&amp;utm_source=user_sharing&amp;utm_medium=mobile&amp;utm_content=talk_show-4494077&amp;deferredFl=1\" target=\"_blank\" rel=\"noopener noreferrer\"><strong>Deezer<\/strong><\/a><strong> ou na sua plataforma de \u00e1udio preferida. Assine ou siga o \u201cDe onde vem\u201d para ser avisado sempre que tiver novo epis\u00f3dio. <\/strong> <\/p>\n<p> O Brasil \u00e9 um dos maiores produtores mundiais do denim, feito a partir do algod\u00e3o. <\/p>\n<p> Neste epis\u00f3dio do podcast <a class href=\"https:\/\/g1.globo.com\/podcast\/de-onde-vem-o-que-eu-como\/\">De onde vem<\/a>, voc\u00ea vai saber: <\/p>\n<ul>\n<li>Qual \u00e9 a diferen\u00e7a entre denim e jeans; <\/li>\n<li>Quais informa\u00e7\u00f5es est\u00e3o dispon\u00edveis nas cal\u00e7as jeans com QR Code; <\/li>\n<li>Quais desafios o setor enfrenta para ser mais sustent\u00e1vel. <\/li>\n<\/ul>\n<p> O podcast &#x27;<a class href=\"https:\/\/g1.globo.com\/podcast\/de-onde-vem-o-que-eu-como\/\">De onde vem o que eu como<\/a> \u00e9 produzido por: M\u00f4nica Mariotti, Luciana de Oliveira, Carol Lorencetti e Eto Osclighter.  <\/p>\n<p> Apresenta\u00e7\u00e3o deste epis\u00f3dio: Luciana de Oliveira e Carol Lorencetti.  <\/p>\n<p>         1 de 2&#013;Cal\u00e7a jeans vem do algod\u00e3o. \u2014 Foto: Jason Leung \/ Unsplash    <\/p>\n<p> Cal\u00e7a jeans vem do algod\u00e3o. \u2014 Foto: Jason Leung \/ Unsplash <\/p>\n<ul>\n<li><strong>DE ONDE VEM:<\/strong> <a class href=\"https:\/\/g1.globo.com\/economia\/agronegocios\/agro-de-gente-pra-gente\/noticia\/2022\/08\/09\/de-onde-vem-o-que-eu-como-serie-do-g1-mostra-caminho-da-comida-ate-a-sua-mesa.ghtml\">veja os v\u00eddeos da s\u00e9rie<\/a><\/li>\n<li><strong>\u00d3LEO VEGETAL:<\/strong><a class href=\"https:\/\/g1.globo.com\/economia\/agronegocios\/noticia\/2023\/08\/25\/oleo-vegetal-saiba-quanto-consumir-por-dia.ghtml\"> quanto posso consumir por dia? Posso reutilizar para fritar?<\/a><\/li>\n<\/ul>\n<p> <strong>?OU\u00c7A OUTROS EPIS\u00d3DIOS:<\/strong> <\/p>\n<p>                         2 de 2&#013;Cal\u00e7a jeans \u00e9 o tema do 55\u00ba epis\u00f3dio do podcast &#039;De onde vem o que eu como&#039;. \u2014 Foto: Comunica\u00e7\u00e3o\/Globo    <\/p>\n<p> Cal\u00e7a jeans \u00e9 o tema do 55\u00ba epis\u00f3dio do podcast &#039;De onde vem o que eu como&#039;. \u2014 Foto: Comunica\u00e7\u00e3o\/Globo <\/p>\n<ul> <\/ul>\n","protected":false},"excerpt":{"rendered":"<p>CLIQUE ACIMA PARA OUVIR Voc\u00ea pode ouvir o &quot;De onde vem o que eu como&quot; no Globoplay, no Spotify, no Castbox, no Google Podcasts, no Apple Podcasts, na Deezer ou na sua plataforma de \u00e1udio preferida. Assine ou siga o \u201cDe onde vem\u201d para ser avisado sempre que tiver novo epis\u00f3dio. O Brasil \u00e9 um [&hellip;]<\/p>\n","protected":false},"author":1,"featured_media":0,"comment_status":"closed","ping_status":"closed","sticky":false,"template":"","format":"standard","meta":{"footnotes":""},"categories":[],"tags":[],"class_list":["post-52464","post","type-post","status-publish","format-standard","hentry"],"_links":{"self":[{"href":"https:\/\/blog.corretoraideal.com.br\/index.php\/wp-json\/wp\/v2\/posts\/52464","targetHints":{"allow":["GET"]}}],"collection":[{"href":"https:\/\/blog.corretoraideal.com.br\/index.php\/wp-json\/wp\/v2\/posts"}],"about":[{"href":"https:\/\/blog.corretoraideal.com.br\/index.php\/wp-json\/wp\/v2\/types\/post"}],"author":[{"embeddable":true,"href":"https:\/\/blog.corretoraideal.com.br\/index.php\/wp-json\/wp\/v2\/users\/1"}],"replies":[{"embeddable":true,"href":"https:\/\/blog.corretoraideal.com.br\/index.php\/wp-json\/wp\/v2\/comments?post=52464"}],"version-history":[{"count":1,"href":"https:\/\/blog.corretoraideal.com.br\/index.php\/wp-json\/wp\/v2\/posts\/52464\/revisions"}],"predecessor-version":[{"id":52466,"href":"https:\/\/blog.corretoraideal.com.br\/index.php\/wp-json\/wp\/v2\/posts\/52464\/revisions\/52466"}],"wp:attachment":[{"href":"https:\/\/blog.corretoraideal.com.br\/index.php\/wp-json\/wp\/v2\/media?parent=52464"}],"wp:term":[{"taxonomy":"category","embeddable":true,"href":"https:\/\/blog.corretoraideal.com.br\/index.php\/wp-json\/wp\/v2\/categories?post=52464"},{"taxonomy":"post_tag","embeddable":true,"href":"https:\/\/blog.corretoraideal.com.br\/index.php\/wp-json\/wp\/v2\/tags?post=52464"}],"curies":[{"name":"wp","href":"https:\/\/api.w.org\/{rel}","templated":true}]}}