{"id":52467,"date":"2023-09-08T00:29:35","date_gmt":"2023-09-08T00:29:35","guid":{"rendered":"https:\/\/blog.corretoraideal.com.br\/?p=52467"},"modified":"2023-09-08T00:29:35","modified_gmt":"2023-09-08T00:29:35","slug":"google-cria-regras-para-uso-de-inteligencia-artificial-em-videos-de-campanha-politica-tecnologia-g1","status":"publish","type":"post","link":"https:\/\/blog.corretoraideal.com.br\/index.php\/2023\/09\/08\/google-cria-regras-para-uso-de-inteligencia-artificial-em-videos-de-campanha-politica-tecnologia-g1\/","title":{"rendered":"Google cria regras para uso de intelig\u00eancia artificial em v\u00eddeos de campanha pol\u00edtica | Tecnologia | G1"},"content":{"rendered":"<p>                <img loading=\"lazy\" decoding=\"async\" class=\"aligncenter size-full wp-image-52469\" src=\"https:\/\/blog.corretoraideal.com.br\/wp-content\/uploads\/2023\/09\/diogo-cortiz-comenta-os-perigos-da-inteligencia-artificial-nas-democracias.jpeg\" alt=\"Diogo Cortiz comenta os perigos da intelig\u00eancia artificial nas democracias\" width=\"800\" height=\"400\" \/>      <\/p>\n<p> Diogo Cortiz comenta os perigos da intelig\u00eancia artificial nas democracias <\/p>\n<p> O <a class href=\"https:\/\/g1.globo.com\/tudo-sobre\/google\/\">Google<\/a> vai exigir que os an\u00fancios pol\u00edticos que usam intelig\u00eancia artificial venham com um aviso de que as imagens ou sons foram alterados. <\/p>\n<p> A regra vai valer para an\u00fancios pol\u00edticos no YouTube ou em outras plataformas da empresa. O aviso precisar\u00e1 estar em um lugar f\u00e1cil de notar na tela. Se a regra n\u00e3o for respeitada, o an\u00fancio ser\u00e1 derrubado. <\/p>\n<p> O Google n\u00e3o est\u00e1 proibindo completamente a intelig\u00eancia artificial na publicidade pol\u00edtica. A intelig\u00eancia artificial pode ser usada para mudar as imagens, corrigir as cores do v\u00eddeo, defeitos, edi\u00e7\u00f5es de fundo etc. <\/p>\n<p> Se o uso de intelig\u00eancia artificial n\u00e3o for relevante para a mensagem, o Google n\u00e3o vai proibir o uso. <\/p>\n<p> A nova regra vai entrar em vigor em novembro. <\/p>\n<p> No ano que vem, h\u00e1 elei\u00e7\u00f5es nos Estados Unidos, \u00cdndia, \u00c1frica do Sul, Uni\u00e3o Europeia e outras regi\u00f5es onde o Google j\u00e1 possui um processo de verifica\u00e7\u00e3o para anunciantes eleitorais. <\/p>\n<p>         1 de 1&#013;V\u00eddeo criado por intelig\u00eancia artificial usa o rosto do presidente dos EUA, Joe Biden, no corpo de um dan\u00e7arino. \u2014 Foto: GloboNews    <\/p>\n<p> V\u00eddeo criado por intelig\u00eancia artificial usa o rosto do presidente dos EUA, Joe Biden, no corpo de um dan\u00e7arino. \u2014 Foto: GloboNews <\/p>\n<p><h2>Intelig\u00eancia artificial<\/h2>\n<\/p>\n<p> Imagens, v\u00eddeos ou arquivos de \u00e1udio falsos n\u00e3o s\u00e3o novidade na publicidade pol\u00edtica, mas as ferramentas de intelig\u00eancia artificial generativa facilitam essas falsifica\u00e7\u00f5es e as tornam mais realistas. <\/p>\n<p> Algumas campanhas presidenciais na corrida de 2024, incluindo a do governador republicano da Fl\u00f3rida, Ron DeSantis, j\u00e1 est\u00e3o usando essa tecnologia. <\/p>\n<p> Em abril, o Comit\u00ea Nacional Republicano lan\u00e7ou um an\u00fancio inteiramente gerado por intelig\u00eancia artificial que mostrava uma vers\u00e3o de como seria o futuro dos EUA se o presidente Joe Biden for reeleito. Ele usou fotos falsas, mas realistas, mostrando lojas fechadas com t\u00e1buas nas janelas, patrulhas militares blindadas nas ruas e ondas de imigrantes causando p\u00e2nico. <\/p>\n<p> Em junho, a campanha de DeSantis compartilhou um an\u00fancio contra Donald Trump, que usou imagens geradas por intelig\u00eancia artificial do ex-presidente abra\u00e7ando Anthony Fauci, o l\u00edder da resposta dos EUA \u00e0 pandemia, e uma pessoa criticada pela direita no pa\u00eds. <\/p>\n<p><h2>Regulamenta\u00e7\u00e3o de Estado<\/h2>\n<\/p>\n<p> No m\u00eas passado, a Comiss\u00e3o Federal de Elei\u00e7\u00f5es iniciou um processo para regulamentar deepfakes (ou seja, imagens falsas realistas) gerados por intelig\u00eancia artifical em an\u00fancios pol\u00edticos antes das elei\u00e7\u00f5es de 2024. Esses deepfakes podem imitar a voz e a imagem de pol\u00edticos &#8211;ou seja, podem fazer um v\u00eddeo realista que inclui algo que o pr\u00f3prio pol\u00edtico nunca disse. <\/p>\n<p> A senadora democrata Amy Klobuchar afirmou em comunicado que o an\u00fancio do Google foi um passo na dire\u00e7\u00e3o certa, mas &quot;n\u00e3o podemos depender apenas de compromissos volunt\u00e1rios&quot;. <\/p>\n<p> V\u00e1rios estados tamb\u00e9m discutiram ou aprovaram legisla\u00e7\u00e3o relacionada \u00e0 tecnologia deepfake. <\/p>\n<p> Essa decis\u00e3o do Google pode levar outras empresas a adotar pol\u00edticas parecidas. O Facebook e o Instagram, controlados pela Meta, n\u00e3o t\u00eam uma regra espec\u00edfica para an\u00fancios pol\u00edticos gerados por intelig\u00eancia artifical, mas j\u00e1 restringem \u00e1udio e imagens &quot;falsificados, manipulados ou transformados&quot; usados para desinforma\u00e7\u00e3o. O TikTok n\u00e3o permite nenhum an\u00fancio pol\u00edtico. A rede social X, anteriormente conhecida como Twitter, n\u00e3o respondeu imediatamente a um pedido de coment\u00e1rio por e-mail. <\/p>\n<ul>\n<li> <a href=\"https:\/\/g1.globo.com\/tudo-sobre\/google\/\" class=\"entities__list-itemLink\" data-track-click=\"Google\"> Google <\/a> <\/li>\n<\/ul>\n","protected":false},"excerpt":{"rendered":"<p>Diogo Cortiz comenta os perigos da intelig\u00eancia artificial nas democracias O Google vai exigir que os an\u00fancios pol\u00edticos que usam intelig\u00eancia artificial venham com um aviso de que as imagens ou sons foram alterados. A regra vai valer para an\u00fancios pol\u00edticos no YouTube ou em outras plataformas da empresa. O aviso precisar\u00e1 estar em um [&hellip;]<\/p>\n","protected":false},"author":1,"featured_media":0,"comment_status":"closed","ping_status":"closed","sticky":false,"template":"","format":"standard","meta":{"footnotes":""},"categories":[],"tags":[],"class_list":["post-52467","post","type-post","status-publish","format-standard","hentry"],"_links":{"self":[{"href":"https:\/\/blog.corretoraideal.com.br\/index.php\/wp-json\/wp\/v2\/posts\/52467","targetHints":{"allow":["GET"]}}],"collection":[{"href":"https:\/\/blog.corretoraideal.com.br\/index.php\/wp-json\/wp\/v2\/posts"}],"about":[{"href":"https:\/\/blog.corretoraideal.com.br\/index.php\/wp-json\/wp\/v2\/types\/post"}],"author":[{"embeddable":true,"href":"https:\/\/blog.corretoraideal.com.br\/index.php\/wp-json\/wp\/v2\/users\/1"}],"replies":[{"embeddable":true,"href":"https:\/\/blog.corretoraideal.com.br\/index.php\/wp-json\/wp\/v2\/comments?post=52467"}],"version-history":[{"count":1,"href":"https:\/\/blog.corretoraideal.com.br\/index.php\/wp-json\/wp\/v2\/posts\/52467\/revisions"}],"predecessor-version":[{"id":52470,"href":"https:\/\/blog.corretoraideal.com.br\/index.php\/wp-json\/wp\/v2\/posts\/52467\/revisions\/52470"}],"wp:attachment":[{"href":"https:\/\/blog.corretoraideal.com.br\/index.php\/wp-json\/wp\/v2\/media?parent=52467"}],"wp:term":[{"taxonomy":"category","embeddable":true,"href":"https:\/\/blog.corretoraideal.com.br\/index.php\/wp-json\/wp\/v2\/categories?post=52467"},{"taxonomy":"post_tag","embeddable":true,"href":"https:\/\/blog.corretoraideal.com.br\/index.php\/wp-json\/wp\/v2\/tags?post=52467"}],"curies":[{"name":"wp","href":"https:\/\/api.w.org\/{rel}","templated":true}]}}