{"id":52471,"date":"2023-09-08T02:30:08","date_gmt":"2023-09-08T02:30:08","guid":{"rendered":"https:\/\/blog.corretoraideal.com.br\/?p=52471"},"modified":"2023-09-08T02:30:08","modified_gmt":"2023-09-08T02:30:08","slug":"homem-e-preso-suspeito-de-matar-sogro-em-italva-no-rj-norte-fluminense-g1","status":"publish","type":"post","link":"https:\/\/blog.corretoraideal.com.br\/index.php\/2023\/09\/08\/homem-e-preso-suspeito-de-matar-sogro-em-italva-no-rj-norte-fluminense-g1\/","title":{"rendered":"Homem \u00e9 preso suspeito de matar sogro em Italva, no RJ | Norte Fluminense | G1"},"content":{"rendered":"<p>      1 de 1&#013;Arma usada no crime contra Waldir Nogueira Soriano, de 72 anos, em Italva, foi apreendida pela Pol\u00edcia Militar \u2014 Foto: PM\/Divulga\u00e7\u00e3o    <\/p>\n<p> Arma usada no crime contra Waldir Nogueira Soriano, de 72 anos, em Italva, foi apreendida pela Pol\u00edcia Militar \u2014 Foto: PM\/Divulga\u00e7\u00e3o <\/p>\n<p> Um homem de 37 anos foi preso suspeito de matar o sogro a tiros em <a class href=\"https:\/\/g1.globo.com\/rj\/norte-fluminense\/cidade\/italva\/\">Italva<\/a>, no Noroeste do Rio, nesta quarta-feira (6). O corpo de Waldir Nogueira Soriano, de 72 anos, foi enterrado no fim da tarde desta quinta (7). <\/p>\n<p> Policiais militares foram ao bairro Saudade, na casa da v\u00edtima, e a equipe do Corpo de Bombeiros j\u00e1 havia constatado a morte do homem no local. Segundo a pol\u00edcia, o homem fugiu em um ve\u00edculo depois dos tiros. <\/p>\n<p> Den\u00fancias apontaram que o suspeito tinha ido para o distrito de Guarnieri, onde os pais dele moram. Os policiais militares realizaram as buscas na localidade e conseguiram prender o genro da v\u00edtima. <\/p>\n<p> Ainda de acordo com a Pol\u00edcia, o suspeito disse o local onde se desfez da arma usada no assassinato. <\/p>\n<p> Ainda segundo a pol\u00edcia, informa\u00e7\u00f5es apontam que a v\u00edtima estava em cima de uma escada de alum\u00ednio trocando uma l\u00e2mpada quando o genro desceu do segundo andar de onde estavam e come\u00e7ou a discutir com o sogro, que era mec\u00e2nico de m\u00e1quinas. A briga teria teria rela\u00e7\u00e3o com uma pe\u00e7a de m\u00e1quina agr\u00edcola. <\/p>\n<p> Pessoas que estavam no im\u00f3vel, ainda segundo informa\u00e7\u00f5es obtidas pela pol\u00edcia, tentaram impedir o desentendimento e acalmar a situa\u00e7\u00e3o, mas o suspeito teria levado a m\u00e3o na cintura da cal\u00e7a e tirado a arma de fogo. <\/p>\n<p> Ao perceber a a\u00e7\u00e3o, a v\u00edtima desceu rapidamente da escada, mas foi surpreendida com dois tiros. O senhor ainda tentou correr da varanda para dentro de casa para se proteger, mas, atingido pelos tiros, acabou caindo na sala, e morreu. <\/p>\n<p> A arma de fogo utilizada no crime foi apreendida com quatro muni\u00e7\u00f5es intactas e duas deflagradas. Tamb\u00e9m foi apreendido o ve\u00edculo utilizado na fuga. O caso foi apresentado na 148\u00aa Delegacia de Pol\u00edcia, em Italva, que investiga o crime. <\/p>\n<p> O suspeito j\u00e1 foi levado para o pres\u00eddio em Campos dos Goytacazes, no Norte Fluminense, onde vai passar por audi\u00eancia de cust\u00f3dia, momento em que o juiz verifica a legalidade da pris\u00e3o. Ele ficar\u00e1 \u00e0 disposi\u00e7\u00e3o da Justi\u00e7a. <\/p>\n<ul>\n<li> <a href=\"https:\/\/g1.globo.com\/rj\/norte-fluminense\/cidade\/italva\/\" class=\"entities__list-itemLink\" data-track-click=\"Italva\"> Italva <\/a> <\/li>\n<\/ul>\n","protected":false},"excerpt":{"rendered":"<p>1 de 1&#013;Arma usada no crime contra Waldir Nogueira Soriano, de 72 anos, em Italva, foi apreendida pela Pol\u00edcia Militar \u2014 Foto: PM\/Divulga\u00e7\u00e3o Arma usada no crime contra Waldir Nogueira Soriano, de 72 anos, em Italva, foi apreendida pela Pol\u00edcia Militar \u2014 Foto: PM\/Divulga\u00e7\u00e3o Um homem de 37 anos foi preso suspeito de matar o [&hellip;]<\/p>\n","protected":false},"author":1,"featured_media":0,"comment_status":"closed","ping_status":"closed","sticky":false,"template":"","format":"standard","meta":{"footnotes":""},"categories":[],"tags":[],"class_list":["post-52471","post","type-post","status-publish","format-standard","hentry"],"_links":{"self":[{"href":"https:\/\/blog.corretoraideal.com.br\/index.php\/wp-json\/wp\/v2\/posts\/52471","targetHints":{"allow":["GET"]}}],"collection":[{"href":"https:\/\/blog.corretoraideal.com.br\/index.php\/wp-json\/wp\/v2\/posts"}],"about":[{"href":"https:\/\/blog.corretoraideal.com.br\/index.php\/wp-json\/wp\/v2\/types\/post"}],"author":[{"embeddable":true,"href":"https:\/\/blog.corretoraideal.com.br\/index.php\/wp-json\/wp\/v2\/users\/1"}],"replies":[{"embeddable":true,"href":"https:\/\/blog.corretoraideal.com.br\/index.php\/wp-json\/wp\/v2\/comments?post=52471"}],"version-history":[{"count":1,"href":"https:\/\/blog.corretoraideal.com.br\/index.php\/wp-json\/wp\/v2\/posts\/52471\/revisions"}],"predecessor-version":[{"id":52473,"href":"https:\/\/blog.corretoraideal.com.br\/index.php\/wp-json\/wp\/v2\/posts\/52471\/revisions\/52473"}],"wp:attachment":[{"href":"https:\/\/blog.corretoraideal.com.br\/index.php\/wp-json\/wp\/v2\/media?parent=52471"}],"wp:term":[{"taxonomy":"category","embeddable":true,"href":"https:\/\/blog.corretoraideal.com.br\/index.php\/wp-json\/wp\/v2\/categories?post=52471"},{"taxonomy":"post_tag","embeddable":true,"href":"https:\/\/blog.corretoraideal.com.br\/index.php\/wp-json\/wp\/v2\/tags?post=52471"}],"curies":[{"name":"wp","href":"https:\/\/api.w.org\/{rel}","templated":true}]}}