{"id":52478,"date":"2023-09-08T07:30:40","date_gmt":"2023-09-08T07:30:40","guid":{"rendered":"https:\/\/blog.corretoraideal.com.br\/?p=52478"},"modified":"2023-09-08T07:30:40","modified_gmt":"2023-09-08T07:30:40","slug":"desfile-civico-de-7-de-setembro-mobiliza-forcas-oficiais-escolas-e-atrai-publico-em-campos-norte-fluminense-g1","status":"publish","type":"post","link":"https:\/\/blog.corretoraideal.com.br\/index.php\/2023\/09\/08\/desfile-civico-de-7-de-setembro-mobiliza-forcas-oficiais-escolas-e-atrai-publico-em-campos-norte-fluminense-g1\/","title":{"rendered":"Desfile c\u00edvico de 7 de setembro mobiliza for\u00e7as oficiais, escolas e atrai p\u00fablico em Campos | Norte Fluminense | G1"},"content":{"rendered":"<p>      1 de 1&#013;Desfile c\u00edvico em Campos \u2014 Foto: Yuri Ramos    <\/p>\n<p> Desfile c\u00edvico em Campos \u2014 Foto: Yuri Ramos <\/p>\n<p> O desfile c\u00edvico de 7 de setembro, uma homenagem \u00e0 Independ\u00eancia do Brasil, mobilizou for\u00e7as oficiais e atraiu o p\u00fablico nesta quinta-feira em <a class href=\"https:\/\/g1.globo.com\/rj\/norte-fluminense\/cidade\/campos-dos-goytacazes\/\">Campos dos Goytacazes<\/a>, no Norte Fluminense. <\/p>\n<p> Logo pela manh\u00e3, os moradores puderam acompanhar o hasteamento de bandeiras e revista \u00e0 tropa. A Avenida Alberto Lamego esteve fechada nos dois sentidos para a cerim\u00f4nia e os motoristas precisaram fazer o desvio pela Avenida Presidente Kennedy. <\/p>\n<p> O desfile contou com os pelot\u00f5es do 8\u00ba Batalh\u00e3o da Pol\u00edcia Militar, 5\u00ba Grupamento de Bombeiro Militar, 56\u00ba Batalh\u00e3o de Infantaria, Guarda Civil Municipal, secretarias e funda\u00e7\u00f5es municipais, projetos e institui\u00e7\u00f5es sociais e, ainda, escolas das redes municipal e estadual com suas bandas de fanfarra. <\/p>\n<p> Houve 50 escolas participantes, incluindo 24 bandas de fanfarra, segundo a Secretaria de Educa\u00e7\u00e3o.<strong>(veja abaixo v\u00eddeo dos desfiles em cidades do interior do Rio).<\/strong> <\/p>\n<p>                   <img loading=\"lazy\" decoding=\"async\" class=\"aligncenter size-full wp-image-52480\" src=\"https:\/\/blog.corretoraideal.com.br\/wp-content\/uploads\/2023\/09\/desfile-civico-e-realizado-nas-cidades-do-interior-do-rio.jpeg\" alt=\"Desfile C\u00edvico \u00e9 realizado nas cidades do interior do Rio\" width=\"800\" height=\"400\" \/>      <\/p>\n<p> Desfile C\u00edvico \u00e9 realizado nas cidades do interior do Rio <\/p>\n<ul>\n<li> <a href=\"https:\/\/g1.globo.com\/rj\/norte-fluminense\/cidade\/campos-dos-goytacazes\/\" class=\"entities__list-itemLink\" data-track-click=\"Campos dos Goytacazes\"> Campos dos Goytacazes <\/a> <\/li>\n<\/ul>\n","protected":false},"excerpt":{"rendered":"<p>1 de 1&#013;Desfile c\u00edvico em Campos \u2014 Foto: Yuri Ramos Desfile c\u00edvico em Campos \u2014 Foto: Yuri Ramos O desfile c\u00edvico de 7 de setembro, uma homenagem \u00e0 Independ\u00eancia do Brasil, mobilizou for\u00e7as oficiais e atraiu o p\u00fablico nesta quinta-feira em Campos dos Goytacazes, no Norte Fluminense. Logo pela manh\u00e3, os moradores puderam acompanhar o [&hellip;]<\/p>\n","protected":false},"author":1,"featured_media":0,"comment_status":"closed","ping_status":"closed","sticky":false,"template":"","format":"standard","meta":{"footnotes":""},"categories":[],"tags":[],"class_list":["post-52478","post","type-post","status-publish","format-standard","hentry"],"_links":{"self":[{"href":"https:\/\/blog.corretoraideal.com.br\/index.php\/wp-json\/wp\/v2\/posts\/52478","targetHints":{"allow":["GET"]}}],"collection":[{"href":"https:\/\/blog.corretoraideal.com.br\/index.php\/wp-json\/wp\/v2\/posts"}],"about":[{"href":"https:\/\/blog.corretoraideal.com.br\/index.php\/wp-json\/wp\/v2\/types\/post"}],"author":[{"embeddable":true,"href":"https:\/\/blog.corretoraideal.com.br\/index.php\/wp-json\/wp\/v2\/users\/1"}],"replies":[{"embeddable":true,"href":"https:\/\/blog.corretoraideal.com.br\/index.php\/wp-json\/wp\/v2\/comments?post=52478"}],"version-history":[{"count":1,"href":"https:\/\/blog.corretoraideal.com.br\/index.php\/wp-json\/wp\/v2\/posts\/52478\/revisions"}],"predecessor-version":[{"id":52481,"href":"https:\/\/blog.corretoraideal.com.br\/index.php\/wp-json\/wp\/v2\/posts\/52478\/revisions\/52481"}],"wp:attachment":[{"href":"https:\/\/blog.corretoraideal.com.br\/index.php\/wp-json\/wp\/v2\/media?parent=52478"}],"wp:term":[{"taxonomy":"category","embeddable":true,"href":"https:\/\/blog.corretoraideal.com.br\/index.php\/wp-json\/wp\/v2\/categories?post=52478"},{"taxonomy":"post_tag","embeddable":true,"href":"https:\/\/blog.corretoraideal.com.br\/index.php\/wp-json\/wp\/v2\/tags?post=52478"}],"curies":[{"name":"wp","href":"https:\/\/api.w.org\/{rel}","templated":true}]}}