{"id":52482,"date":"2023-09-08T09:29:40","date_gmt":"2023-09-08T09:29:40","guid":{"rendered":"https:\/\/blog.corretoraideal.com.br\/?p=52482"},"modified":"2023-09-08T09:29:40","modified_gmt":"2023-09-08T09:29:40","slug":"calca-jeans-tem-150-anos-teste-seus-conhecimentos-sobre-a-peca-agronegocios-g1","status":"publish","type":"post","link":"https:\/\/blog.corretoraideal.com.br\/index.php\/2023\/09\/08\/calca-jeans-tem-150-anos-teste-seus-conhecimentos-sobre-a-peca-agronegocios-g1\/","title":{"rendered":"Cal\u00e7a jeans tem 150 anos; teste seus conhecimentos sobre a pe\u00e7a | Agroneg\u00f3cios | G1"},"content":{"rendered":"<p>      1 de 1&#013;Cal\u00e7a jeans: teste seus conhecimentos sobre a pe\u00e7a. \u2014 Foto: lan deng\/Unsplash    <\/p>\n<p> Cal\u00e7a jeans: teste seus conhecimentos sobre a pe\u00e7a. \u2014 Foto: lan deng\/Unsplash <\/p>\n<p> <strong>CLIQUE ACIMA PARA OUVIR<\/strong> <\/p>\n<p> S\u00edmbolo de rebeldia na d\u00e9cada de 1950, a cal\u00e7a jeans se transformou em uma pe\u00e7a popular no arm\u00e1rio: virou item b\u00e1sico do vestu\u00e1rio. <\/p>\n<p> Nesta semana, o podcast <a class href=\"https:\/\/g1.globo.com\/podcast\/de-onde-vem-o-que-eu-como\/\">De onde vem<\/a> conta a hist\u00f3ria desta pe\u00e7a de roupa e explica qual \u00e9 a diferen\u00e7a entre jeans e denim. ?<strong>OU\u00c7A<\/strong> (acima) e, na sequ\u00eancia, teste seus conhecimentos no quiz: <\/p>\n<p> ?<strong>OU\u00c7A OUTROS EPIS\u00d3DIOS:<\/strong> <\/p>\n<p> <strong>?ASSISTA:<\/strong> <\/p>\n<p>                   <img loading=\"lazy\" decoding=\"async\" class=\"aligncenter size-full wp-image-52484\" src=\"https:\/\/blog.corretoraideal.com.br\/wp-content\/uploads\/2023\/09\/cachaca-tem-cabeca-coracao-e-cauda-saiba-qual-parte-pode-ser-consumida.jpeg\" alt=\"Cacha\u00e7a tem cabe\u00e7a, cora\u00e7\u00e3o e cauda; saiba qual parte pode ser consumida\" width=\"800\" height=\"400\" \/>      <\/p>\n<p> Cacha\u00e7a tem cabe\u00e7a, cora\u00e7\u00e3o e cauda; saiba qual parte pode ser consumida <\/p>\n<p>                    <img loading=\"lazy\" decoding=\"async\" class=\"aligncenter size-full wp-image-52485\" src=\"https:\/\/blog.corretoraideal.com.br\/wp-content\/uploads\/2023\/09\/de-onde-vem-o-vinho.jpeg\" alt=\"De onde vem o vinho\" width=\"800\" height=\"400\" \/>      <\/p>\n<p> De onde vem o vinho <\/p>\n<p>                    <img loading=\"lazy\" decoding=\"async\" class=\"aligncenter size-full wp-image-52486\" src=\"https:\/\/blog.corretoraideal.com.br\/wp-content\/uploads\/2023\/09\/de-onde-vem-o-abacate.jpeg\" alt=\"De onde vem o abacate\" width=\"800\" height=\"400\" \/>      <\/p>\n<p> De onde vem o abacate <\/p>\n<ul> <\/ul>\n","protected":false},"excerpt":{"rendered":"<p>1 de 1&#013;Cal\u00e7a jeans: teste seus conhecimentos sobre a pe\u00e7a. \u2014 Foto: lan deng\/Unsplash Cal\u00e7a jeans: teste seus conhecimentos sobre a pe\u00e7a. \u2014 Foto: lan deng\/Unsplash CLIQUE ACIMA PARA OUVIR S\u00edmbolo de rebeldia na d\u00e9cada de 1950, a cal\u00e7a jeans se transformou em uma pe\u00e7a popular no arm\u00e1rio: virou item b\u00e1sico do vestu\u00e1rio. Nesta semana, [&hellip;]<\/p>\n","protected":false},"author":1,"featured_media":0,"comment_status":"closed","ping_status":"closed","sticky":false,"template":"","format":"standard","meta":{"footnotes":""},"categories":[],"tags":[],"class_list":["post-52482","post","type-post","status-publish","format-standard","hentry"],"_links":{"self":[{"href":"https:\/\/blog.corretoraideal.com.br\/index.php\/wp-json\/wp\/v2\/posts\/52482","targetHints":{"allow":["GET"]}}],"collection":[{"href":"https:\/\/blog.corretoraideal.com.br\/index.php\/wp-json\/wp\/v2\/posts"}],"about":[{"href":"https:\/\/blog.corretoraideal.com.br\/index.php\/wp-json\/wp\/v2\/types\/post"}],"author":[{"embeddable":true,"href":"https:\/\/blog.corretoraideal.com.br\/index.php\/wp-json\/wp\/v2\/users\/1"}],"replies":[{"embeddable":true,"href":"https:\/\/blog.corretoraideal.com.br\/index.php\/wp-json\/wp\/v2\/comments?post=52482"}],"version-history":[{"count":1,"href":"https:\/\/blog.corretoraideal.com.br\/index.php\/wp-json\/wp\/v2\/posts\/52482\/revisions"}],"predecessor-version":[{"id":52487,"href":"https:\/\/blog.corretoraideal.com.br\/index.php\/wp-json\/wp\/v2\/posts\/52482\/revisions\/52487"}],"wp:attachment":[{"href":"https:\/\/blog.corretoraideal.com.br\/index.php\/wp-json\/wp\/v2\/media?parent=52482"}],"wp:term":[{"taxonomy":"category","embeddable":true,"href":"https:\/\/blog.corretoraideal.com.br\/index.php\/wp-json\/wp\/v2\/categories?post=52482"},{"taxonomy":"post_tag","embeddable":true,"href":"https:\/\/blog.corretoraideal.com.br\/index.php\/wp-json\/wp\/v2\/tags?post=52482"}],"curies":[{"name":"wp","href":"https:\/\/api.w.org\/{rel}","templated":true}]}}