{"id":52491,"date":"2023-09-08T14:31:06","date_gmt":"2023-09-08T14:31:06","guid":{"rendered":"https:\/\/blog.corretoraideal.com.br\/?p=52491"},"modified":"2023-09-08T14:31:06","modified_gmt":"2023-09-08T14:31:06","slug":"ibovespa-opera-em-queda-na-volta-do-feriado-economia-g1","status":"publish","type":"post","link":"https:\/\/blog.corretoraideal.com.br\/index.php\/2023\/09\/08\/ibovespa-opera-em-queda-na-volta-do-feriado-economia-g1\/","title":{"rendered":"Ibovespa opera em queda na volta do feriado | Economia | G1"},"content":{"rendered":"<p>      1 de 1&#013;Bolsa de valores de SP. \u2014 Foto: BRUNO ESCOLASTICO\/PHOTOPRESS\/ESTAD\u00c3O CONTE\u00daDO    <\/p>\n<p> Bolsa de valores de SP. \u2014 Foto: BRUNO ESCOLASTICO\/PHOTOPRESS\/ESTAD\u00c3O CONTE\u00daDO <\/p>\n<p> O <a class href=\"https:\/\/g1.globo.com\/tudo-sobre\/ibovespa\/\">Ibovespa<\/a>, principal \u00edndice da bolsa de valores de S\u00e3o Paulo, a <a class href=\"https:\/\/g1.globo.com\/tudo-sobre\/bmf-bovespa\/\">B3<\/a>, opera em queda nesta sexta-feira (8), em um dia de ajustes na volta do feriado do Dia da Independ\u00eancia no Brasil. Investidores seguem atentos aos sinais sobre os pr\u00f3ximos passos da pol\u00edtica monet\u00e1ria nos <a class href=\"https:\/\/g1.globo.com\/tudo-sobre\/estados-unidos\/\">Estados Unidos<\/a>. <\/p>\n<p> \u00c0s 10h56, o \u00edndice ca\u00eda 0,86%, aos 114.988 pontos. <a class href=\"https:\/\/valor.globo.com\/wall-concurrence\/?next=https:\/\/valor.globo.com\/valor-data\/\">Veja mais cota\u00e7\u00f5es<\/a>. <\/p>\n<p> Na quarta-feira (6), o Ibovespa havia fechado em baixa de 1,15%, aos 115.985 pontos. Com o resultado, o \u00edndice passou a acumular: <\/p>\n<ul>\n<li><strong>queda de 1,62% na semana;<\/strong><\/li>\n<li><strong>e altas de 0,21% no m\u00eas e 5,70% no ano.<\/strong><\/li>\n<\/ul>\n<p><h2><strong>O que est\u00e1 mexendo com os mercados?<\/strong><\/h2>\n<\/p>\n<p> Sem grandes destaques na agenda pol\u00edtica e fiscal dom\u00e9stica nesta sexta-feira (6), as aten\u00e7\u00f5es dos investidores continuavam voltadas para os Estados Unidos. <\/p>\n<p> Por l\u00e1, o foco estava no n\u00famero de norte-americanos que solicitaram aux\u00edlio-desemprego. Segundo informa\u00e7\u00f5es do Departamento do Trabalho dos EUA divulgados na v\u00e9spera, os pedidos iniciais ca\u00edram de 229.000 (dados revisados) para 216.000, em um n\u00edvel bem abaixo do que o esperado pelo mercado, que previa um aumento no n\u00famero de pedidos, para 234.000. <\/p>\n<p> Os n\u00fameros indicam uma maior resili\u00eancia do mercado de trabalho norte-americano e aumentam as expectativas de que o Federal Reserve (<a class href=\"https:\/\/g1.globo.com\/tudo-sobre\/fed\/\">Fed<\/a>, o banco central dos EUA) mantenha os juros do pa\u00eds em patamares elevados por mais tempo. <\/p>\n<p> Vale lembrar que juros mais altos nos EUA indicam um aumento da rentabilidade dos t\u00edtulos p\u00fablicos norte-americanos e aumentam a perspectiva de que investidores troquem pa\u00edses em desenvolvimento (como o Brasil) por mercados mais ricos e seguros. <\/p>\n<p> Agora, a principal expectativa do mercado \u00e9 pelo indicador de infla\u00e7\u00e3o dos Estados Unidos, que devem ser divulgados na pr\u00f3xima semana e podem dar mais pistas sobre o tom que o Fed deve adotar em sua pr\u00f3xima reuni\u00e3o, que acontece entre 19 e 20 de setembro. <\/p>\n<p> Ainda no exterior, o mercado tamb\u00e9m repercutiu dados do \u00edndice de gerentes de compras (PMI, na sigla em ingl\u00eas) dos Estados Unidos, que ficou em 50,5 em agosto \u2014 mais fraco do que a leitura preliminar, de 51,0, e pr\u00f3ximo do limiar que separa crescimento de contra\u00e7\u00e3o (50). Dados do setor de servi\u00e7os norte-americano tamb\u00e9m ficaram no radar. <\/p>\n<p> No Brasil, a previs\u00e3o dos analistas \u00e9 de uma sess\u00e3o com liquidez reduzida pela volta do feriado do Dia da Independ\u00eancia. &quot;No lado pol\u00edtico [&#8230;], o presidente Lula anunciou sua reforma ministerial, o que pode ajudar a destravar algumas medidas do governo no Congresso, como a reforma tribut\u00e1ria&quot;, afirmou a Guide Investimentos em nota a clientes. <\/p>\n<ul>\n<li> <a href=\"https:\/\/g1.globo.com\/tudo-sobre\/bmf-bovespa\/\" class=\"entities__list-itemLink\" data-track-click=\"B3\"> B3 <\/a> <\/li>\n<li> <a href=\"https:\/\/g1.globo.com\/tudo-sobre\/banco-central-do-brasil\/\" class=\"entities__list-itemLink\" data-track-click=\"Banco Central do Brasil\"> Banco Central do Brasil <\/a> <\/li>\n<li> <a href=\"https:\/\/g1.globo.com\/tudo-sobre\/bradesco\/\" class=\"entities__list-itemLink\" data-track-click=\"Bradesco\"> Bradesco <\/a> <\/li>\n<li> <a href=\"https:\/\/g1.globo.com\/tudo-sobre\/brics\/\" class=\"entities__list-itemLink\" data-track-click=\"Brics\"> Brics <\/a> <\/li>\n<li> <a href=\"https:\/\/g1.globo.com\/tudo-sobre\/congresso-nacional\/\" class=\"entities__list-itemLink\" data-track-click=\"Congresso Nacional\"> Congresso Nacional <\/a> <\/li>\n<li> <a href=\"https:\/\/g1.globo.com\/tudo-sobre\/copom\/\" class=\"entities__list-itemLink\" data-track-click=\"Copom\"> Copom <\/a> <\/li>\n<li> <a href=\"https:\/\/g1.globo.com\/tudo-sobre\/camara-dos-deputados\/\" class=\"entities__list-itemLink\" data-track-click=\"C\u00e2mara dos Deputados\"> C\u00e2mara dos Deputados <\/a> <\/li>\n<li> <a href=\"https:\/\/g1.globo.com\/tudo-sobre\/estados-unidos\/\" class=\"entities__list-itemLink\" data-track-click=\"Estados Unidos\"> Estados Unidos <\/a> <\/li>\n<li> <a href=\"https:\/\/g1.globo.com\/tudo-sobre\/fed\/\" class=\"entities__list-itemLink\" data-track-click=\"FED\"> FED <\/a> <\/li>\n<li> <a href=\"https:\/\/g1.globo.com\/tudo-sobre\/ibge\/\" class=\"entities__list-itemLink\" data-track-click=\"IBGE\"> IBGE <\/a> <\/li>\n<li> <a href=\"https:\/\/g1.globo.com\/tudo-sobre\/ipca\/\" class=\"entities__list-itemLink\" data-track-click=\"IPCA\"> IPCA <\/a> <\/li>\n<li> <a href=\"https:\/\/g1.globo.com\/tudo-sobre\/ibovespa\/\" class=\"entities__list-itemLink\" data-track-click=\"Ibovespa\"> Ibovespa <\/a> <\/li>\n<li> <a href=\"https:\/\/g1.globo.com\/tudo-sobre\/itau-unibanco\/\" class=\"entities__list-itemLink\" data-track-click=\"Ita\u00fa\"> Ita\u00fa <\/a> <\/li>\n<li> <a href=\"https:\/\/g1.globo.com\/tudo-sobre\/luiz-inacio-lula-da-silva\/\" class=\"entities__list-itemLink\" data-track-click=\"Luiz In\u00e1cio Lula da Silva\"> Luiz In\u00e1cio Lula da Silva <\/a> <\/li>\n<li> <a href=\"https:\/\/g1.globo.com\/tudo-sobre\/ministerio-do-trabalho\/\" class=\"entities__list-itemLink\" data-track-click=\"Minist\u00e9rio do Trabalho\"> Minist\u00e9rio do Trabalho <\/a> <\/li>\n<li> <a href=\"https:\/\/g1.globo.com\/tudo-sobre\/petrobras\/\" class=\"entities__list-itemLink\" data-track-click=\"Petrobras\"> Petrobras <\/a> <\/li>\n<li> <a href=\"https:\/\/g1.globo.com\/tudo-sobre\/senado-federal\/\" class=\"entities__list-itemLink\" data-track-click=\"Senado\"> Senado <\/a> <\/li>\n<\/ul>\n","protected":false},"excerpt":{"rendered":"<p>1 de 1&#013;Bolsa de valores de SP. \u2014 Foto: BRUNO ESCOLASTICO\/PHOTOPRESS\/ESTAD\u00c3O CONTE\u00daDO Bolsa de valores de SP. \u2014 Foto: BRUNO ESCOLASTICO\/PHOTOPRESS\/ESTAD\u00c3O CONTE\u00daDO O Ibovespa, principal \u00edndice da bolsa de valores de S\u00e3o Paulo, a B3, opera em queda nesta sexta-feira (8), em um dia de ajustes na volta do feriado do Dia da Independ\u00eancia no [&hellip;]<\/p>\n","protected":false},"author":1,"featured_media":0,"comment_status":"closed","ping_status":"closed","sticky":false,"template":"","format":"standard","meta":{"footnotes":""},"categories":[],"tags":[],"class_list":["post-52491","post","type-post","status-publish","format-standard","hentry"],"_links":{"self":[{"href":"https:\/\/blog.corretoraideal.com.br\/index.php\/wp-json\/wp\/v2\/posts\/52491","targetHints":{"allow":["GET"]}}],"collection":[{"href":"https:\/\/blog.corretoraideal.com.br\/index.php\/wp-json\/wp\/v2\/posts"}],"about":[{"href":"https:\/\/blog.corretoraideal.com.br\/index.php\/wp-json\/wp\/v2\/types\/post"}],"author":[{"embeddable":true,"href":"https:\/\/blog.corretoraideal.com.br\/index.php\/wp-json\/wp\/v2\/users\/1"}],"replies":[{"embeddable":true,"href":"https:\/\/blog.corretoraideal.com.br\/index.php\/wp-json\/wp\/v2\/comments?post=52491"}],"version-history":[{"count":1,"href":"https:\/\/blog.corretoraideal.com.br\/index.php\/wp-json\/wp\/v2\/posts\/52491\/revisions"}],"predecessor-version":[{"id":52493,"href":"https:\/\/blog.corretoraideal.com.br\/index.php\/wp-json\/wp\/v2\/posts\/52491\/revisions\/52493"}],"wp:attachment":[{"href":"https:\/\/blog.corretoraideal.com.br\/index.php\/wp-json\/wp\/v2\/media?parent=52491"}],"wp:term":[{"taxonomy":"category","embeddable":true,"href":"https:\/\/blog.corretoraideal.com.br\/index.php\/wp-json\/wp\/v2\/categories?post=52491"},{"taxonomy":"post_tag","embeddable":true,"href":"https:\/\/blog.corretoraideal.com.br\/index.php\/wp-json\/wp\/v2\/tags?post=52491"}],"curies":[{"name":"wp","href":"https:\/\/api.w.org\/{rel}","templated":true}]}}