{"id":52501,"date":"2023-09-08T17:30:16","date_gmt":"2023-09-08T17:30:16","guid":{"rendered":"https:\/\/blog.corretoraideal.com.br\/?p=52501"},"modified":"2023-09-08T17:30:16","modified_gmt":"2023-09-08T17:30:16","slug":"defesa-civil-de-sao-joao-da-barra-alerta-para-ventos-fortes-ate-domingo-norte-fluminense-g1","status":"publish","type":"post","link":"https:\/\/blog.corretoraideal.com.br\/index.php\/2023\/09\/08\/defesa-civil-de-sao-joao-da-barra-alerta-para-ventos-fortes-ate-domingo-norte-fluminense-g1\/","title":{"rendered":"Defesa Civil de S\u00e3o Jo\u00e3o da Barra alerta para ventos fortes at\u00e9 domingo | Norte Fluminense | G1"},"content":{"rendered":"\n<p> A Defesa Civil de <a class href=\"https:\/\/g1.globo.com\/rj\/norte-fluminense\/cidade\/sao-joao-da-barra\/\">S\u00e3o Jo\u00e3o da Barra<\/a> , no Norte Fluminense, alerta para a condi\u00e7\u00e3o de ventos fortes que persiste na regi\u00e3o at\u00e9 domingo (10). <\/p>\n<p> Em boletim divulgado nesta quarta-feira (6), o \u00f3rg\u00e3o afirma que permanece em estado de aten\u00e7\u00e3o e explica que o alerta da Marinha do Brasil prev\u00ea rajadas de at\u00e9 74 km\/h na \u00e1rea oce\u00e2nica Delta, que vai de Cabo Frio (RJ) a Caravelas (BA). <\/p>\n<p> &quot;Em caso de rajada de ventos, n\u00e3o \u00e9 recomendado procurar abrigo embaixo de \u00e1rvores devido ao risco de queda e descargas el\u00e9tricas. Ve\u00edculos n\u00e3o devem estacionar nas proximidades de torres de transmiss\u00e3o e placas de propaganda&quot;, alerta a Defesa Civil. <\/p>\n<p> A Secretaria Municipal de Seguran\u00e7a P\u00fablica coloca \u00e0 disposi\u00e7\u00e3o para emerg\u00eancia os seguintes n\u00fameros da Defesa Civil: (22) 2741-1190 e (22) 99915-3153 (liga\u00e7\u00f5es e WhatsApp). <\/p>\n<ul>\n<li> <a href=\"https:\/\/g1.globo.com\/rj\/norte-fluminense\/cidade\/sao-joao-da-barra\/\" class=\"entities__list-itemLink\" data-track-click=\"S\u00e3o Jo\u00e3o da Barra\"> S\u00e3o Jo\u00e3o da Barra <\/a> <\/li>\n<\/ul>\n","protected":false},"excerpt":{"rendered":"<p>A Defesa Civil de S\u00e3o Jo\u00e3o da Barra , no Norte Fluminense, alerta para a condi\u00e7\u00e3o de ventos fortes que persiste na regi\u00e3o at\u00e9 domingo (10). Em boletim divulgado nesta quarta-feira (6), o \u00f3rg\u00e3o afirma que permanece em estado de aten\u00e7\u00e3o e explica que o alerta da Marinha do Brasil prev\u00ea rajadas de at\u00e9 74 [&hellip;]<\/p>\n","protected":false},"author":1,"featured_media":0,"comment_status":"closed","ping_status":"closed","sticky":false,"template":"","format":"standard","meta":{"footnotes":""},"categories":[],"tags":[],"class_list":["post-52501","post","type-post","status-publish","format-standard","hentry"],"_links":{"self":[{"href":"https:\/\/blog.corretoraideal.com.br\/index.php\/wp-json\/wp\/v2\/posts\/52501","targetHints":{"allow":["GET"]}}],"collection":[{"href":"https:\/\/blog.corretoraideal.com.br\/index.php\/wp-json\/wp\/v2\/posts"}],"about":[{"href":"https:\/\/blog.corretoraideal.com.br\/index.php\/wp-json\/wp\/v2\/types\/post"}],"author":[{"embeddable":true,"href":"https:\/\/blog.corretoraideal.com.br\/index.php\/wp-json\/wp\/v2\/users\/1"}],"replies":[{"embeddable":true,"href":"https:\/\/blog.corretoraideal.com.br\/index.php\/wp-json\/wp\/v2\/comments?post=52501"}],"version-history":[{"count":1,"href":"https:\/\/blog.corretoraideal.com.br\/index.php\/wp-json\/wp\/v2\/posts\/52501\/revisions"}],"predecessor-version":[{"id":52503,"href":"https:\/\/blog.corretoraideal.com.br\/index.php\/wp-json\/wp\/v2\/posts\/52501\/revisions\/52503"}],"wp:attachment":[{"href":"https:\/\/blog.corretoraideal.com.br\/index.php\/wp-json\/wp\/v2\/media?parent=52501"}],"wp:term":[{"taxonomy":"category","embeddable":true,"href":"https:\/\/blog.corretoraideal.com.br\/index.php\/wp-json\/wp\/v2\/categories?post=52501"},{"taxonomy":"post_tag","embeddable":true,"href":"https:\/\/blog.corretoraideal.com.br\/index.php\/wp-json\/wp\/v2\/tags?post=52501"}],"curies":[{"name":"wp","href":"https:\/\/api.w.org\/{rel}","templated":true}]}}