{"id":52504,"date":"2023-09-08T19:29:39","date_gmt":"2023-09-08T19:29:39","guid":{"rendered":"https:\/\/blog.corretoraideal.com.br\/?p=52504"},"modified":"2023-09-08T19:29:39","modified_gmt":"2023-09-08T19:29:39","slug":"dolar-tem-volatilidade-de-olho-em-dados-dos-eua-economia-g1","status":"publish","type":"post","link":"https:\/\/blog.corretoraideal.com.br\/index.php\/2023\/09\/08\/dolar-tem-volatilidade-de-olho-em-dados-dos-eua-economia-g1\/","title":{"rendered":"D\u00f3lar tem volatilidade, de olho em dados dos EUA | Economia | G1"},"content":{"rendered":"<p>      1 de 1&#013;C\u00e9dulas de d\u00f3lar \u2014 Foto: bearfotos\/Freepik    <\/p>\n<p> C\u00e9dulas de d\u00f3lar \u2014 Foto: bearfotos\/Freepik <\/p>\n<p> O d\u00f3lar operava com volatilidade nesta sexta-feira (8), oscilando entre altas e baixas na volta do feriado do Dia da Independ\u00eancia. Sem grandes destaques na agenda dom\u00e9stica, os investidores voltavam as aten\u00e7\u00f5es para os EUA. <\/p>\n<p> Na v\u00e9spera, dados apontaram para uma forte queda nos pedidos de aux\u00edlio desemprego norte-americanos, sinal de resili\u00eancia do mercado de trabalho do pa\u00eds. As expectativas, agora, ficam com o indicador de infla\u00e7\u00e3o da maior economia do mundo, que deve ser divulgado na semana que vem. <\/p>\n<p> \u00c0s 16h23, a moeda norte-americana subia 0,02%, cotada a R$ 4,9836. <a class href=\"https:\/\/valor.globo.com\/valor-data\/\">Veja mais cota\u00e7\u00f5es.<\/a> <\/p>\n<p> Na quarta-feira, o d\u00f3lar havia encerrado a sess\u00e3o com alta de 0,16%, cotada a R$ 4,9827. Com o resultado, a moeda passou a acumular:  <\/p>\n<ul>\n<li><strong>altas de 0,86% na semana e 0,66% no m\u00eas;<\/strong><\/li>\n<li><strong>queda de 5,59% no ano.<\/strong><\/li>\n<\/ul>\n<ul>\n<li><strong>COMERCIAL X TURISMO: <\/strong><a class href=\"https:\/\/g1.globo.com\/economia\/noticia\/2022\/04\/25\/dolar-comercial-x-turismo-qual-a-diferenca-e-por-que-o-turismo-e-mais-caro.ghtml\">qual a diferen\u00e7a entre a cota\u00e7\u00e3o de moedas estrangeiras e por que o turismo \u00e9 mais caro?<\/a><\/li>\n<li><strong>DINHEIRO OU CART\u00c3O? <\/strong><a class href=\"https:\/\/g1.globo.com\/economia\/noticia\/2022\/03\/26\/dinheiro-ou-cartao-qual-a-melhor-forma-de-levar-dolares-em-viagens.ghtml\">Qual a melhor forma de levar d\u00f3lares em viagens?<\/a><\/li>\n<li><strong>D\u00d3LAR: <\/strong><a class href=\"https:\/\/g1.globo.com\/economia\/noticia\/2022\/04\/05\/dolar-qual-o-melhor-momento-para-comprar.ghtml\">Qual o melhor momento para comprar a moeda? <\/a><\/li>\n<\/ul>\n<p><h2>O que est\u00e1 mexendo com os mercados?<\/h2>\n<\/p>\n<p> Sem grandes destaques na agenda pol\u00edtica e fiscal dom\u00e9stica nesta sexta-feira (6), as aten\u00e7\u00f5es dos investidores continuavam voltadas para os <a class href=\"https:\/\/g1.globo.com\/tudo-sobre\/estados-unidos\/\">Estados Unidos<\/a>. <\/p>\n<p> Por l\u00e1, o foco estava no n\u00famero de norte-americanos que solicitaram aux\u00edlio-desemprego. Segundo informa\u00e7\u00f5es do Departamento do Trabalho dos EUA divulgados na v\u00e9spera, os pedidos iniciais ca\u00edram de 229.000 (dados revisados) para 216.000, em um n\u00edvel bem abaixo do que o esperado pelo mercado, que previa um aumento no n\u00famero de pedidos, para 234.000. <\/p>\n<p> Os n\u00fameros indicam uma maior resili\u00eancia do mercado de trabalho norte-americano e aumentam as expectativas de que o Federal Reserve (<a class href=\"https:\/\/g1.globo.com\/tudo-sobre\/fed\/\">Fed<\/a>, o banco central dos EUA) mantenha os juros do pa\u00eds em patamares elevados por mais tempo. <\/p>\n<p> Vale lembrar que juros mais altos nos EUA indicam um aumento da rentabilidade dos t\u00edtulos p\u00fablicos norte-americanos e aumentam a perspectiva de que investidores troquem pa\u00edses em desenvolvimento (como o Brasil) por mercados mais ricos e seguros. <\/p>\n<p> Agora, a principal expectativa do mercado \u00e9 pelo indicador de infla\u00e7\u00e3o dos <a class href=\"https:\/\/g1.globo.com\/tudo-sobre\/estados-unidos\/\">Estados Unidos<\/a>, que devem ser divulgados na pr\u00f3xima semana e podem dar mais pistas sobre o tom que o <a class href=\"https:\/\/g1.globo.com\/tudo-sobre\/fed\/\">Fed<\/a> deve adotar em sua pr\u00f3xima reuni\u00e3o, que acontece entre 19 e 20 de setembro. <\/p>\n<p> Ainda no exterior, o mercado tamb\u00e9m repercutiu dados do \u00edndice de gerentes de compras (PMI, na sigla em ingl\u00eas) dos <a class href=\"https:\/\/g1.globo.com\/tudo-sobre\/estados-unidos\/\">Estados Unidos<\/a>, que ficou em 50,5 em agosto \u2014 mais fraco do que a leitura preliminar, de 51,0, e pr\u00f3ximo do limiar que separa crescimento de contra\u00e7\u00e3o (50). Dados do setor de servi\u00e7os norte-americano tamb\u00e9m ficaram no radar. <\/p>\n<p> No Brasil, a previs\u00e3o dos analistas \u00e9 de uma sess\u00e3o com liquidez reduzida pela volta do feriado do Dia da Independ\u00eancia. &quot;No lado pol\u00edtico [&#8230;], o presidente Lula anunciou sua reforma ministerial, o que pode ajudar a destravar algumas medidas do governo no Congresso, como a reforma tribut\u00e1ria&quot;, afirmou a Guide Investimentos em nota a clientes. <\/p>\n<p>                   <img loading=\"lazy\" decoding=\"async\" class=\"aligncenter size-full wp-image-52506\" src=\"https:\/\/blog.corretoraideal.com.br\/wp-content\/uploads\/2023\/09\/entenda-o-que-faz-o-dolar-subir-ou-descer-1.jpeg\" alt=\"Entenda o que faz o d\u00f3lar subir ou descer\" width=\"800\" height=\"400\" \/>      <\/p>\n<p> Entenda o que faz o d\u00f3lar subir ou descer <\/p>\n<ul>\n<li> <a href=\"https:\/\/g1.globo.com\/tudo-sobre\/banco-central-do-brasil\/\" class=\"entities__list-itemLink\" data-track-click=\"Banco Central do Brasil\"> Banco Central do Brasil <\/a> <\/li>\n<li> <a href=\"https:\/\/g1.globo.com\/tudo-sobre\/brics\/\" class=\"entities__list-itemLink\" data-track-click=\"Brics\"> Brics <\/a> <\/li>\n<li> <a href=\"https:\/\/g1.globo.com\/tudo-sobre\/copom\/\" class=\"entities__list-itemLink\" data-track-click=\"Copom\"> Copom <\/a> <\/li>\n<li> <a href=\"https:\/\/g1.globo.com\/tudo-sobre\/estados-unidos\/\" class=\"entities__list-itemLink\" data-track-click=\"Estados Unidos\"> Estados Unidos <\/a> <\/li>\n<li> <a href=\"https:\/\/g1.globo.com\/tudo-sobre\/fed\/\" class=\"entities__list-itemLink\" data-track-click=\"FED\"> FED <\/a> <\/li>\n<li> <a href=\"https:\/\/g1.globo.com\/tudo-sobre\/luiz-inacio-lula-da-silva\/\" class=\"entities__list-itemLink\" data-track-click=\"Luiz In\u00e1cio Lula da Silva\"> Luiz In\u00e1cio Lula da Silva <\/a> <\/li>\n<\/ul>\n","protected":false},"excerpt":{"rendered":"<p>1 de 1&#013;C\u00e9dulas de d\u00f3lar \u2014 Foto: bearfotos\/Freepik C\u00e9dulas de d\u00f3lar \u2014 Foto: bearfotos\/Freepik O d\u00f3lar operava com volatilidade nesta sexta-feira (8), oscilando entre altas e baixas na volta do feriado do Dia da Independ\u00eancia. Sem grandes destaques na agenda dom\u00e9stica, os investidores voltavam as aten\u00e7\u00f5es para os EUA. Na v\u00e9spera, dados apontaram para uma [&hellip;]<\/p>\n","protected":false},"author":1,"featured_media":0,"comment_status":"closed","ping_status":"closed","sticky":false,"template":"","format":"standard","meta":{"footnotes":""},"categories":[],"tags":[],"class_list":["post-52504","post","type-post","status-publish","format-standard","hentry"],"_links":{"self":[{"href":"https:\/\/blog.corretoraideal.com.br\/index.php\/wp-json\/wp\/v2\/posts\/52504","targetHints":{"allow":["GET"]}}],"collection":[{"href":"https:\/\/blog.corretoraideal.com.br\/index.php\/wp-json\/wp\/v2\/posts"}],"about":[{"href":"https:\/\/blog.corretoraideal.com.br\/index.php\/wp-json\/wp\/v2\/types\/post"}],"author":[{"embeddable":true,"href":"https:\/\/blog.corretoraideal.com.br\/index.php\/wp-json\/wp\/v2\/users\/1"}],"replies":[{"embeddable":true,"href":"https:\/\/blog.corretoraideal.com.br\/index.php\/wp-json\/wp\/v2\/comments?post=52504"}],"version-history":[{"count":1,"href":"https:\/\/blog.corretoraideal.com.br\/index.php\/wp-json\/wp\/v2\/posts\/52504\/revisions"}],"predecessor-version":[{"id":52507,"href":"https:\/\/blog.corretoraideal.com.br\/index.php\/wp-json\/wp\/v2\/posts\/52504\/revisions\/52507"}],"wp:attachment":[{"href":"https:\/\/blog.corretoraideal.com.br\/index.php\/wp-json\/wp\/v2\/media?parent=52504"}],"wp:term":[{"taxonomy":"category","embeddable":true,"href":"https:\/\/blog.corretoraideal.com.br\/index.php\/wp-json\/wp\/v2\/categories?post=52504"},{"taxonomy":"post_tag","embeddable":true,"href":"https:\/\/blog.corretoraideal.com.br\/index.php\/wp-json\/wp\/v2\/tags?post=52504"}],"curies":[{"name":"wp","href":"https:\/\/api.w.org\/{rel}","templated":true}]}}