{"id":52508,"date":"2023-09-08T22:31:01","date_gmt":"2023-09-08T22:31:01","guid":{"rendered":"https:\/\/blog.corretoraideal.com.br\/?p=52508"},"modified":"2023-09-08T22:31:01","modified_gmt":"2023-09-08T22:31:01","slug":"disque-denuncia-procura-suspeito-de-roubo-a-posto-de-combustiveis-em-miracema-no-rj-norte-fluminense-g1","status":"publish","type":"post","link":"https:\/\/blog.corretoraideal.com.br\/index.php\/2023\/09\/08\/disque-denuncia-procura-suspeito-de-roubo-a-posto-de-combustiveis-em-miracema-no-rj-norte-fluminense-g1\/","title":{"rendered":"Disque Den\u00fancia procura suspeito de roubo a posto de combust\u00edveis em Miracema, no RJ | Norte Fluminense | G1"},"content":{"rendered":"<p>      1 de 1&#013;Mandado de pris\u00e3o foi expedido contra Daniel Vitor Soares Silva, vulgo Capixaba, de 23 anos, ap\u00f3s assalto a posto de combust\u00edveis em Miracema \u2014 Foto: Pol\u00edcia Civil    <\/p>\n<p> Mandado de pris\u00e3o foi expedido contra Daniel Vitor Soares Silva, vulgo Capixaba, de 23 anos, ap\u00f3s assalto a posto de combust\u00edveis em Miracema \u2014 Foto: Pol\u00edcia Civil <\/p>\n<p> O Disque Den\u00fancia divulgou o cartaz com a foto de um dos suspeitos de envolvimento no roubo em um posto de combust\u00edveis no Centro de <a class href=\"https:\/\/g1.globo.com\/rj\/norte-fluminense\/cidade\/miracema\/\">Miracema<\/a>, no Noroeste do Estado do Rio. O crime aconteceu em abril deste ano. <\/p>\n<p> De acordo com a pol\u00edcia, foi expedido mandado de pris\u00e3o contra Daniel Vitor Soares Silva, de 23 anos, vulgo Capixaba, que \u00e9 natural de Ipatinga, no estado de Minas Gerais. O delegado Dr. Gesner C\u00e9sar Bruno, da 137\u00aa Delegacia de Pol\u00edcia, explica que os frentistas disseram que foram rendidos por dois homens armados, que chegaram ao estabelecimento \u00e0 p\u00e9. Eles usavam casaco escuro com capuz. <\/p>\n<p> &quot;O assalto \u00e0 m\u00e3o armada aconteceu no dia 30 de abril, por volta das 22h. Os frentistas foram rendidos e obrigados a entregar R$ 900&quot;, explicou Dr. Gesner. <\/p>\n<p> Uma imagem de c\u00e2mera de seguran\u00e7a mostra duas pessoas caminhando em dire\u00e7\u00e3o ao posto de combust\u00edvel. <\/p>\n<p> Informa\u00e7\u00f5es an\u00f4nimas que levem a Pol\u00edcia a localiza\u00e7\u00e3o do suspeito devem ser passadas ao Disque Den\u00fancia pelo WhatsApp 0212253-1177. A pol\u00edcia explica que o anonimato e sigilo s\u00e3o garantidos. <\/p>\n<ul>\n<li> <a href=\"https:\/\/g1.globo.com\/rj\/norte-fluminense\/cidade\/miracema\/\" class=\"entities__list-itemLink\" data-track-click=\"Miracema\"> Miracema <\/a> <\/li>\n<\/ul>\n","protected":false},"excerpt":{"rendered":"<p>1 de 1&#013;Mandado de pris\u00e3o foi expedido contra Daniel Vitor Soares Silva, vulgo Capixaba, de 23 anos, ap\u00f3s assalto a posto de combust\u00edveis em Miracema \u2014 Foto: Pol\u00edcia Civil Mandado de pris\u00e3o foi expedido contra Daniel Vitor Soares Silva, vulgo Capixaba, de 23 anos, ap\u00f3s assalto a posto de combust\u00edveis em Miracema \u2014 Foto: Pol\u00edcia [&hellip;]<\/p>\n","protected":false},"author":1,"featured_media":0,"comment_status":"closed","ping_status":"closed","sticky":false,"template":"","format":"standard","meta":{"footnotes":""},"categories":[],"tags":[],"class_list":["post-52508","post","type-post","status-publish","format-standard","hentry"],"_links":{"self":[{"href":"https:\/\/blog.corretoraideal.com.br\/index.php\/wp-json\/wp\/v2\/posts\/52508","targetHints":{"allow":["GET"]}}],"collection":[{"href":"https:\/\/blog.corretoraideal.com.br\/index.php\/wp-json\/wp\/v2\/posts"}],"about":[{"href":"https:\/\/blog.corretoraideal.com.br\/index.php\/wp-json\/wp\/v2\/types\/post"}],"author":[{"embeddable":true,"href":"https:\/\/blog.corretoraideal.com.br\/index.php\/wp-json\/wp\/v2\/users\/1"}],"replies":[{"embeddable":true,"href":"https:\/\/blog.corretoraideal.com.br\/index.php\/wp-json\/wp\/v2\/comments?post=52508"}],"version-history":[{"count":1,"href":"https:\/\/blog.corretoraideal.com.br\/index.php\/wp-json\/wp\/v2\/posts\/52508\/revisions"}],"predecessor-version":[{"id":52510,"href":"https:\/\/blog.corretoraideal.com.br\/index.php\/wp-json\/wp\/v2\/posts\/52508\/revisions\/52510"}],"wp:attachment":[{"href":"https:\/\/blog.corretoraideal.com.br\/index.php\/wp-json\/wp\/v2\/media?parent=52508"}],"wp:term":[{"taxonomy":"category","embeddable":true,"href":"https:\/\/blog.corretoraideal.com.br\/index.php\/wp-json\/wp\/v2\/categories?post=52508"},{"taxonomy":"post_tag","embeddable":true,"href":"https:\/\/blog.corretoraideal.com.br\/index.php\/wp-json\/wp\/v2\/tags?post=52508"}],"curies":[{"name":"wp","href":"https:\/\/api.w.org\/{rel}","templated":true}]}}