{"id":52542,"date":"2023-09-10T01:29:35","date_gmt":"2023-09-10T01:29:35","guid":{"rendered":"https:\/\/blog.corretoraideal.com.br\/?p=52542"},"modified":"2023-09-10T01:29:35","modified_gmt":"2023-09-10T01:29:35","slug":"ibovespa-recua-e-fecha-aos-115-mil-pontos-de-olho-em-dados-dos-eua-e-cenario-fiscal-antes-do-feriado-economia-g1","status":"publish","type":"post","link":"https:\/\/blog.corretoraideal.com.br\/index.php\/2023\/09\/10\/ibovespa-recua-e-fecha-aos-115-mil-pontos-de-olho-em-dados-dos-eua-e-cenario-fiscal-antes-do-feriado-economia-g1\/","title":{"rendered":"Ibovespa recua e fecha aos 115 mil pontos, de olho em dados dos EUA e cen\u00e1rio fiscal antes do feriado | Economia | G1"},"content":{"rendered":"<p>      1 de 1&#013;Ibovespa opera com volatilidade nesta quarta-feira. \u2014 Foto: Pixabay    <\/p>\n<p> Ibovespa opera com volatilidade nesta quarta-feira. \u2014 Foto: Pixabay <\/p>\n<p> O <a class href=\"https:\/\/g1.globo.com\/tudo-sobre\/ibovespa\/\">Ibovespa<\/a>, principal \u00edndice da bolsa de valores de S\u00e3o Paulo, a <a class href=\"https:\/\/g1.globo.com\/tudo-sobre\/bmf-bovespa\/\">B3<\/a>, fechou em queda nesta quarta-feira (6). O dia foi marcado por uma grande avers\u00e3o aos riscos nos mercados internacionais, com o crescente receio de uma nova alta na infla\u00e7\u00e3o e desacelera\u00e7\u00e3o econ\u00f4mica. <\/p>\n<p> Ao final do preg\u00e3o, o \u00edndice caiu 1,15%, aos 115.985 pontos. <a class href=\"https:\/\/valor.globo.com\/wall-concurrence\/?next=https:\/\/valor.globo.com\/valor-data\/\">Veja mais cota\u00e7\u00f5es<\/a>. <\/p>\n<p> No dia anterior, o Ibovespa fechou em baixa de 0,48%, aos 117.331 pontos. Com o resultado de hoje, o \u00edndice passou a acumular: <\/p>\n<ul>\n<li><strong>queda de 1,62% na semana;<\/strong><\/li>\n<li><strong>e altas de 0,21% no m\u00eas e 5,70% no ano.<\/strong><\/li>\n<\/ul>\n<p> No mercado cambial, <a class href=\"https:\/\/g1.globo.com\/economia\/noticia\/2023\/09\/06\/dolar.ghtml\">o d\u00f3lar subiu 0,16% e fechou cotado a R$ 4,9827<\/a>. <\/p>\n<p><h2><strong>O que est\u00e1 mexendo com os mercados?<\/strong><\/h2>\n<\/p>\n<p> A avers\u00e3o ao risco que tomou conta dos neg\u00f3cios na v\u00e9spera continuou impactando os mercados em n\u00edvel global nesta quarta-feira (6), diante da perspectiva de desacelera\u00e7\u00e3o econ\u00f4mica em diversos pa\u00edses, al\u00e9m do receio de que a infla\u00e7\u00e3o volte a subir por conta dos pre\u00e7os do petr\u00f3leo. <\/p>\n<p> A Ar\u00e1bia Saudita e a R\u00fassia, dois dos maiores exportadores de petr\u00f3leo do mundo, anunciaram cortes na produ\u00e7\u00e3o da commodity, levando a uma valoriza\u00e7\u00e3o expressiva nos pre\u00e7os dos barris. <\/p>\n<p> O petr\u00f3leo \u00e9 mat\u00e9ria-prima para as mais diversas cadeias produtivas, al\u00e9m de ser a principal fonte de combust\u00edvel at\u00e9 hoje. Assim, com uma redu\u00e7\u00e3o na produ\u00e7\u00e3o da commodity, os seus pre\u00e7os sobem, j\u00e1 que a demanda pelo produto continua elevada. <\/p>\n<p> Justamente por ser mat\u00e9ria-prima essencial, uma alta nos pre\u00e7os do petr\u00f3leo tem o poder de impactar toda a din\u00e2mica de pre\u00e7os nos pa\u00edses, afetando diretamente a infla\u00e7\u00e3o. \u00c9 por esse medo de que a infla\u00e7\u00e3o \u2014 que j\u00e1 est\u00e1 alta \u2014 volte a subir pelo mundo que os investidores vivem dias de uma maior avers\u00e3o ao risco, priorizando os t\u00edtulos que s\u00e3o considerados mais seguros. <\/p>\n<p> &quot;O custo do petr\u00f3leo para cima atrapalha muito o custo da matriz energ\u00e9tica como um todo, ent\u00e3o isso tende levar a uma infla\u00e7\u00e3o. O mercado entendeu esse corte com o medo de uma infla\u00e7\u00e3o mais forte ou demorando mais a cair no cen\u00e1rio internacional, e a\u00ed a gente teria os <a class href=\"https:\/\/g1.globo.com\/tudo-sobre\/estados-unidos\/\">Estados Unidos<\/a> sendo obrigados a subir os juros ou manter os juros altos por mais tempo&quot;, explica Vitor Miziara, analista de investimentos. <\/p>\n<p> Isso aumenta a percep\u00e7\u00e3o de que a maior economia do mundo pode passar por um per\u00edodo de recess\u00e3o econ\u00f4mica, com juros e infla\u00e7\u00e3o em patamares elevados. <\/p>\n<p> No Brasil, com um dia se grandes destaques na v\u00e9spera do feriado de 7 de setembro, Dia da Independ\u00eancia, as aten\u00e7\u00f5es seguiram voltadas para o quadro fiscal e para o cen\u00e1rio pol\u00edtico brasileiro. <\/p>\n<ul>\n<li> <a href=\"https:\/\/g1.globo.com\/tudo-sobre\/bmf-bovespa\/\" class=\"entities__list-itemLink\" data-track-click=\"B3\"> B3 <\/a> <\/li>\n<li> <a href=\"https:\/\/g1.globo.com\/tudo-sobre\/banco-central-do-brasil\/\" class=\"entities__list-itemLink\" data-track-click=\"Banco Central do Brasil\"> Banco Central do Brasil <\/a> <\/li>\n<li> <a href=\"https:\/\/g1.globo.com\/tudo-sobre\/bradesco\/\" class=\"entities__list-itemLink\" data-track-click=\"Bradesco\"> Bradesco <\/a> <\/li>\n<li> <a href=\"https:\/\/g1.globo.com\/tudo-sobre\/brics\/\" class=\"entities__list-itemLink\" data-track-click=\"Brics\"> Brics <\/a> <\/li>\n<li> <a href=\"https:\/\/g1.globo.com\/tudo-sobre\/congresso-nacional\/\" class=\"entities__list-itemLink\" data-track-click=\"Congresso Nacional\"> Congresso Nacional <\/a> <\/li>\n<li> <a href=\"https:\/\/g1.globo.com\/tudo-sobre\/copom\/\" class=\"entities__list-itemLink\" data-track-click=\"Copom\"> Copom <\/a> <\/li>\n<li> <a href=\"https:\/\/g1.globo.com\/tudo-sobre\/camara-dos-deputados\/\" class=\"entities__list-itemLink\" data-track-click=\"C\u00e2mara dos Deputados\"> C\u00e2mara dos Deputados <\/a> <\/li>\n<li> <a href=\"https:\/\/g1.globo.com\/tudo-sobre\/estados-unidos\/\" class=\"entities__list-itemLink\" data-track-click=\"Estados Unidos\"> Estados Unidos <\/a> <\/li>\n<li> <a href=\"https:\/\/g1.globo.com\/tudo-sobre\/fed\/\" class=\"entities__list-itemLink\" data-track-click=\"FED\"> FED <\/a> <\/li>\n<li> <a href=\"https:\/\/g1.globo.com\/tudo-sobre\/ibge\/\" class=\"entities__list-itemLink\" data-track-click=\"IBGE\"> IBGE <\/a> <\/li>\n<li> <a href=\"https:\/\/g1.globo.com\/tudo-sobre\/ipca\/\" class=\"entities__list-itemLink\" data-track-click=\"IPCA\"> IPCA <\/a> <\/li>\n<li> <a href=\"https:\/\/g1.globo.com\/tudo-sobre\/ibovespa\/\" class=\"entities__list-itemLink\" data-track-click=\"Ibovespa\"> Ibovespa <\/a> <\/li>\n<li> <a href=\"https:\/\/g1.globo.com\/tudo-sobre\/itau-unibanco\/\" class=\"entities__list-itemLink\" data-track-click=\"Ita\u00fa\"> Ita\u00fa <\/a> <\/li>\n<li> <a href=\"https:\/\/g1.globo.com\/tudo-sobre\/luiz-inacio-lula-da-silva\/\" class=\"entities__list-itemLink\" data-track-click=\"Luiz In\u00e1cio Lula da Silva\"> Luiz In\u00e1cio Lula da Silva <\/a> <\/li>\n<li> <a href=\"https:\/\/g1.globo.com\/tudo-sobre\/ministerio-do-trabalho\/\" class=\"entities__list-itemLink\" data-track-click=\"Minist\u00e9rio do Trabalho\"> Minist\u00e9rio do Trabalho <\/a> <\/li>\n<li> <a href=\"https:\/\/g1.globo.com\/tudo-sobre\/petrobras\/\" class=\"entities__list-itemLink\" data-track-click=\"Petrobras\"> Petrobras <\/a> <\/li>\n<li> <a href=\"https:\/\/g1.globo.com\/tudo-sobre\/senado-federal\/\" class=\"entities__list-itemLink\" data-track-click=\"Senado\"> Senado <\/a> <\/li>\n<\/ul>\n","protected":false},"excerpt":{"rendered":"<p>1 de 1&#013;Ibovespa opera com volatilidade nesta quarta-feira. \u2014 Foto: Pixabay Ibovespa opera com volatilidade nesta quarta-feira. \u2014 Foto: Pixabay O Ibovespa, principal \u00edndice da bolsa de valores de S\u00e3o Paulo, a B3, fechou em queda nesta quarta-feira (6). O dia foi marcado por uma grande avers\u00e3o aos riscos nos mercados internacionais, com o crescente [&hellip;]<\/p>\n","protected":false},"author":1,"featured_media":0,"comment_status":"closed","ping_status":"closed","sticky":false,"template":"","format":"standard","meta":{"footnotes":""},"categories":[],"tags":[],"class_list":["post-52542","post","type-post","status-publish","format-standard","hentry"],"_links":{"self":[{"href":"https:\/\/blog.corretoraideal.com.br\/index.php\/wp-json\/wp\/v2\/posts\/52542","targetHints":{"allow":["GET"]}}],"collection":[{"href":"https:\/\/blog.corretoraideal.com.br\/index.php\/wp-json\/wp\/v2\/posts"}],"about":[{"href":"https:\/\/blog.corretoraideal.com.br\/index.php\/wp-json\/wp\/v2\/types\/post"}],"author":[{"embeddable":true,"href":"https:\/\/blog.corretoraideal.com.br\/index.php\/wp-json\/wp\/v2\/users\/1"}],"replies":[{"embeddable":true,"href":"https:\/\/blog.corretoraideal.com.br\/index.php\/wp-json\/wp\/v2\/comments?post=52542"}],"version-history":[{"count":1,"href":"https:\/\/blog.corretoraideal.com.br\/index.php\/wp-json\/wp\/v2\/posts\/52542\/revisions"}],"predecessor-version":[{"id":52544,"href":"https:\/\/blog.corretoraideal.com.br\/index.php\/wp-json\/wp\/v2\/posts\/52542\/revisions\/52544"}],"wp:attachment":[{"href":"https:\/\/blog.corretoraideal.com.br\/index.php\/wp-json\/wp\/v2\/media?parent=52542"}],"wp:term":[{"taxonomy":"category","embeddable":true,"href":"https:\/\/blog.corretoraideal.com.br\/index.php\/wp-json\/wp\/v2\/categories?post=52542"},{"taxonomy":"post_tag","embeddable":true,"href":"https:\/\/blog.corretoraideal.com.br\/index.php\/wp-json\/wp\/v2\/tags?post=52542"}],"curies":[{"name":"wp","href":"https:\/\/api.w.org\/{rel}","templated":true}]}}