{"id":52545,"date":"2023-09-10T04:30:28","date_gmt":"2023-09-10T04:30:28","guid":{"rendered":"https:\/\/blog.corretoraideal.com.br\/?p=52545"},"modified":"2023-09-10T04:30:28","modified_gmt":"2023-09-10T04:30:28","slug":"campos-tem-inscricao-aberta-para-curso-gratuito-de-turismo-cultural-norte-fluminense-g1","status":"publish","type":"post","link":"https:\/\/blog.corretoraideal.com.br\/index.php\/2023\/09\/10\/campos-tem-inscricao-aberta-para-curso-gratuito-de-turismo-cultural-norte-fluminense-g1\/","title":{"rendered":"Campos tem inscri\u00e7\u00e3o aberta para curso gratuito de Turismo Cultural | Norte Fluminense | G1"},"content":{"rendered":"<p>      1 de 1&#013;Interessados em participar do curso gratuito de Turismo Cultural, da Funda\u00e7\u00e3o Cultural Jornalista Oswaldo Lima (FCJOL), tem at\u00e9 o dia 15 de setembro para se inscrever \u2014 Foto: C\u00e9sar Ferreira\/Prefeitura de Campos    <\/p>\n<p> Interessados em participar do curso gratuito de Turismo Cultural, da Funda\u00e7\u00e3o Cultural Jornalista Oswaldo Lima (FCJOL), tem at\u00e9 o dia 15 de setembro para se inscrever \u2014 Foto: C\u00e9sar Ferreira\/Prefeitura de Campos <\/p>\n<p> <a class href=\"https:\/\/g1.globo.com\/rj\/norte-fluminense\/cidade\/campos-dos-goytacazes\/\">Campos dos Goytacazes<\/a>, no Norte Fluminense, est\u00e1 com inscri\u00e7\u00f5es abertas para o curso gratuito de Turismo Cultural, promovido pela Funda\u00e7\u00e3o Cultural Jornalista Oswaldo Lima (FCJOL). <\/p>\n<p> As inscri\u00e7\u00f5es <a class href=\"https:\/\/docs.google.com\/forms\/d\/e\/1FAIpQLScTOtHoZTryc-0lRsQeQgkxMxB8tu0ylzX0Ou8xjprN2ZBHow\/viewform\" target=\"_blank\" rel=\"noopener noreferrer\">podem ser feitas pela internet at\u00e9 o dia 15 de setembro, por meio de formul\u00e1rio digital.<\/a> <\/p>\n<p> A iniciativa ocorre por meio de parceria entre a FCJOL e o Grupo de Estudos do Patrim\u00f4nio Cultural, que faz parte do Laborat\u00f3rio de Estudo do Espa\u00e7o Antr\u00f3pico (LEEA), da Universidade Estadual do Norte Fluminense (Uenf) Darcy Ribeiro. <\/p>\n<p><h2>Aulas<\/h2>\n<\/p>\n<p> As aulas ocorrer\u00e3o na sede da Academia Campista de Letras, no Jardim S\u00e3o Benedito, nos dias 20 e 27 de setembro e 04 e 11 de outubro, das 14h \u00e0s 17h. <\/p>\n<p> Os temas abordados ser\u00e3o Patrim\u00f4nio Urbano e Paisagens Culturais, Patrim\u00f4nio Imaterial e Conhecimento Tradicional, Turismo de Base Comunit\u00e1ria, Novas Tecnologias e Linguagens para a Preserva\u00e7\u00e3o do Patrim\u00f4nio. <\/p>\n<p> \u201cSeguimos com nossos cursos, sempre visando a amplia\u00e7\u00e3o dos conhecimentos dos mun\u00edcipes. A ger\u00eancia de Forma\u00e7\u00e3o em Arte e Cultura da FCJOL segue em busca dos melhores e mais inovadores cursos, por meio do Programa de Forma\u00e7\u00e3o em Cultura, Saberes Culturais (ProFoC). Convidamos a comunidade a se inscrever para participar do Curso de Turismo Cultural\u201d, ressalta a presidente da FCJOL, Auxiliadora Freitas. <\/p>\n<ul>\n<li> <a href=\"https:\/\/g1.globo.com\/rj\/norte-fluminense\/cidade\/campos-dos-goytacazes\/\" class=\"entities__list-itemLink\" data-track-click=\"Campos dos Goytacazes\"> Campos dos Goytacazes <\/a> <\/li>\n<\/ul>\n","protected":false},"excerpt":{"rendered":"<p>1 de 1&#013;Interessados em participar do curso gratuito de Turismo Cultural, da Funda\u00e7\u00e3o Cultural Jornalista Oswaldo Lima (FCJOL), tem at\u00e9 o dia 15 de setembro para se inscrever \u2014 Foto: C\u00e9sar Ferreira\/Prefeitura de Campos Interessados em participar do curso gratuito de Turismo Cultural, da Funda\u00e7\u00e3o Cultural Jornalista Oswaldo Lima (FCJOL), tem at\u00e9 o dia 15 [&hellip;]<\/p>\n","protected":false},"author":1,"featured_media":0,"comment_status":"closed","ping_status":"closed","sticky":false,"template":"","format":"standard","meta":{"footnotes":""},"categories":[],"tags":[],"class_list":["post-52545","post","type-post","status-publish","format-standard","hentry"],"_links":{"self":[{"href":"https:\/\/blog.corretoraideal.com.br\/index.php\/wp-json\/wp\/v2\/posts\/52545","targetHints":{"allow":["GET"]}}],"collection":[{"href":"https:\/\/blog.corretoraideal.com.br\/index.php\/wp-json\/wp\/v2\/posts"}],"about":[{"href":"https:\/\/blog.corretoraideal.com.br\/index.php\/wp-json\/wp\/v2\/types\/post"}],"author":[{"embeddable":true,"href":"https:\/\/blog.corretoraideal.com.br\/index.php\/wp-json\/wp\/v2\/users\/1"}],"replies":[{"embeddable":true,"href":"https:\/\/blog.corretoraideal.com.br\/index.php\/wp-json\/wp\/v2\/comments?post=52545"}],"version-history":[{"count":1,"href":"https:\/\/blog.corretoraideal.com.br\/index.php\/wp-json\/wp\/v2\/posts\/52545\/revisions"}],"predecessor-version":[{"id":52547,"href":"https:\/\/blog.corretoraideal.com.br\/index.php\/wp-json\/wp\/v2\/posts\/52545\/revisions\/52547"}],"wp:attachment":[{"href":"https:\/\/blog.corretoraideal.com.br\/index.php\/wp-json\/wp\/v2\/media?parent=52545"}],"wp:term":[{"taxonomy":"category","embeddable":true,"href":"https:\/\/blog.corretoraideal.com.br\/index.php\/wp-json\/wp\/v2\/categories?post=52545"},{"taxonomy":"post_tag","embeddable":true,"href":"https:\/\/blog.corretoraideal.com.br\/index.php\/wp-json\/wp\/v2\/tags?post=52545"}],"curies":[{"name":"wp","href":"https:\/\/api.w.org\/{rel}","templated":true}]}}