{"id":52548,"date":"2023-09-10T06:29:38","date_gmt":"2023-09-10T06:29:38","guid":{"rendered":"https:\/\/blog.corretoraideal.com.br\/?p=52548"},"modified":"2023-09-10T06:29:38","modified_gmt":"2023-09-10T06:29:38","slug":"conab-estima-producao-recorde-de-3228-milhoes-de-toneladas-na-safra-2022-2023-com-alta-de-184-agronegocios-g1","status":"publish","type":"post","link":"https:\/\/blog.corretoraideal.com.br\/index.php\/2023\/09\/10\/conab-estima-producao-recorde-de-3228-milhoes-de-toneladas-na-safra-2022-2023-com-alta-de-184-agronegocios-g1\/","title":{"rendered":"Conab estima produ\u00e7\u00e3o recorde de 322,8 milh\u00f5es de toneladas na safra 2022\/2023, com alta de 18,4% | Agroneg\u00f3cios | G1"},"content":{"rendered":"\n<p> A Companhia Nacional de Abastecimento (Conab) estimou nesta quarta-feira (6) que a safra 2022\/2023, iniciada em outubro do ano passado e que se estende at\u00e9 setembro deste ano, vai somar 322,8 milh\u00f5es de toneladas. <\/p>\n<p> Se confirmado, o n\u00famero representa um crescimento de <strong>18,4%<\/strong>, ou de 50,1 milh\u00f5es de toneladas, contra a safra anterior. As informa\u00e7\u00f5es fazem parte do 12\u00ba levantamento divulgado pela Conab, realizado na \u00faltima semana de agosto. <\/p>\n<p> &quot;Nos primeiros dados divulgados pela Conab, a previs\u00e3o de safra era de 312,4 milh\u00f5es de toneladas, e encerramos o ciclo com 322,8 milh\u00f5es de toneladas. Uma diferen\u00e7a de 3,3% ou pouco mais de 10 milh\u00f5es de toneladas. Isso mostra o avan\u00e7o metodol\u00f3gico da Conab, que tem responsabilidade com os dados p\u00fablicos&quot;, afirmou o presidente da Conab, Edegar Pretto. <\/p>\n<p> De acordo com o diretor-executivo de Pol\u00edtica Agr\u00edcola e Informa\u00e7\u00f5es da Conab, S\u00edlvio Porto, 90% da safra 2022\/2023 refere-se a soja e milho. Ele informou que a estimativa para a soja, nesta safra, \u00e9 de 154,6 milh\u00f5es de toneladas, com alta de 23,2%, e para o milho \u00e9 de 131,8 milh\u00f5es de toneladas, com crescimento de 16,6%. <\/p>\n<p> &quot;Mas o que surpreende, que faz com que tenhamos crescimento expressivo da safra, \u00e9 a produtividade que se deu principalmente em fun\u00e7\u00e3o do clima que foi bom, apesar de ter sido problem\u00e1tico no inicio da safra, inclusive atrasando plantio (&#8230;) Ao longo do ciclo produtivo, as chuvas foram muito regulares, em quantidade apropriada&quot;, declarou Porto. <\/p>\n<p><h2>Arroz e feij\u00e3o<\/h2>\n<\/p>\n<p> Importantes produtos para a mesa do brasileiro, como o arroz e feij\u00e3o, apresentaram cen\u00e1rios distintos, segundo informou a Conab. <\/p>\n<p> No caso do feij\u00e3o, apesar da perda da \u00e1rea plantada, houve uma safra de tr\u00eas milh\u00f5es de toneladas, com alta de 1,7%, o que, segundo o diretor S\u00edlvio Porto, &quot;d\u00e1 tranquilidade sobre o abastecimento alimentar da popula\u00e7\u00e3o&quot;, com queda de pre\u00e7o. <\/p>\n<p> No caso do arroz, entretanto, a Conab informou que a &quot;melhora da produtividade n\u00e3o foi suficiente para compensar a menor \u00e1rea plantada (-4%) resultando numa queda de produ\u00e7\u00e3o de 6,9%, chegando a 10 milh\u00f5es de toneladas&quot;. <\/p>\n<p> &quot;Este resultado \u00e9 reflexo principalmente da estimativa de significativa redu\u00e7\u00e3o de \u00e1rea em meio \u00e0 reduzida rentabilidade projetada para o setor, com a menor atratividade financeira do setor oriz\u00edcola em rela\u00e7\u00e3o \u00e0s culturas concorrentes por \u00e1rea, como a soja e o milho&quot;, informou a Conab. <\/p>\n<ul> <\/ul>\n","protected":false},"excerpt":{"rendered":"<p>A Companhia Nacional de Abastecimento (Conab) estimou nesta quarta-feira (6) que a safra 2022\/2023, iniciada em outubro do ano passado e que se estende at\u00e9 setembro deste ano, vai somar 322,8 milh\u00f5es de toneladas. Se confirmado, o n\u00famero representa um crescimento de 18,4%, ou de 50,1 milh\u00f5es de toneladas, contra a safra anterior. As informa\u00e7\u00f5es [&hellip;]<\/p>\n","protected":false},"author":1,"featured_media":0,"comment_status":"closed","ping_status":"closed","sticky":false,"template":"","format":"standard","meta":{"footnotes":""},"categories":[],"tags":[],"class_list":["post-52548","post","type-post","status-publish","format-standard","hentry"],"_links":{"self":[{"href":"https:\/\/blog.corretoraideal.com.br\/index.php\/wp-json\/wp\/v2\/posts\/52548","targetHints":{"allow":["GET"]}}],"collection":[{"href":"https:\/\/blog.corretoraideal.com.br\/index.php\/wp-json\/wp\/v2\/posts"}],"about":[{"href":"https:\/\/blog.corretoraideal.com.br\/index.php\/wp-json\/wp\/v2\/types\/post"}],"author":[{"embeddable":true,"href":"https:\/\/blog.corretoraideal.com.br\/index.php\/wp-json\/wp\/v2\/users\/1"}],"replies":[{"embeddable":true,"href":"https:\/\/blog.corretoraideal.com.br\/index.php\/wp-json\/wp\/v2\/comments?post=52548"}],"version-history":[{"count":1,"href":"https:\/\/blog.corretoraideal.com.br\/index.php\/wp-json\/wp\/v2\/posts\/52548\/revisions"}],"predecessor-version":[{"id":52550,"href":"https:\/\/blog.corretoraideal.com.br\/index.php\/wp-json\/wp\/v2\/posts\/52548\/revisions\/52550"}],"wp:attachment":[{"href":"https:\/\/blog.corretoraideal.com.br\/index.php\/wp-json\/wp\/v2\/media?parent=52548"}],"wp:term":[{"taxonomy":"category","embeddable":true,"href":"https:\/\/blog.corretoraideal.com.br\/index.php\/wp-json\/wp\/v2\/categories?post=52548"},{"taxonomy":"post_tag","embeddable":true,"href":"https:\/\/blog.corretoraideal.com.br\/index.php\/wp-json\/wp\/v2\/tags?post=52548"}],"curies":[{"name":"wp","href":"https:\/\/api.w.org\/{rel}","templated":true}]}}