{"id":52552,"date":"2023-09-10T11:29:40","date_gmt":"2023-09-10T11:29:40","guid":{"rendered":"https:\/\/blog.corretoraideal.com.br\/?p=52552"},"modified":"2023-09-10T11:29:40","modified_gmt":"2023-09-10T11:29:40","slug":"produtores-se-preparam-para-inicio-do-plantio-da-soja-nosso-campo-g1","status":"publish","type":"post","link":"https:\/\/blog.corretoraideal.com.br\/index.php\/2023\/09\/10\/produtores-se-preparam-para-inicio-do-plantio-da-soja-nosso-campo-g1\/","title":{"rendered":"Produtores se preparam para in\u00edcio do plantio da soja | Nosso Campo | G1"},"content":{"rendered":"<p>      1 de 1&#013;Produtores se preparam para in\u00edcio do plantio da soja \u2014 Foto: TV TEM\/Reprodu\u00e7\u00e3o    <\/p>\n<p> Produtores se preparam para in\u00edcio do plantio da soja \u2014 Foto: TV TEM\/Reprodu\u00e7\u00e3o <\/p>\n<p> Agricultores do interior de S\u00e3o Paulo est\u00e3o se preparando para o in\u00edcio do plantio da soja no interior paulista. Flutua\u00e7\u00f5es no pre\u00e7o do d\u00f3lar, a desacelera\u00e7\u00e3o da economia chinesa e o fen\u00f4meno meteorol\u00f3gico El Ni\u00f1o s\u00e3o fatores que podem impactar na safra e pre\u00e7o do principal gr\u00e3o produzido no Brasil. <\/p>\n<p> Em S\u00e3o Paulo, a janela de plantio come\u00e7a neste s\u00e1bado (16), mas isso pode mudar nas propriedades, devido ao vazio sanit\u00e1rio &#8211; controle de manejo, determinado pelo Minist\u00e9rio da Agricultura, para evitar a contamina\u00e7\u00e3o da ferrugem asi\u00e1tica, principal doen\u00e7a da cultura e que, se n\u00e3o for controlada, pode comprometer at\u00e9 90% da safra. <\/p>\n<p> De acordo com a Companhia Nacional de Abastecimento (Conab), <strong>o Brasil colheu 154 milh\u00f5es de toneladas de soja<\/strong>, colheita 10,9% superior ao antigo recorde de produ\u00e7\u00e3o, registrado na safra 2020\/2021. J\u00e1 <strong>as lavouras paulistas produziram quase cinco milh\u00f5es de toneladas em 2023<\/strong>. <\/p>\n<p> <strong>Veja a reportagem exibida no programa em 10\/09\/2023:<\/strong> <\/p>\n<p>                   <img loading=\"lazy\" decoding=\"async\" class=\"aligncenter size-full wp-image-52554\" src=\"https:\/\/blog.corretoraideal.com.br\/wp-content\/uploads\/2023\/09\/produtores-se-preparam-para-inicio-do-plantio-da-soja-1.jpeg\" alt=\"Produtores se preparam para in\u00edcio do plantio da soja\" width=\"800\" height=\"400\" \/>      <\/p>\n<p> Produtores se preparam para in\u00edcio do plantio da soja <\/p>\n<p> O planejamento para a pr\u00f3xima safra tamb\u00e9m reflete nas agropecu\u00e1rias, j\u00e1 que a demanda por insumos agr\u00edcolas est\u00e1 em alta. <\/p>\n<p> Em uma agropecu\u00e1ria de Ourinhos (SP), a expectativa \u00e9 vender 1,5 tonelada de adubo e aproximadamente 10 mil sacas de sementes de soja nos pr\u00f3ximos dias. As encomendas s\u00e3o entregues nos dias que antecedem o plantio para garantir a germina\u00e7\u00e3o e preservar a qualidade. <\/p>\n<p><h2>V\u00cdDEOS: reveja as reportagens do Nosso Campo<\/h2>\n<\/p>\n<p>   <a href=\"https:\/\/g1.globo.com\/sp\/sorocaba-jundiai\/nosso-campo\/playlist\/videos-veja-as-reportagens-do-nosso-campo.ghtml\">    50 v\u00eddeos      <\/a>   <\/p>\n<p> <strong>Acesse + <\/strong><a class href=\"https:\/\/redeglobo.globo.com\/sp\/tvtem\/\"><strong>TV TEM<\/strong><\/a><strong> | <\/strong><a class href=\"https:\/\/redeglobo.globo.com\/sp\/tvtem\/sorocaba-e-regiao\/programacao\/?region=sorocaba-e-regiao#20170330527359https:\/\/redeglobo.globo.com\/sp\/tvtem\/sorocaba-e-regiao\/programacao\/?region=sorocaba-e-regiao#20170330527359\"><strong>Programa\u00e7\u00e3o<\/strong><\/a><strong> | <\/strong><a class href=\"https:\/\/redeglobo.globo.com\/sp\/tvtem\/noticia\/videos-acesse-os-catalogos-dos-programas-da-tv-tem.ghtml\"><strong>V\u00eddeos<\/strong><\/a><strong> | <\/strong><a class href=\"https:\/\/redeglobo.globo.com\/sp\/tvtem\/noticia\/pela-web-confira-os-enderecos-oficiais-da-tv-tem-nas-redes-sociais.ghtml\"><strong>Redes sociais<\/strong><\/a> <\/p>\n<ul>\n<li> <a href=\"https:\/\/g1.globo.com\/sp\/sao-jose-do-rio-preto-aracatuba\/cidade\/olimpia\/\" class=\"entities__list-itemLink\" data-track-click=\"Ol\u00edmpia\"> Ol\u00edmpia <\/a> <\/li>\n<\/ul>\n","protected":false},"excerpt":{"rendered":"<p>1 de 1&#013;Produtores se preparam para in\u00edcio do plantio da soja \u2014 Foto: TV TEM\/Reprodu\u00e7\u00e3o Produtores se preparam para in\u00edcio do plantio da soja \u2014 Foto: TV TEM\/Reprodu\u00e7\u00e3o Agricultores do interior de S\u00e3o Paulo est\u00e3o se preparando para o in\u00edcio do plantio da soja no interior paulista. Flutua\u00e7\u00f5es no pre\u00e7o do d\u00f3lar, a desacelera\u00e7\u00e3o da [&hellip;]<\/p>\n","protected":false},"author":1,"featured_media":0,"comment_status":"closed","ping_status":"closed","sticky":false,"template":"","format":"standard","meta":{"footnotes":""},"categories":[],"tags":[],"class_list":["post-52552","post","type-post","status-publish","format-standard","hentry"],"_links":{"self":[{"href":"https:\/\/blog.corretoraideal.com.br\/index.php\/wp-json\/wp\/v2\/posts\/52552","targetHints":{"allow":["GET"]}}],"collection":[{"href":"https:\/\/blog.corretoraideal.com.br\/index.php\/wp-json\/wp\/v2\/posts"}],"about":[{"href":"https:\/\/blog.corretoraideal.com.br\/index.php\/wp-json\/wp\/v2\/types\/post"}],"author":[{"embeddable":true,"href":"https:\/\/blog.corretoraideal.com.br\/index.php\/wp-json\/wp\/v2\/users\/1"}],"replies":[{"embeddable":true,"href":"https:\/\/blog.corretoraideal.com.br\/index.php\/wp-json\/wp\/v2\/comments?post=52552"}],"version-history":[{"count":1,"href":"https:\/\/blog.corretoraideal.com.br\/index.php\/wp-json\/wp\/v2\/posts\/52552\/revisions"}],"predecessor-version":[{"id":52555,"href":"https:\/\/blog.corretoraideal.com.br\/index.php\/wp-json\/wp\/v2\/posts\/52552\/revisions\/52555"}],"wp:attachment":[{"href":"https:\/\/blog.corretoraideal.com.br\/index.php\/wp-json\/wp\/v2\/media?parent=52552"}],"wp:term":[{"taxonomy":"category","embeddable":true,"href":"https:\/\/blog.corretoraideal.com.br\/index.php\/wp-json\/wp\/v2\/categories?post=52552"},{"taxonomy":"post_tag","embeddable":true,"href":"https:\/\/blog.corretoraideal.com.br\/index.php\/wp-json\/wp\/v2\/tags?post=52552"}],"curies":[{"name":"wp","href":"https:\/\/api.w.org\/{rel}","templated":true}]}}