{"id":52556,"date":"2023-09-10T16:29:42","date_gmt":"2023-09-10T16:29:42","guid":{"rendered":"https:\/\/blog.corretoraideal.com.br\/?p=52556"},"modified":"2023-09-10T16:29:42","modified_gmt":"2023-09-10T16:29:42","slug":"cooperativa-alia-recuperacao-da-floresta-amazonica-com-cultivo-de-frutos-nativos-no-norte-do-brasil-globo-rural-g1","status":"publish","type":"post","link":"https:\/\/blog.corretoraideal.com.br\/index.php\/2023\/09\/10\/cooperativa-alia-recuperacao-da-floresta-amazonica-com-cultivo-de-frutos-nativos-no-norte-do-brasil-globo-rural-g1\/","title":{"rendered":"Cooperativa alia recupera\u00e7\u00e3o da floresta amaz\u00f4nica com cultivo de frutos nativos no Norte do Brasil | Globo Rural | G1"},"content":{"rendered":"<p>                <img loading=\"lazy\" decoding=\"async\" class=\"aligncenter size-full wp-image-52558\" src=\"https:\/\/blog.corretoraideal.com.br\/wp-content\/uploads\/2023\/09\/cooperativa-alia-recuperacao-da-floresta-amazonica-com-cultivo-de-frutos-nativos-no-norte.jpeg\" alt=\"Cooperativa alia recupera\u00e7\u00e3o da floresta amaz\u00f4nica com cultivo de frutos nativos no Norte\" width=\"800\" height=\"400\" \/>      <\/p>\n<p> Cooperativa alia recupera\u00e7\u00e3o da floresta amaz\u00f4nica com cultivo de frutos nativos no Norte <\/p>\n<p> Uma cooperativa est\u00e1 aliando a recupera\u00e7\u00e3o da floresta amaz\u00f4nica com o cultivo de frutos nativos no Norte do pa\u00eds. <\/p>\n<p> A hist\u00f3ria do grupo come\u00e7ou ainda nos anos 80, quando o Governo Federal passou a doar terras da regi\u00e3o para estimular a produ\u00e7\u00e3o agr\u00edcola em \u00e1reas florestais. A promessa de uma vida melhor atraiu um grande n\u00famero de fam\u00edlias do Sul e Sudeste para a regi\u00e3o amaz\u00f4nica. <\/p>\n<p> Os produtores se dedicavam \u00e0 pecu\u00e1ria e \u00e0 agricultura tradicional, mas, hoje, o caminho \u00e9 o inverso. Eles se uniram para recuperar a Floresta Amaz\u00f4nica e ganhar dinheiro com frutos nativos. <\/p>\n<p> Dona Ildete Berkenbrock e o esposo s\u00e3o alguns dos envolvidos na iniciativa. Em 1986, o casal catarinense se mudou para a regi\u00e3o com o objetivo de cultivar arroz, milho e feij\u00e3o. Apesar da for\u00e7a de vontade, a planta\u00e7\u00e3o n\u00e3o deu lucros e os dois passaram a sobreviver da extra\u00e7\u00e3o de l\u00e1tex. <\/p>\n<p> O fen\u00f4meno refletiu na falta de oportunidade para muitos seringueiros que, sem outras habilidades, se voltaram para as periferias dos grandes centros urbanos. Os que ficaram precisaram se adaptar. <\/p>\n<p>                   <img loading=\"lazy\" decoding=\"async\" class=\"aligncenter size-full wp-image-52559\" src=\"https:\/\/blog.corretoraideal.com.br\/wp-content\/uploads\/2023\/09\/agricultores-agregam-valor-aos-produtos-tirados-da-agrofloresta-em-rondonia.jpeg\" alt=\"Agricultores agregam valor aos produtos tirados da agrofloresta em Rond\u00f4nia\" width=\"800\" height=\"400\" \/>      <\/p>\n<p> Agricultores agregam valor aos produtos tirados da agrofloresta em Rond\u00f4nia <\/p>\n<p><h2>Projeto Reca<\/h2>\n<\/p>\n<p> Foi diante deste cen\u00e1rio que, em 1989, agricultores da regi\u00e3o se uniram para criar o projeto Reflorestamento Econ\u00f4mico Consorciado e Adensado (RECA). A iniciativa<strong> <\/strong>ajudou a capacitar os cooperados e deu espa\u00e7o para as agroflorestas &#8211; sistema de plantio que \u00e9 sustent\u00e1vel e faz a recupera\u00e7\u00e3o vegetal e do solo. <\/p>\n<p> Segundo Hamilton, presidente da cooperativa, a inten\u00e7\u00e3o do projeto \u00e9 gerar renda ao produtor atrav\u00e9s da recupera\u00e7\u00e3o da natureza. Assim como outros integrantes, ele viu de perto a destrui\u00e7\u00e3o de \u00e1reas florestais pela pecu\u00e1ria. <\/p>\n<p> Especialistas apontam que o pisoteio de gado muito compactado n\u00e3o deixa que o solo absorva a \u00e1gua. <\/p>\n<p> \u00c9 com o plantio de \u00e1rvores nativas e mat\u00e9ria org\u00e2nica que o impacto no solo diminui. A maioria dos agricultores de Rond\u00f4nia usa pelo menos tr\u00eas esp\u00e9cies para formar um sistema agroflorestal. Mas, quanto mais diversidade, melhor. <\/p>\n<p> Na propriedade do Hamilton, a recupera\u00e7\u00e3o foi feita atrav\u00e9s da planta\u00e7\u00e3o de andiroba, am\u00eandoas, cupua\u00e7u, castanhas e a\u00e7a\u00ed. Sempre que colhidos, os frutos amaz\u00f4nicos s\u00e3o levados para a sede da cooperativa RECA, onde funciona a agroind\u00fastria. <\/p>\n<p><h2>Beneficiamento dos frutos ?<\/h2>\n<\/p>\n<p> Enquanto a polpa dos frutos sadios \u00e9 extra\u00edda para ser processada, os produtos que est\u00e3o quebrados ou com pragas s\u00e3o aproveitados na compostagem. Na sequ\u00eancia, os produtos s\u00e3o embalados e levados para as c\u00e2maras frias, onde ficam prontos para a venda. <\/p>\n<p> Atualmente, a cooperativa tem cerca de 300 fam\u00edlias associadas em Rond\u00f4nia, Acre e Amazonas. S\u00e3o pequenos agricultores, que, em conjunto, compram insumos e comercializam as safras. <\/p>\n<p> A maioria n\u00e3o usa agrot\u00f3xicos, sendo que 40% dos produtores t\u00eam a certifica\u00e7\u00e3o org\u00e2nica. Eles trabalham com pelo menos 10 frutos diferentes e cultivam mais de 2 mil toneladas por ano. <\/p>\n<p> Al\u00e9m das polpas congeladas, os cooperados garantem renda com a produ\u00e7\u00e3o de doces, geleias e licores. <\/p>\n<p> <strong>Confira a reportagem completa no V\u00cdDEO ACIMA.<\/strong> <\/p>\n<p><h2>Veja os v\u00eddeos mais assistidos do Globo Rural<\/h2>\n<\/p>\n<p>   <a href=\"https:\/\/g1.globo.com\/economia\/agronegocios\/globo-rural\/playlist\/videos-globo-rural.ghtml\">    50 v\u00eddeos      <\/a>   <\/p>\n<p><h2>De onde vem &#8211; Ou\u00e7a outros epis\u00f3dios: <\/h2>\n<\/p>\n<ul>\n<li> <a href=\"https:\/\/g1.globo.com\/topico\/acre\" class=\"entities__list-itemLink\" data-track-click=\"Acre\"> Acre <\/a> <\/li>\n<li> <a href=\"https:\/\/g1.globo.com\/ro\/rondonia\/cidade\/nova-california\/\" class=\"entities__list-itemLink\" data-track-click=\"Nova Calif\u00f3rnia\"> Nova Calif\u00f3rnia <\/a> <\/li>\n<li> <a href=\"https:\/\/g1.globo.com\/topico\/rondonia\" class=\"entities__list-itemLink\" data-track-click=\"Rond\u00f4nia\"> Rond\u00f4nia <\/a> <\/li>\n<\/ul>\n","protected":false},"excerpt":{"rendered":"<p>Cooperativa alia recupera\u00e7\u00e3o da floresta amaz\u00f4nica com cultivo de frutos nativos no Norte Uma cooperativa est\u00e1 aliando a recupera\u00e7\u00e3o da floresta amaz\u00f4nica com o cultivo de frutos nativos no Norte do pa\u00eds. A hist\u00f3ria do grupo come\u00e7ou ainda nos anos 80, quando o Governo Federal passou a doar terras da regi\u00e3o para estimular a produ\u00e7\u00e3o [&hellip;]<\/p>\n","protected":false},"author":1,"featured_media":0,"comment_status":"closed","ping_status":"closed","sticky":false,"template":"","format":"standard","meta":{"footnotes":""},"categories":[],"tags":[],"class_list":["post-52556","post","type-post","status-publish","format-standard","hentry"],"_links":{"self":[{"href":"https:\/\/blog.corretoraideal.com.br\/index.php\/wp-json\/wp\/v2\/posts\/52556","targetHints":{"allow":["GET"]}}],"collection":[{"href":"https:\/\/blog.corretoraideal.com.br\/index.php\/wp-json\/wp\/v2\/posts"}],"about":[{"href":"https:\/\/blog.corretoraideal.com.br\/index.php\/wp-json\/wp\/v2\/types\/post"}],"author":[{"embeddable":true,"href":"https:\/\/blog.corretoraideal.com.br\/index.php\/wp-json\/wp\/v2\/users\/1"}],"replies":[{"embeddable":true,"href":"https:\/\/blog.corretoraideal.com.br\/index.php\/wp-json\/wp\/v2\/comments?post=52556"}],"version-history":[{"count":1,"href":"https:\/\/blog.corretoraideal.com.br\/index.php\/wp-json\/wp\/v2\/posts\/52556\/revisions"}],"predecessor-version":[{"id":52560,"href":"https:\/\/blog.corretoraideal.com.br\/index.php\/wp-json\/wp\/v2\/posts\/52556\/revisions\/52560"}],"wp:attachment":[{"href":"https:\/\/blog.corretoraideal.com.br\/index.php\/wp-json\/wp\/v2\/media?parent=52556"}],"wp:term":[{"taxonomy":"category","embeddable":true,"href":"https:\/\/blog.corretoraideal.com.br\/index.php\/wp-json\/wp\/v2\/categories?post=52556"},{"taxonomy":"post_tag","embeddable":true,"href":"https:\/\/blog.corretoraideal.com.br\/index.php\/wp-json\/wp\/v2\/tags?post=52556"}],"curies":[{"name":"wp","href":"https:\/\/api.w.org\/{rel}","templated":true}]}}