{"id":52561,"date":"2023-09-10T17:29:39","date_gmt":"2023-09-10T17:29:39","guid":{"rendered":"https:\/\/blog.corretoraideal.com.br\/?p=52561"},"modified":"2023-09-10T17:29:39","modified_gmt":"2023-09-10T17:29:39","slug":"iphone-15-sera-mais-caro-e-modelos-pro-terao-primeiro-reajuste-dizem-jornais-veja-o-que-esperar-dos-novos-celulares-da-apple-tecnologia-g1","status":"publish","type":"post","link":"https:\/\/blog.corretoraideal.com.br\/index.php\/2023\/09\/10\/iphone-15-sera-mais-caro-e-modelos-pro-terao-primeiro-reajuste-dizem-jornais-veja-o-que-esperar-dos-novos-celulares-da-apple-tecnologia-g1\/","title":{"rendered":"iPhone 15 ser\u00e1 mais caro e modelos &#039;Pro&#039; ter\u00e3o primeiro reajuste, dizem jornais; veja o que esperar dos novos celulares da Apple | Tecnologia | G1"},"content":{"rendered":"<p>      1 de 2&#013;iPhone 14 Pro \u2014 Foto: Apple    <\/p>\n<p> iPhone 14 Pro \u2014 Foto: Apple <\/p>\n<p> O pre\u00e7o do iPhone 15 no lan\u00e7amento dever\u00e1 ser mais alto que os das gera\u00e7\u00f5es anteriores, segundo o Wall Street Journal e a Bloomberg. <strong>A Apple deve apresentar os novos celulares na ter\u00e7a-feira (12), a partir das 14h (hor\u00e1rio de Bras\u00edlia). <\/strong> <\/p>\n<p> Analistas ouvidos pelo Wall Street Journal dizem que os pre\u00e7os de alguns dos novos celulares devem subir em US$ 100 (cerca de R$ 500). A Bloomberg, por sua vez, n\u00e3o citou valores, mas informou que a Apple cogitava aumentar pre\u00e7os dos modelos com recursos mais avan\u00e7ados. <\/p>\n<p> Como compara\u00e7\u00e3o, o iPhone 14 foi lan\u00e7ado nos Estados Unidos com pre\u00e7os entre US$ 799 e US$ 1.099 (<a class href=\"https:\/\/g1.globo.com\/tecnologia\/noticia\/2022\/09\/07\/iphone-14-apple-apresenta-novos-produtos.ghtml\">no Brasil, entre R$ 7.599 e R$ 10.499<\/a>) nas vers\u00f5es com menos espa\u00e7o de armazenamento. O iPhone 14 Pro Max de 1 TB, por exemplo, custa US$ 1.599 (R$ 15.499, no Brasil). <\/p>\n<p><h2>O que esperar no iPhone 15 <\/h2>\n<\/p>\n<p> A expectativa \u00e9 de que a Apple siga o que fez nos anos anteriores e lance quatro novos celulares. Os dois mais caros dever\u00e3o ser o iPhone 15 Pro e 15 Pro Max, enquanto os mais baratos dever\u00e3o ser o iPhone 15 e 15 Plus, segundo a Bloomberg. <\/p>\n<p> O jornal tamb\u00e9m afirma que a Apple usar\u00e1 acabamento em tit\u00e2nio nos modelos &quot;Pro&quot;, o que far\u00e1 os celulares ficarem mais leves. Para os dois modelos mais caros, a empresa tamb\u00e9m dever\u00e1 apresentar bordas mais finas ao redor da tela e equip\u00e1-los com um novo processador, o A17. <\/p>\n<p> O iPhone 15 Pro Max dever\u00e1 ter c\u00e2mera com zoom \u00f3ptico mais poderoso, o que lhe permitiria capturar imagens de objetos distantes com mais qualidade. <\/p>\n<p> J\u00e1 o iPhone 15 e 15 Plus dever\u00e3o ganhar itens que foram lan\u00e7ados primeiro no iPhone 14 Pro, como o processador A16 e o Dynamic Island, que faz a \u00e1rea ao redor da c\u00e2mera frontal interagir com anima\u00e7\u00f5es do sistema operacional iOS. <\/p>\n<p> Todos os novos modelos tamb\u00e9m passar\u00e3o a contar com a entrada USB-C (em vez da Lightning) por conta de uma determina\u00e7\u00e3o feita em 2022 pela Uni\u00e3o Europeia. <\/p>\n<p> <strong>LEIA TAMB\u00c9M:<\/strong> <\/p>\n<ul>\n<li><a class href=\"https:\/\/g1.globo.com\/tecnologia\/noticia\/2023\/09\/06\/stopclub-o-aplicativo-que-trava-batalha-com-a-uber-apos-permitir-recusa-automatica-de-corridas-por-motoristas.ghtml\">Aplicativo trava batalha com a Uber ap\u00f3s permitir &#x27;recusa autom\u00e1tica&#x27; por motoristas<\/a><\/li>\n<li><a class href=\"https:\/\/g1.globo.com\/tecnologia\/noticia\/2023\/08\/17\/seguranca-da-informacao-tem-salario-de-r-38-mil-mas-nao-encontra-profissionais-veja-como-entrar.ghtml\">Seguran\u00e7a da informa\u00e7\u00e3o tem sal\u00e1rio de R$ 38 mil, mas n\u00e3o encontra profissionais<\/a><\/li>\n<li><a class href=\"https:\/\/g1.globo.com\/tecnologia\/noticia\/2023\/08\/27\/modo-aviao-do-celular-por-que-e-preciso-ativar-o-recurso-durante-voos.ghtml\">Por que \u00e9 preciso ativar o modo avi\u00e3o do celular durante voos<\/a><\/li>\n<\/ul>\n<p>         2 de 2&#013;iPhone 14 Pro foi o primeiro com a \u00e1rea batizada de Dynamic Island \u2014 Foto: Apple    <\/p>\n<p> iPhone 14 Pro foi o primeiro com a \u00e1rea batizada de Dynamic Island \u2014 Foto: Apple <\/p>\n<p>                   <img loading=\"lazy\" decoding=\"async\" class=\"aligncenter size-full wp-image-52563\" src=\"https:\/\/blog.corretoraideal.com.br\/wp-content\/uploads\/2023\/09\/conheca-o-vision-pro-o-oculos-de-realidade-mista-da-apple.jpeg\" alt=\"Conhe\u00e7a o Vision Pro, o \u00f3culos de realidade mista da Apple\" width=\"800\" height=\"400\" \/>      <\/p>\n<p> Conhe\u00e7a o Vision Pro, o \u00f3culos de realidade mista da Apple <\/p>\n<ul> <\/ul>\n","protected":false},"excerpt":{"rendered":"<p>1 de 2&#013;iPhone 14 Pro \u2014 Foto: Apple iPhone 14 Pro \u2014 Foto: Apple O pre\u00e7o do iPhone 15 no lan\u00e7amento dever\u00e1 ser mais alto que os das gera\u00e7\u00f5es anteriores, segundo o Wall Street Journal e a Bloomberg. A Apple deve apresentar os novos celulares na ter\u00e7a-feira (12), a partir das 14h (hor\u00e1rio de Bras\u00edlia). [&hellip;]<\/p>\n","protected":false},"author":1,"featured_media":0,"comment_status":"closed","ping_status":"closed","sticky":false,"template":"","format":"standard","meta":{"footnotes":""},"categories":[],"tags":[],"class_list":["post-52561","post","type-post","status-publish","format-standard","hentry"],"_links":{"self":[{"href":"https:\/\/blog.corretoraideal.com.br\/index.php\/wp-json\/wp\/v2\/posts\/52561","targetHints":{"allow":["GET"]}}],"collection":[{"href":"https:\/\/blog.corretoraideal.com.br\/index.php\/wp-json\/wp\/v2\/posts"}],"about":[{"href":"https:\/\/blog.corretoraideal.com.br\/index.php\/wp-json\/wp\/v2\/types\/post"}],"author":[{"embeddable":true,"href":"https:\/\/blog.corretoraideal.com.br\/index.php\/wp-json\/wp\/v2\/users\/1"}],"replies":[{"embeddable":true,"href":"https:\/\/blog.corretoraideal.com.br\/index.php\/wp-json\/wp\/v2\/comments?post=52561"}],"version-history":[{"count":1,"href":"https:\/\/blog.corretoraideal.com.br\/index.php\/wp-json\/wp\/v2\/posts\/52561\/revisions"}],"predecessor-version":[{"id":52564,"href":"https:\/\/blog.corretoraideal.com.br\/index.php\/wp-json\/wp\/v2\/posts\/52561\/revisions\/52564"}],"wp:attachment":[{"href":"https:\/\/blog.corretoraideal.com.br\/index.php\/wp-json\/wp\/v2\/media?parent=52561"}],"wp:term":[{"taxonomy":"category","embeddable":true,"href":"https:\/\/blog.corretoraideal.com.br\/index.php\/wp-json\/wp\/v2\/categories?post=52561"},{"taxonomy":"post_tag","embeddable":true,"href":"https:\/\/blog.corretoraideal.com.br\/index.php\/wp-json\/wp\/v2\/tags?post=52561"}],"curies":[{"name":"wp","href":"https:\/\/api.w.org\/{rel}","templated":true}]}}