{"id":52565,"date":"2023-09-10T19:29:39","date_gmt":"2023-09-10T19:29:39","guid":{"rendered":"https:\/\/blog.corretoraideal.com.br\/?p=52565"},"modified":"2023-09-10T19:29:39","modified_gmt":"2023-09-10T19:29:39","slug":"suspeito-de-tentar-assaltar-banca-e-preso-em-campos-norte-fluminense-g1","status":"publish","type":"post","link":"https:\/\/blog.corretoraideal.com.br\/index.php\/2023\/09\/10\/suspeito-de-tentar-assaltar-banca-e-preso-em-campos-norte-fluminense-g1\/","title":{"rendered":"Suspeito de tentar assaltar banca \u00e9 preso em Campos | Norte Fluminense | G1"},"content":{"rendered":"\n<p> Um homem foi preso suspeito de tentar assaltar uma banca no Centro de <a class href=\"https:\/\/g1.globo.com\/rj\/norte-fluminense\/cidade\/campos-dos-goytacazes\/\">Campos dos Goytacazes<\/a>, no Norte Fluminense, na manh\u00e3 deste domingo (10). <\/p>\n<p> Segundo a Pol\u00edcia Militar, o propriet\u00e1rio de banca e o homem entraram em luta corporal, mas pessoas que passavam pelo local ajudaram o comerciante detendo o suposto ladr\u00e3o. <\/p>\n<p> A v\u00edtima relatou \u00e0 pol\u00edcia que o homem chegou fingindo estar armado e que, depois, observou que o mesmo estava com um form\u00e3o \u00e9 uma faca. <\/p>\n<p> O homem que foi detido alegou que foi agredido por pessoas no local \u00e9 que estava com dores na nuca. <\/p>\n<p> Ele foi levado pelos agentes para o Hospital Ferreira Machado, e, posteriormente, \u00e0 134\u00aa Delegacia de Pol\u00edcia, onde foi autuado e ficou preso. <\/p>\n<ul>\n<li> <a href=\"https:\/\/g1.globo.com\/rj\/norte-fluminense\/cidade\/campos-dos-goytacazes\/\" class=\"entities__list-itemLink\" data-track-click=\"Campos dos Goytacazes\"> Campos dos Goytacazes <\/a> <\/li>\n<\/ul>\n","protected":false},"excerpt":{"rendered":"<p>Um homem foi preso suspeito de tentar assaltar uma banca no Centro de Campos dos Goytacazes, no Norte Fluminense, na manh\u00e3 deste domingo (10). Segundo a Pol\u00edcia Militar, o propriet\u00e1rio de banca e o homem entraram em luta corporal, mas pessoas que passavam pelo local ajudaram o comerciante detendo o suposto ladr\u00e3o. A v\u00edtima relatou [&hellip;]<\/p>\n","protected":false},"author":1,"featured_media":0,"comment_status":"closed","ping_status":"closed","sticky":false,"template":"","format":"standard","meta":{"footnotes":""},"categories":[],"tags":[],"class_list":["post-52565","post","type-post","status-publish","format-standard","hentry"],"_links":{"self":[{"href":"https:\/\/blog.corretoraideal.com.br\/index.php\/wp-json\/wp\/v2\/posts\/52565","targetHints":{"allow":["GET"]}}],"collection":[{"href":"https:\/\/blog.corretoraideal.com.br\/index.php\/wp-json\/wp\/v2\/posts"}],"about":[{"href":"https:\/\/blog.corretoraideal.com.br\/index.php\/wp-json\/wp\/v2\/types\/post"}],"author":[{"embeddable":true,"href":"https:\/\/blog.corretoraideal.com.br\/index.php\/wp-json\/wp\/v2\/users\/1"}],"replies":[{"embeddable":true,"href":"https:\/\/blog.corretoraideal.com.br\/index.php\/wp-json\/wp\/v2\/comments?post=52565"}],"version-history":[{"count":1,"href":"https:\/\/blog.corretoraideal.com.br\/index.php\/wp-json\/wp\/v2\/posts\/52565\/revisions"}],"predecessor-version":[{"id":52567,"href":"https:\/\/blog.corretoraideal.com.br\/index.php\/wp-json\/wp\/v2\/posts\/52565\/revisions\/52567"}],"wp:attachment":[{"href":"https:\/\/blog.corretoraideal.com.br\/index.php\/wp-json\/wp\/v2\/media?parent=52565"}],"wp:term":[{"taxonomy":"category","embeddable":true,"href":"https:\/\/blog.corretoraideal.com.br\/index.php\/wp-json\/wp\/v2\/categories?post=52565"},{"taxonomy":"post_tag","embeddable":true,"href":"https:\/\/blog.corretoraideal.com.br\/index.php\/wp-json\/wp\/v2\/tags?post=52565"}],"curies":[{"name":"wp","href":"https:\/\/api.w.org\/{rel}","templated":true}]}}