{"id":52568,"date":"2023-09-10T21:29:45","date_gmt":"2023-09-10T21:29:45","guid":{"rendered":"https:\/\/blog.corretoraideal.com.br\/?p=52568"},"modified":"2023-09-10T21:29:45","modified_gmt":"2023-09-10T21:29:45","slug":"ciclone-causa-prejuizos-para-produtores-rurais-da-regiao-sul-globo-rural-g1","status":"publish","type":"post","link":"https:\/\/blog.corretoraideal.com.br\/index.php\/2023\/09\/10\/ciclone-causa-prejuizos-para-produtores-rurais-da-regiao-sul-globo-rural-g1\/","title":{"rendered":"Ciclone causa preju\u00edzos para produtores rurais da regi\u00e3o Sul | Globo Rural | G1"},"content":{"rendered":"<p>                <img loading=\"lazy\" decoding=\"async\" class=\"aligncenter size-full wp-image-52570\" src=\"https:\/\/blog.corretoraideal.com.br\/wp-content\/uploads\/2023\/09\/ciclone-causa-prejuizos-para-produtores-rurais-da-regiao-sul-1.jpeg\" alt=\"Ciclone causa preju\u00edzos para produtores rurais da regi\u00e3o Sul\" width=\"800\" height=\"400\" \/>      <\/p>\n<p> Ciclone causa preju\u00edzos para produtores rurais da regi\u00e3o Sul <\/p>\n<p> O ciclone que atingiu a regi\u00e3o Sul do Brasil, principalmente o Rio Grande do Sul nesta semana causou, al\u00e9m de dezenas de mortes e destrui\u00e7\u00e3o, grandes perdas no campo. <\/p>\n<p> Os munic\u00edpios ga\u00fachos mais atingidos ficam perto da Serra, regi\u00e3o com muita produ\u00e7\u00e3o rural.<strong> <\/strong>Outra \u00e1rea com preju\u00edzos na produ\u00e7\u00e3o foi o Vale do <a class href=\"https:\/\/g1.globo.com\/rs\/rio-grande-do-sul\/cidade\/taquari\/\">Taquari<\/a>. <\/p>\n<p> As propriedades rurais foram tomadas pelas enchentes que causou danos para a lavoura, cria\u00e7\u00e3o de aves e porcos, entre outros. O <a class href=\"https:\/\/g1.globo.com\/economia\/agronegocios\/globo-rural\/\"><strong>Globo Rural <\/strong><\/a>conversou com produtores. <\/p>\n<p> Al\u00e9m das perdas generalizadas, outro preju\u00edzo representativo foi que a parte f\u00e9rtil do solo foi varrida pela correnteza. As estradas foram ocupadas por lama e quedas de \u00e1rvores, o que dificulta o acesso para chegar nas \u00e1reas atingidas. <\/p>\n<p> <strong>Confira a reportagem completa no V\u00cdDEO ACIMA.<\/strong> <\/p>\n<p><h2><strong>Veja os v\u00eddeos mais assistidos do Globo Rural: <\/strong><\/h2>\n<\/p>\n<p>   <a href=\"https:\/\/g1.globo.com\/economia\/agronegocios\/globo-rural\/videos-globo-rural\/playlist\/videos-mais-assistidos-do-globo-rural.ghtml\">    50 v\u00eddeos      <\/a>   <\/p>\n<ul>\n<li> <a href=\"https:\/\/g1.globo.com\/rs\/rio-grande-do-sul\/cidade\/colinas-rs\/\" class=\"entities__list-itemLink\" data-track-click=\"Colinas\"> Colinas <\/a> <\/li>\n<li> <a href=\"https:\/\/g1.globo.com\/rs\/rio-grande-do-sul\/cidade\/estrela\/\" class=\"entities__list-itemLink\" data-track-click=\"Estrela\"> Estrela <\/a> <\/li>\n<li> <a href=\"https:\/\/g1.globo.com\/topico\/rio-grande-do-sul\" class=\"entities__list-itemLink\" data-track-click=\"Rio Grande do Sul\"> Rio Grande do Sul <\/a> <\/li>\n<li> <a href=\"https:\/\/g1.globo.com\/rs\/rio-grande-do-sul\/cidade\/roca-sales\/\" class=\"entities__list-itemLink\" data-track-click=\"Roca Sales\"> Roca Sales <\/a> <\/li>\n<li> <a href=\"https:\/\/g1.globo.com\/rs\/rio-grande-do-sul\/cidade\/santa-tereza\/\" class=\"entities__list-itemLink\" data-track-click=\"Santa Tereza\"> Santa Tereza <\/a> <\/li>\n<li> <a href=\"https:\/\/g1.globo.com\/rs\/rio-grande-do-sul\/cidade\/taquari\/\" class=\"entities__list-itemLink\" data-track-click=\"Taquari\"> Taquari <\/a> <\/li>\n<\/ul>\n","protected":false},"excerpt":{"rendered":"<p>Ciclone causa preju\u00edzos para produtores rurais da regi\u00e3o Sul O ciclone que atingiu a regi\u00e3o Sul do Brasil, principalmente o Rio Grande do Sul nesta semana causou, al\u00e9m de dezenas de mortes e destrui\u00e7\u00e3o, grandes perdas no campo. Os munic\u00edpios ga\u00fachos mais atingidos ficam perto da Serra, regi\u00e3o com muita produ\u00e7\u00e3o rural. Outra \u00e1rea com [&hellip;]<\/p>\n","protected":false},"author":1,"featured_media":0,"comment_status":"closed","ping_status":"closed","sticky":false,"template":"","format":"standard","meta":{"footnotes":""},"categories":[],"tags":[],"class_list":["post-52568","post","type-post","status-publish","format-standard","hentry"],"_links":{"self":[{"href":"https:\/\/blog.corretoraideal.com.br\/index.php\/wp-json\/wp\/v2\/posts\/52568","targetHints":{"allow":["GET"]}}],"collection":[{"href":"https:\/\/blog.corretoraideal.com.br\/index.php\/wp-json\/wp\/v2\/posts"}],"about":[{"href":"https:\/\/blog.corretoraideal.com.br\/index.php\/wp-json\/wp\/v2\/types\/post"}],"author":[{"embeddable":true,"href":"https:\/\/blog.corretoraideal.com.br\/index.php\/wp-json\/wp\/v2\/users\/1"}],"replies":[{"embeddable":true,"href":"https:\/\/blog.corretoraideal.com.br\/index.php\/wp-json\/wp\/v2\/comments?post=52568"}],"version-history":[{"count":1,"href":"https:\/\/blog.corretoraideal.com.br\/index.php\/wp-json\/wp\/v2\/posts\/52568\/revisions"}],"predecessor-version":[{"id":52571,"href":"https:\/\/blog.corretoraideal.com.br\/index.php\/wp-json\/wp\/v2\/posts\/52568\/revisions\/52571"}],"wp:attachment":[{"href":"https:\/\/blog.corretoraideal.com.br\/index.php\/wp-json\/wp\/v2\/media?parent=52568"}],"wp:term":[{"taxonomy":"category","embeddable":true,"href":"https:\/\/blog.corretoraideal.com.br\/index.php\/wp-json\/wp\/v2\/categories?post=52568"},{"taxonomy":"post_tag","embeddable":true,"href":"https:\/\/blog.corretoraideal.com.br\/index.php\/wp-json\/wp\/v2\/tags?post=52568"}],"curies":[{"name":"wp","href":"https:\/\/api.w.org\/{rel}","templated":true}]}}