{"id":52572,"date":"2023-09-11T02:29:43","date_gmt":"2023-09-11T02:29:43","guid":{"rendered":"https:\/\/blog.corretoraideal.com.br\/?p=52572"},"modified":"2023-09-11T02:29:43","modified_gmt":"2023-09-11T02:29:43","slug":"greening-produtores-de-laranja-em-sp-e-mg-intensificam-acoes-para-controlar-avanco-da-doenca-globo-rural-g1","status":"publish","type":"post","link":"https:\/\/blog.corretoraideal.com.br\/index.php\/2023\/09\/11\/greening-produtores-de-laranja-em-sp-e-mg-intensificam-acoes-para-controlar-avanco-da-doenca-globo-rural-g1\/","title":{"rendered":"Greening: produtores de laranja em SP e MG intensificam a\u00e7\u00f5es para controlar avan\u00e7o da doen\u00e7a | Globo Rural | G1"},"content":{"rendered":"<p>                <img loading=\"lazy\" decoding=\"async\" class=\"aligncenter size-full wp-image-52574\" src=\"https:\/\/blog.corretoraideal.com.br\/wp-content\/uploads\/2023\/09\/produtores-de-laranja-relatam-alta-incidencia-de-inseto-do-greening-em-pomares.jpeg\" alt=\"Produtores de laranja relatam alta incid\u00eancia de inseto do greening em pomares\" width=\"800\" height=\"400\" \/>      <\/p>\n<p> Produtores de laranja relatam alta incid\u00eancia de inseto do greening em pomares <\/p>\n<p> Os produtores de laranja est\u00e3o com dificuldades para controlar o greening, principal doen\u00e7a da cultura. O inseto transmissor ficou resistente aos agrot\u00f3xicos. <\/p>\n<p> Um estudo feito pela faculdade de agronomia da Universidade de <a class href=\"https:\/\/g1.globo.com\/sp\/sao-paulo\/cidade\/sao-paulo\/\">S\u00e3o Paulo<\/a> (Esalq\/<a class href=\"https:\/\/g1.globo.com\/educacao\/universidade\/usp\/\">USP<\/a>), em parceria com o Fundo de Defesa da Citricultura, comprovou pela primeira vez a resist\u00eancia do inseto aos 2 grupos de inseticidas mais usados nos pomares. <\/p>\n<p> Transmitida por um inseto chamado psil\u00eddeo, a praga faz com que as plantas infectadas tenham sua produ\u00e7\u00e3o reduzida por afetar o desenvolvimento dos frutos e deixar as folhas amareladas. <\/p>\n<p> O problema ocorre em um momento que o<strong> greening alcan\u00e7ou a maior incid\u00eancia em quase 20 anos<\/strong> nos pomares de S\u00e3o Paulo e do Tri\u00e2ngulo Mineiro \u2013 as maiores regi\u00f5es produtoras de laranja do pa\u00eds. Quatro em cada dez \u00e1rvores est\u00e3o infectadas. <\/p>\n<p> Al\u00e9m da pulveriza\u00e7\u00e3o de inseticidas, os citricultores passaram a utilizar nos pomares como medida complementar um p\u00f3 branco chamado caulim, que funciona como um repelente contra o inseto por causa da cor. <\/p>\n<p> Os especialistas tamb\u00e9m recomendam outras estrat\u00e9gias para controlar o greening como suspender por 90 dias o uso de inseticidas que tenham perdido efici\u00eancia e fazer um revezamento com outros defensivos. <\/p>\n<p> <strong>Confira a reportagem completa no V\u00cdDEO ACIMA.<\/strong> <\/p>\n<p><h2><strong>Veja os v\u00eddeos mais assistidos do Globo Rural<\/strong><\/h2>\n<\/p>\n<p>   <a href=\"https:\/\/g1.globo.com\/economia\/agronegocios\/globo-rural\/videos-globo-rural\/playlist\/videos-mais-assistidos-do-globo-rural.ghtml\">    50 v\u00eddeos      <\/a>   <\/p>\n<ul>\n<li> <a href=\"https:\/\/g1.globo.com\/sp\/sao-carlos-regiao\/cidade\/aguai\/\" class=\"entities__list-itemLink\" data-track-click=\"Agua\u00ed\"> Agua\u00ed <\/a> <\/li>\n<li> <a href=\"https:\/\/g1.globo.com\/sp\/sao-paulo\/cidade\/sao-paulo\/\" class=\"entities__list-itemLink\" data-track-click=\"S\u00e3o Paulo\"> S\u00e3o Paulo <\/a> <\/li>\n<li> <a href=\"https:\/\/g1.globo.com\/educacao\/universidade\/usp\/\" class=\"entities__list-itemLink\" data-track-click=\"USP\"> USP <\/a> <\/li>\n<\/ul>\n","protected":false},"excerpt":{"rendered":"<p>Produtores de laranja relatam alta incid\u00eancia de inseto do greening em pomares Os produtores de laranja est\u00e3o com dificuldades para controlar o greening, principal doen\u00e7a da cultura. O inseto transmissor ficou resistente aos agrot\u00f3xicos. Um estudo feito pela faculdade de agronomia da Universidade de S\u00e3o Paulo (Esalq\/USP), em parceria com o Fundo de Defesa da [&hellip;]<\/p>\n","protected":false},"author":1,"featured_media":0,"comment_status":"closed","ping_status":"closed","sticky":false,"template":"","format":"standard","meta":{"footnotes":""},"categories":[],"tags":[],"class_list":["post-52572","post","type-post","status-publish","format-standard","hentry"],"_links":{"self":[{"href":"https:\/\/blog.corretoraideal.com.br\/index.php\/wp-json\/wp\/v2\/posts\/52572","targetHints":{"allow":["GET"]}}],"collection":[{"href":"https:\/\/blog.corretoraideal.com.br\/index.php\/wp-json\/wp\/v2\/posts"}],"about":[{"href":"https:\/\/blog.corretoraideal.com.br\/index.php\/wp-json\/wp\/v2\/types\/post"}],"author":[{"embeddable":true,"href":"https:\/\/blog.corretoraideal.com.br\/index.php\/wp-json\/wp\/v2\/users\/1"}],"replies":[{"embeddable":true,"href":"https:\/\/blog.corretoraideal.com.br\/index.php\/wp-json\/wp\/v2\/comments?post=52572"}],"version-history":[{"count":1,"href":"https:\/\/blog.corretoraideal.com.br\/index.php\/wp-json\/wp\/v2\/posts\/52572\/revisions"}],"predecessor-version":[{"id":52575,"href":"https:\/\/blog.corretoraideal.com.br\/index.php\/wp-json\/wp\/v2\/posts\/52572\/revisions\/52575"}],"wp:attachment":[{"href":"https:\/\/blog.corretoraideal.com.br\/index.php\/wp-json\/wp\/v2\/media?parent=52572"}],"wp:term":[{"taxonomy":"category","embeddable":true,"href":"https:\/\/blog.corretoraideal.com.br\/index.php\/wp-json\/wp\/v2\/categories?post=52572"},{"taxonomy":"post_tag","embeddable":true,"href":"https:\/\/blog.corretoraideal.com.br\/index.php\/wp-json\/wp\/v2\/tags?post=52572"}],"curies":[{"name":"wp","href":"https:\/\/api.w.org\/{rel}","templated":true}]}}