{"id":52579,"date":"2023-09-11T12:30:01","date_gmt":"2023-09-11T12:30:01","guid":{"rendered":"https:\/\/blog.corretoraideal.com.br\/?p=52579"},"modified":"2023-09-11T12:30:01","modified_gmt":"2023-09-11T12:30:01","slug":"dolar-abre-em-baixa-em-dia-de-exterior-positivo-e-na-espera-por-dados-de-inflacao-no-brasil-e-eua-economia-g1","status":"publish","type":"post","link":"https:\/\/blog.corretoraideal.com.br\/index.php\/2023\/09\/11\/dolar-abre-em-baixa-em-dia-de-exterior-positivo-e-na-espera-por-dados-de-inflacao-no-brasil-e-eua-economia-g1\/","title":{"rendered":"D\u00f3lar abre em baixa, em dia de exterior positivo e na espera por dados de infla\u00e7\u00e3o no Brasil e EUA | Economia | G1"},"content":{"rendered":"<p>      1 de 1&#013;C\u00e9dulas de d\u00f3lar \u2014 Foto: Pexels    <\/p>\n<p> C\u00e9dulas de d\u00f3lar \u2014 Foto: Pexels <\/p>\n<p> O d\u00f3lar abriu em baixa nesta segunda-feira (11), em um dia mais positivo no exterior, acompanhando dados da China que vieram melhores que o esperado pelo mercado. A semana \u00e9 marcada por uma s\u00e9rie de divulga\u00e7\u00f5es importantes, com destaque para a infla\u00e7\u00e3o no Brasil e nos <a class href=\"https:\/\/g1.globo.com\/tudo-sobre\/estados-unidos\/\">Estados Unidos<\/a>. <\/p>\n<p> \u00c0s 09h20, a moeda norte-americana ca\u00eda 0,50%, cotada a R$ 4,9573. <a class href=\"https:\/\/valor.globo.com\/valor-data\/\">Veja mais cota\u00e7\u00f5es.<\/a> <\/p>\n<p> Na \u00faltima sexta-feira (8), volta de feriado, o d\u00f3lar fechou praticamente est\u00e1vel, com baixa de 0,01%, vendido a R$ 4,9822. Com o resultado, a moeda passou a acumular:  <\/p>\n<ul>\n<li><strong>altas de 0,85% na semana e 0,65% no m\u00eas;<\/strong><\/li>\n<li><strong>queda de 5,60% no ano.<\/strong><\/li>\n<\/ul>\n<ul>\n<li><strong>COMERCIAL X TURISMO: <\/strong><a class href=\"https:\/\/g1.globo.com\/economia\/noticia\/2022\/04\/25\/dolar-comercial-x-turismo-qual-a-diferenca-e-por-que-o-turismo-e-mais-caro.ghtml\">qual a diferen\u00e7a entre a cota\u00e7\u00e3o de moedas estrangeiras e por que o turismo \u00e9 mais caro?<\/a><\/li>\n<li><strong>DINHEIRO OU CART\u00c3O? <\/strong><a class href=\"https:\/\/g1.globo.com\/economia\/noticia\/2022\/03\/26\/dinheiro-ou-cartao-qual-a-melhor-forma-de-levar-dolares-em-viagens.ghtml\">Qual a melhor forma de levar d\u00f3lares em viagens?<\/a><\/li>\n<li><strong>D\u00d3LAR: <\/strong><a class href=\"https:\/\/g1.globo.com\/economia\/noticia\/2022\/04\/05\/dolar-qual-o-melhor-momento-para-comprar.ghtml\">Qual o melhor momento para comprar a moeda? <\/a><\/li>\n<\/ul>\n<p><h2>O que est\u00e1 mexendo com os mercados?<\/h2>\n<\/p>\n<p> Na volta de uma semana mais fraca por conta de feriados aqui e l\u00e1 fora, os preg\u00f5es ao redor do mundo nesta segunda s\u00e3o influenciados por sinais mais positivos vindos da China, a segunda maior economia do mundo. <\/p>\n<p> A infla\u00e7\u00e3o ao consumidor no pa\u00eds asi\u00e1tico subiu 0,1% em agosto, contra proje\u00e7\u00f5es de alta de 0,2% do mercado. J\u00e1 a infla\u00e7\u00e3o ao produtor caiu 3,0%, contra queda esperada de 2,9%. Uma infla\u00e7\u00e3o mais controlada, segundo o analista Vitor Miziara, anima os mercados porque mostra que o governo chin\u00eas pode promover novos cortes nos juros e outros est\u00edmulos econ\u00f4micos para impulsionar a atividade. <\/p>\n<p> A infla\u00e7\u00e3o tamb\u00e9m \u00e9 tema de aten\u00e7\u00e3o no Brasil e nos <a class href=\"https:\/\/g1.globo.com\/tudo-sobre\/estados-unidos\/\">Estados Unidos<\/a>, com divulga\u00e7\u00e3o dos \u00edndices de pre\u00e7os ao consumidor nos dois pa\u00edses prevista para os pr\u00f3ximos dias. <\/p>\n<p> Em ambos os casos, os n\u00fameros ser\u00e3o importantes para guiar os passos dos bancos centrais em suas pr\u00f3ximos reuni\u00f5es, que acontecem na semana que vem. <\/p>\n<p> No Brasil, o mercado espera que o Comit\u00ea de Pol\u00edtica Monet\u00e1ria (<a class href=\"https:\/\/g1.globo.com\/tudo-sobre\/copom\/\">Copom<\/a>) do BC promova mais um corte na Selic, taxa b\u00e1sica de juros, que hoje est\u00e1 em 13,255 ao ano. Os dados da infla\u00e7\u00e3o de agostos podem ditar qual ser\u00e1 a magnitude desse corte, embora a maioria das proje\u00e7\u00f5es sejam de uma queda de 0,5 ponto percentual. <\/p>\n<p> J\u00e1 nos <a class href=\"https:\/\/g1.globo.com\/tudo-sobre\/estados-unidos\/\">Estados Unidos<\/a>, a expectativa \u00e9 que o Federal Reserve (<a class href=\"https:\/\/g1.globo.com\/tudo-sobre\/fed\/\">Fed<\/a>, o banco central americano) mantenha os juros inalterados, entre 5,25% e 5,50% ao ano, porque a infla\u00e7\u00e3o no pa\u00eds segue pressionada. <\/p>\n<p> Analistas do BTG Pactual, por\u00e9m, destacam que a secret\u00e1ria do Tesouro americano, Janet Yellen, afirmou em entrevista que est\u00e1 &quot;cada vez mais confiante de que os <a class href=\"https:\/\/g1.globo.com\/tudo-sobre\/estados-unidos\/\">Estados Unidos<\/a> conseguir\u00e3o conter a infla\u00e7\u00e3o sem grandes danos ao mercado de trabalho&quot;. <\/p>\n<p> Hoje tamb\u00e9m foi dia de divulga\u00e7\u00e3o de mais um Boletim Focus, relat\u00f3rio do BC que re\u00fane as proje\u00e7\u00f5es dos analistas para os principais indicadores econ\u00f4micos brasileiros. <\/p>\n<p> Nesta semana, as expectativas para a infla\u00e7\u00e3o, o Produto Interno Bruto (PIB) e a taxa de c\u00e2mbio em 2023 subiram: <\/p>\n<ul>\n<li>as proje\u00e7\u00f5es para a infla\u00e7\u00e3o neste ano apontam para uma alta de 4,93%, acima da meta do BC &#8211; que \u00e9 de 3,25%, podendo oscilar entre 1,75% e 3,75%;<\/li>\n<li>as expectativas para o PIB avan\u00e7aram para uma alta de 2,64%;<\/li>\n<li>o mercado tamb\u00e9m espera ver o d\u00f3lar mais caro no fim do ano, negociado a R$ 5.<\/li>\n<\/ul>\n<p>                   <img loading=\"lazy\" decoding=\"async\" class=\"aligncenter size-full wp-image-52581\" src=\"https:\/\/blog.corretoraideal.com.br\/wp-content\/uploads\/2023\/09\/entenda-o-que-faz-o-dolar-subir-ou-descer-2.jpeg\" alt=\"Entenda o que faz o d\u00f3lar subir ou descer\" width=\"800\" height=\"400\" \/>      <\/p>\n<p> Entenda o que faz o d\u00f3lar subir ou descer <\/p>\n<ul>\n<li> <a href=\"https:\/\/g1.globo.com\/tudo-sobre\/banco-central-do-brasil\/\" class=\"entities__list-itemLink\" data-track-click=\"Banco Central do Brasil\"> Banco Central do Brasil <\/a> <\/li>\n<li> <a href=\"https:\/\/g1.globo.com\/tudo-sobre\/brics\/\" class=\"entities__list-itemLink\" data-track-click=\"Brics\"> Brics <\/a> <\/li>\n<li> <a href=\"https:\/\/g1.globo.com\/tudo-sobre\/copom\/\" class=\"entities__list-itemLink\" data-track-click=\"Copom\"> Copom <\/a> <\/li>\n<li> <a href=\"https:\/\/g1.globo.com\/tudo-sobre\/estados-unidos\/\" class=\"entities__list-itemLink\" data-track-click=\"Estados Unidos\"> Estados Unidos <\/a> <\/li>\n<li> <a href=\"https:\/\/g1.globo.com\/tudo-sobre\/fed\/\" class=\"entities__list-itemLink\" data-track-click=\"FED\"> FED <\/a> <\/li>\n<li> <a href=\"https:\/\/g1.globo.com\/tudo-sobre\/luiz-inacio-lula-da-silva\/\" class=\"entities__list-itemLink\" data-track-click=\"Luiz In\u00e1cio Lula da Silva\"> Luiz In\u00e1cio Lula da Silva <\/a> <\/li>\n<\/ul>\n","protected":false},"excerpt":{"rendered":"<p>1 de 1&#013;C\u00e9dulas de d\u00f3lar \u2014 Foto: Pexels C\u00e9dulas de d\u00f3lar \u2014 Foto: Pexels O d\u00f3lar abriu em baixa nesta segunda-feira (11), em um dia mais positivo no exterior, acompanhando dados da China que vieram melhores que o esperado pelo mercado. A semana \u00e9 marcada por uma s\u00e9rie de divulga\u00e7\u00f5es importantes, com destaque para a [&hellip;]<\/p>\n","protected":false},"author":1,"featured_media":0,"comment_status":"closed","ping_status":"closed","sticky":false,"template":"","format":"standard","meta":{"footnotes":""},"categories":[],"tags":[],"class_list":["post-52579","post","type-post","status-publish","format-standard","hentry"],"_links":{"self":[{"href":"https:\/\/blog.corretoraideal.com.br\/index.php\/wp-json\/wp\/v2\/posts\/52579","targetHints":{"allow":["GET"]}}],"collection":[{"href":"https:\/\/blog.corretoraideal.com.br\/index.php\/wp-json\/wp\/v2\/posts"}],"about":[{"href":"https:\/\/blog.corretoraideal.com.br\/index.php\/wp-json\/wp\/v2\/types\/post"}],"author":[{"embeddable":true,"href":"https:\/\/blog.corretoraideal.com.br\/index.php\/wp-json\/wp\/v2\/users\/1"}],"replies":[{"embeddable":true,"href":"https:\/\/blog.corretoraideal.com.br\/index.php\/wp-json\/wp\/v2\/comments?post=52579"}],"version-history":[{"count":1,"href":"https:\/\/blog.corretoraideal.com.br\/index.php\/wp-json\/wp\/v2\/posts\/52579\/revisions"}],"predecessor-version":[{"id":52582,"href":"https:\/\/blog.corretoraideal.com.br\/index.php\/wp-json\/wp\/v2\/posts\/52579\/revisions\/52582"}],"wp:attachment":[{"href":"https:\/\/blog.corretoraideal.com.br\/index.php\/wp-json\/wp\/v2\/media?parent=52579"}],"wp:term":[{"taxonomy":"category","embeddable":true,"href":"https:\/\/blog.corretoraideal.com.br\/index.php\/wp-json\/wp\/v2\/categories?post=52579"},{"taxonomy":"post_tag","embeddable":true,"href":"https:\/\/blog.corretoraideal.com.br\/index.php\/wp-json\/wp\/v2\/tags?post=52579"}],"curies":[{"name":"wp","href":"https:\/\/api.w.org\/{rel}","templated":true}]}}