{"id":52583,"date":"2023-09-11T15:32:05","date_gmt":"2023-09-11T15:32:05","guid":{"rendered":"https:\/\/blog.corretoraideal.com.br\/?p=52583"},"modified":"2023-09-11T15:32:05","modified_gmt":"2023-09-11T15:32:05","slug":"veleiro-tem-itens-furtados-depois-de-ficar-encalhado-na-praia-do-acu-em-sao-joao-da-barra-norte-fluminense-g1","status":"publish","type":"post","link":"https:\/\/blog.corretoraideal.com.br\/index.php\/2023\/09\/11\/veleiro-tem-itens-furtados-depois-de-ficar-encalhado-na-praia-do-acu-em-sao-joao-da-barra-norte-fluminense-g1\/","title":{"rendered":"Veleiro tem itens furtados depois de ficar encalhado na Praia do A\u00e7u, em S\u00e3o Jo\u00e3o da Barra | Norte Fluminense | G1"},"content":{"rendered":"<p>      1 de 1&#013;Veleiro foi furtado depois de ficar encalhado na praia do A\u00e7u, em S\u00e3o Jo\u00e3o da Barra \u2014 Foto: PM    <\/p>\n<p> Veleiro foi furtado depois de ficar encalhado na praia do A\u00e7u, em S\u00e3o Jo\u00e3o da Barra \u2014 Foto: PM <\/p>\n<p> Um veleiro teve item furtado depois de ficar encalhado na praia do A\u00e7u, na madrugada de s\u00e1bado (9), em <a class href=\"https:\/\/g1.globo.com\/rj\/norte-fluminense\/cidade\/sao-joao-da-barra\/\">S\u00e3o Jo\u00e3o da Barra<\/a>, no Norte Fluminense. <\/p>\n<p> De acordo com a Pol\u00edcia Militar, os agentes foram at\u00e9 o local depois que receberam a informa\u00e7\u00e3o do furto. <\/p>\n<p> O dono da embarca\u00e7\u00e3o relatou que estavam faltando seis baterias, um motor, radioamador, antena, al\u00e9m de uma vara de pesca, bote infl\u00e1vel, um aparelho celular, duas c\u00e2meras e algumas ferramentas. <\/p>\n<p> Ainda segundo a ocorr\u00eancia, buscas foram feitas e o bote infl\u00e1vel da embarca\u00e7\u00e3o foi recuperado e devolvido ao dono. <\/p>\n<p> A cidade de S\u00e3o Jo\u00e3o da Barra<a class href=\"https:\/\/g1.globo.com\/rj\/norte-fluminense\/noticia\/2023\/09\/07\/defesa-civil-de-sao-joao-da-barra-alerta-para-ventos-fortes-ate-domingo.ghtml\"> estava em estado de aten\u00e7\u00e3o depois de um alerta emitido pela Marinha do Brasil <\/a>de que os ventos poderiam passar dos 70 km por hora. <\/p>\n<ul>\n<li> <a href=\"https:\/\/g1.globo.com\/rj\/norte-fluminense\/cidade\/sao-joao-da-barra\/\" class=\"entities__list-itemLink\" data-track-click=\"S\u00e3o Jo\u00e3o da Barra\"> S\u00e3o Jo\u00e3o da Barra <\/a> <\/li>\n<\/ul>\n","protected":false},"excerpt":{"rendered":"<p>1 de 1&#013;Veleiro foi furtado depois de ficar encalhado na praia do A\u00e7u, em S\u00e3o Jo\u00e3o da Barra \u2014 Foto: PM Veleiro foi furtado depois de ficar encalhado na praia do A\u00e7u, em S\u00e3o Jo\u00e3o da Barra \u2014 Foto: PM Um veleiro teve item furtado depois de ficar encalhado na praia do A\u00e7u, na madrugada [&hellip;]<\/p>\n","protected":false},"author":1,"featured_media":0,"comment_status":"closed","ping_status":"closed","sticky":false,"template":"","format":"standard","meta":{"footnotes":""},"categories":[],"tags":[],"class_list":["post-52583","post","type-post","status-publish","format-standard","hentry"],"_links":{"self":[{"href":"https:\/\/blog.corretoraideal.com.br\/index.php\/wp-json\/wp\/v2\/posts\/52583","targetHints":{"allow":["GET"]}}],"collection":[{"href":"https:\/\/blog.corretoraideal.com.br\/index.php\/wp-json\/wp\/v2\/posts"}],"about":[{"href":"https:\/\/blog.corretoraideal.com.br\/index.php\/wp-json\/wp\/v2\/types\/post"}],"author":[{"embeddable":true,"href":"https:\/\/blog.corretoraideal.com.br\/index.php\/wp-json\/wp\/v2\/users\/1"}],"replies":[{"embeddable":true,"href":"https:\/\/blog.corretoraideal.com.br\/index.php\/wp-json\/wp\/v2\/comments?post=52583"}],"version-history":[{"count":1,"href":"https:\/\/blog.corretoraideal.com.br\/index.php\/wp-json\/wp\/v2\/posts\/52583\/revisions"}],"predecessor-version":[{"id":52585,"href":"https:\/\/blog.corretoraideal.com.br\/index.php\/wp-json\/wp\/v2\/posts\/52583\/revisions\/52585"}],"wp:attachment":[{"href":"https:\/\/blog.corretoraideal.com.br\/index.php\/wp-json\/wp\/v2\/media?parent=52583"}],"wp:term":[{"taxonomy":"category","embeddable":true,"href":"https:\/\/blog.corretoraideal.com.br\/index.php\/wp-json\/wp\/v2\/categories?post=52583"},{"taxonomy":"post_tag","embeddable":true,"href":"https:\/\/blog.corretoraideal.com.br\/index.php\/wp-json\/wp\/v2\/tags?post=52583"}],"curies":[{"name":"wp","href":"https:\/\/api.w.org\/{rel}","templated":true}]}}