{"id":52592,"date":"2023-09-11T17:29:54","date_gmt":"2023-09-11T17:29:54","guid":{"rendered":"https:\/\/blog.corretoraideal.com.br\/?p=52592"},"modified":"2023-09-11T17:29:54","modified_gmt":"2023-09-11T17:29:54","slug":"ibovespa-opera-em-alta-acompanhando-otimismo-global-economia-g1","status":"publish","type":"post","link":"https:\/\/blog.corretoraideal.com.br\/index.php\/2023\/09\/11\/ibovespa-opera-em-alta-acompanhando-otimismo-global-economia-g1\/","title":{"rendered":"Ibovespa opera em alta, acompanhando otimismo global | Economia | G1"},"content":{"rendered":"<p>      1 de 1&#013;Bolsa de valores de SP. \u2014 Foto: BRUNO ESCOLASTICO\/PHOTOPRESS\/ESTAD\u00c3O CONTE\u00daDO    <\/p>\n<p> Bolsa de valores de SP. \u2014 Foto: BRUNO ESCOLASTICO\/PHOTOPRESS\/ESTAD\u00c3O CONTE\u00daDO <\/p>\n<p> O <a class href=\"https:\/\/g1.globo.com\/tudo-sobre\/ibovespa\/\">Ibovespa<\/a>, principal \u00edndice da bolsa de valores de S\u00e3o Paulo, a <a class href=\"https:\/\/g1.globo.com\/tudo-sobre\/bmf-bovespa\/\">B3<\/a>, opera em alta nesta segunda-feira (11), em um dia marcado por otimismo nos mercados globais, ap\u00f3s sinais mais positivos vindos da China e na expectativa por dados de infla\u00e7\u00e3o no Brasil e nos <a class href=\"https:\/\/g1.globo.com\/tudo-sobre\/estados-unidos\/\">Estados Unidos<\/a>. <\/p>\n<p> \u00c0s 13h40, o \u00edndice subia 0,70%, aos 116.116 pontos. <a class href=\"https:\/\/valor.globo.com\/wall-concurrence\/?next=https:\/\/valor.globo.com\/valor-data\/\">Veja mais cota\u00e7\u00f5es<\/a>. <\/p>\n<p> Na \u00faltima sexta-feira (8), o Ibovespa fechou em baixa de 0,58%, aos 115.313 pontos. Com o resultado, o \u00edndice passou a acumular: <\/p>\n<ul>\n<li><strong>quedas de 2,19% na semana e de 0,37% no m\u00eas;<\/strong><\/li>\n<li><strong>e alta de 5,08% no ano.<\/strong><\/li>\n<\/ul>\n<p><h2><strong>O que est\u00e1 mexendo com os mercados?<\/strong><\/h2>\n<\/p>\n<p> Na volta de uma semana mais fraca por conta de feriados aqui e l\u00e1 fora, os preg\u00f5es ao redor do mundo nesta segunda s\u00e3o influenciados por sinais mais positivos vindos da China, a segunda maior economia do mundo. <\/p>\n<p> A infla\u00e7\u00e3o ao consumidor no pa\u00eds asi\u00e1tico subiu 0,1% em agosto, contra proje\u00e7\u00f5es de alta de 0,2% do mercado. J\u00e1 a infla\u00e7\u00e3o ao produtor caiu 3,0%, contra queda esperada de 2,9%. Uma infla\u00e7\u00e3o mais controlada, segundo o analista Vitor Miziara, anima os mercados porque mostra que o governo chin\u00eas pode promover novos cortes nos juros e outros est\u00edmulos econ\u00f4micos para impulsionar a atividade. <\/p>\n<ul>\n<li><a class href=\"https:\/\/g1.globo.com\/economia\/noticia\/2023\/09\/11\/como-a-crise-no-setor-imobiliario-da-china-pode-impactar-a-economia-do-brasil.ghtml\">Como a crise no setor imobili\u00e1rio da China pode impactar a economia do Brasil<\/a><\/li>\n<\/ul>\n<p> A infla\u00e7\u00e3o tamb\u00e9m \u00e9 tema de aten\u00e7\u00e3o no Brasil e nos Estados Unidos, com divulga\u00e7\u00e3o dos \u00edndices de pre\u00e7os ao consumidor nos dois pa\u00edses prevista para os pr\u00f3ximos dias. <\/p>\n<p> Em ambos os casos, os n\u00fameros ser\u00e3o importantes para guiar os passos dos bancos centrais em suas pr\u00f3ximos reuni\u00f5es, que acontecem na semana que vem. <\/p>\n<p> No Brasil, o mercado espera que o Comit\u00ea de Pol\u00edtica Monet\u00e1ria (<a class href=\"https:\/\/g1.globo.com\/tudo-sobre\/copom\/\">Copom<\/a>) do BC promova mais um corte na Selic, taxa b\u00e1sica de juros, que hoje est\u00e1 em 13,255 ao ano. Os dados da infla\u00e7\u00e3o de agostos podem ditar qual ser\u00e1 a magnitude desse corte, embora a maioria das proje\u00e7\u00f5es sejam de uma queda de 0,5 ponto percentual. <\/p>\n<p> J\u00e1 nos Estados Unidos, a expectativa \u00e9 que o Federal Reserve (<a class href=\"https:\/\/g1.globo.com\/tudo-sobre\/fed\/\">Fed<\/a>, o banco central americano) mantenha os juros inalterados, entre 5,25% e 5,50% ao ano, porque a infla\u00e7\u00e3o no pa\u00eds segue pressionada. <\/p>\n<p> Analistas do BTG Pactual, por\u00e9m, destacam que a secret\u00e1ria do Tesouro americano, Janet Yellen, afirmou em entrevista que est\u00e1 &quot;cada vez mais confiante de que os Estados Unidos conseguir\u00e3o conter a infla\u00e7\u00e3o sem grandes danos ao mercado de trabalho&quot;. <\/p>\n<p> Hoje tamb\u00e9m foi dia de divulga\u00e7\u00e3o de mais um Boletim Focus, relat\u00f3rio do BC que re\u00fane as proje\u00e7\u00f5es dos analistas para os principais indicadores econ\u00f4micos brasileiros. <\/p>\n<p> Nesta semana, <a class href=\"https:\/\/g1.globo.com\/economia\/noticia\/2023\/09\/11\/mercado-financeiro-estima-inflacao-mais-alta-e-ve-crescimento-maior-do-pib-em-2023-e-2024.ghtml\">as expectativas para a infla\u00e7\u00e3o, o Produto Interno Bruto (PIB) e a taxa de c\u00e2mbio em 2023 subiram<\/a>: <\/p>\n<ul>\n<li>as proje\u00e7\u00f5es para a infla\u00e7\u00e3o neste ano apontam para uma alta de 4,93%, acima da meta do BC &#8211; que \u00e9 de 3,25%, podendo oscilar entre 1,75% e 3,75%;<\/li>\n<li>as expectativas para o PIB avan\u00e7aram para uma alta de 2,64%;<\/li>\n<li>o mercado tamb\u00e9m espera ver o d\u00f3lar mais caro no fim do ano, negociado a R$ 5.<\/li>\n<\/ul>\n<ul>\n<li> <a href=\"https:\/\/g1.globo.com\/tudo-sobre\/bmf-bovespa\/\" class=\"entities__list-itemLink\" data-track-click=\"B3\"> B3 <\/a> <\/li>\n<li> <a href=\"https:\/\/g1.globo.com\/tudo-sobre\/banco-central-do-brasil\/\" class=\"entities__list-itemLink\" data-track-click=\"Banco Central do Brasil\"> Banco Central do Brasil <\/a> <\/li>\n<li> <a href=\"https:\/\/g1.globo.com\/tudo-sobre\/bradesco\/\" class=\"entities__list-itemLink\" data-track-click=\"Bradesco\"> Bradesco <\/a> <\/li>\n<li> <a href=\"https:\/\/g1.globo.com\/tudo-sobre\/brics\/\" class=\"entities__list-itemLink\" data-track-click=\"Brics\"> Brics <\/a> <\/li>\n<li> <a href=\"https:\/\/g1.globo.com\/tudo-sobre\/congresso-nacional\/\" class=\"entities__list-itemLink\" data-track-click=\"Congresso Nacional\"> Congresso Nacional <\/a> <\/li>\n<li> <a href=\"https:\/\/g1.globo.com\/tudo-sobre\/copom\/\" class=\"entities__list-itemLink\" data-track-click=\"Copom\"> Copom <\/a> <\/li>\n<li> <a href=\"https:\/\/g1.globo.com\/tudo-sobre\/camara-dos-deputados\/\" class=\"entities__list-itemLink\" data-track-click=\"C\u00e2mara dos Deputados\"> C\u00e2mara dos Deputados <\/a> <\/li>\n<li> <a href=\"https:\/\/g1.globo.com\/tudo-sobre\/estados-unidos\/\" class=\"entities__list-itemLink\" data-track-click=\"Estados Unidos\"> Estados Unidos <\/a> <\/li>\n<li> <a href=\"https:\/\/g1.globo.com\/tudo-sobre\/fed\/\" class=\"entities__list-itemLink\" data-track-click=\"FED\"> FED <\/a> <\/li>\n<li> <a href=\"https:\/\/g1.globo.com\/tudo-sobre\/ibge\/\" class=\"entities__list-itemLink\" data-track-click=\"IBGE\"> IBGE <\/a> <\/li>\n<li> <a href=\"https:\/\/g1.globo.com\/tudo-sobre\/ipca\/\" class=\"entities__list-itemLink\" data-track-click=\"IPCA\"> IPCA <\/a> <\/li>\n<li> <a href=\"https:\/\/g1.globo.com\/tudo-sobre\/ibovespa\/\" class=\"entities__list-itemLink\" data-track-click=\"Ibovespa\"> Ibovespa <\/a> <\/li>\n<li> <a href=\"https:\/\/g1.globo.com\/tudo-sobre\/itau-unibanco\/\" class=\"entities__list-itemLink\" data-track-click=\"Ita\u00fa\"> Ita\u00fa <\/a> <\/li>\n<li> <a href=\"https:\/\/g1.globo.com\/tudo-sobre\/luiz-inacio-lula-da-silva\/\" class=\"entities__list-itemLink\" data-track-click=\"Luiz In\u00e1cio Lula da Silva\"> Luiz In\u00e1cio Lula da Silva <\/a> <\/li>\n<li> <a href=\"https:\/\/g1.globo.com\/tudo-sobre\/ministerio-do-trabalho\/\" class=\"entities__list-itemLink\" data-track-click=\"Minist\u00e9rio do Trabalho\"> Minist\u00e9rio do Trabalho <\/a> <\/li>\n<li> <a href=\"https:\/\/g1.globo.com\/tudo-sobre\/petrobras\/\" class=\"entities__list-itemLink\" data-track-click=\"Petrobras\"> Petrobras <\/a> <\/li>\n<li> <a href=\"https:\/\/g1.globo.com\/tudo-sobre\/senado-federal\/\" class=\"entities__list-itemLink\" data-track-click=\"Senado\"> Senado <\/a> <\/li>\n<\/ul>\n","protected":false},"excerpt":{"rendered":"<p>1 de 1&#013;Bolsa de valores de SP. \u2014 Foto: BRUNO ESCOLASTICO\/PHOTOPRESS\/ESTAD\u00c3O CONTE\u00daDO Bolsa de valores de SP. \u2014 Foto: BRUNO ESCOLASTICO\/PHOTOPRESS\/ESTAD\u00c3O CONTE\u00daDO O Ibovespa, principal \u00edndice da bolsa de valores de S\u00e3o Paulo, a B3, opera em alta nesta segunda-feira (11), em um dia marcado por otimismo nos mercados globais, ap\u00f3s sinais mais positivos vindos [&hellip;]<\/p>\n","protected":false},"author":1,"featured_media":0,"comment_status":"closed","ping_status":"closed","sticky":false,"template":"","format":"standard","meta":{"footnotes":""},"categories":[],"tags":[],"class_list":["post-52592","post","type-post","status-publish","format-standard","hentry"],"_links":{"self":[{"href":"https:\/\/blog.corretoraideal.com.br\/index.php\/wp-json\/wp\/v2\/posts\/52592","targetHints":{"allow":["GET"]}}],"collection":[{"href":"https:\/\/blog.corretoraideal.com.br\/index.php\/wp-json\/wp\/v2\/posts"}],"about":[{"href":"https:\/\/blog.corretoraideal.com.br\/index.php\/wp-json\/wp\/v2\/types\/post"}],"author":[{"embeddable":true,"href":"https:\/\/blog.corretoraideal.com.br\/index.php\/wp-json\/wp\/v2\/users\/1"}],"replies":[{"embeddable":true,"href":"https:\/\/blog.corretoraideal.com.br\/index.php\/wp-json\/wp\/v2\/comments?post=52592"}],"version-history":[{"count":1,"href":"https:\/\/blog.corretoraideal.com.br\/index.php\/wp-json\/wp\/v2\/posts\/52592\/revisions"}],"predecessor-version":[{"id":52594,"href":"https:\/\/blog.corretoraideal.com.br\/index.php\/wp-json\/wp\/v2\/posts\/52592\/revisions\/52594"}],"wp:attachment":[{"href":"https:\/\/blog.corretoraideal.com.br\/index.php\/wp-json\/wp\/v2\/media?parent=52592"}],"wp:term":[{"taxonomy":"category","embeddable":true,"href":"https:\/\/blog.corretoraideal.com.br\/index.php\/wp-json\/wp\/v2\/categories?post=52592"},{"taxonomy":"post_tag","embeddable":true,"href":"https:\/\/blog.corretoraideal.com.br\/index.php\/wp-json\/wp\/v2\/tags?post=52592"}],"curies":[{"name":"wp","href":"https:\/\/api.w.org\/{rel}","templated":true}]}}