{"id":52595,"date":"2023-09-11T18:33:25","date_gmt":"2023-09-11T18:33:25","guid":{"rendered":"https:\/\/blog.corretoraideal.com.br\/?p=52595"},"modified":"2023-09-11T18:33:25","modified_gmt":"2023-09-11T18:33:25","slug":"nova-biografia-de-elon-musk-revela-que-ele-e-grimes-tiveram-terceiro-filho-crianca-se-chama-techno-mechanicus-tecnologia-g1","status":"publish","type":"post","link":"https:\/\/blog.corretoraideal.com.br\/index.php\/2023\/09\/11\/nova-biografia-de-elon-musk-revela-que-ele-e-grimes-tiveram-terceiro-filho-crianca-se-chama-techno-mechanicus-tecnologia-g1\/","title":{"rendered":"Nova biografia de Elon Musk revela que ele e Grimes tiveram terceiro filho; crian\u00e7a se chama Techno Mechanicus | Tecnologia | G1"},"content":{"rendered":"<p>      1 de 1&#013;Elon Musk e Grimes no Met Gala 2018 \u2014 Foto: Jason Kempin\/Getty Images North America\/Getty Images via AFP\/Arquivo    <\/p>\n<p> Elon Musk e Grimes no Met Gala 2018 \u2014 Foto: Jason Kempin\/Getty Images North America\/Getty Images via AFP\/Arquivo <\/p>\n<p> <a class href=\"https:\/\/g1.globo.com\/tudo-sobre\/elon-musk\/\">Elon Musk<\/a> revelou que teve um terceiro filho com a cantora canadense Grimes. A crian\u00e7a, cuja idade n\u00e3o foi revelada, tem um nome um tanto peculiar: se chama Techno Mechanicus e atende pelo apelido de &quot;Tau&quot;. <\/p>\n<p> A informa\u00e7\u00e3o foi adiantada pelo jornal &quot;The New York Times&quot;, que publicou uma an\u00e1lise da nova biografia de Musk, escrita pelo jornalista Walter Isaacson, que passou dois anos acompanhando a rotina do bilion\u00e1rio. <\/p>\n<p> No livro, <a class href=\"https:\/\/g1.globo.com\/tecnologia\/noticia\/2023\/09\/01\/em-biografia-elon-musk-expoe-relacao-conturbada-com-filha-trans.ghtml\">que ser\u00e1 lan\u00e7ado oficialmente nesta ter\u00e7a-feira (12)<\/a>, Isaacson revela a exist\u00eancia da terceira crian\u00e7a, fruto do relacionamento com Grimes. Eles se separam em 2021. <\/p>\n<p> Ambos t\u00eam outros dois filhos de nomes curiosos. Em 2020, eles tiveram X \u00c6 A-Xii (ou X) e, em 2021, o casal teve Exa Dark Sider\u00e6l, que tem o apelido de &quot;Y&quot;. <\/p>\n<p> Segundo o portal Business Insider, agora com Techno Mechanicus, Musk tem um total de 10 filhos biol\u00f3gicos com tr\u00eas mulheres diferentes. <\/p>\n<p> No domingo passado, sem dar muitos detalhes, o dono da Tesla, da SpaceX e do X confirmou seu terceiro filho com Grimes, no antigo <a class href=\"https:\/\/g1.globo.com\/tudo-sobre\/twitter\/\">Twitter<\/a>. <\/p>\n<p> <strong>LEIA TAMB\u00c9M:<\/strong> <\/p>\n<ul>\n<li><a class href=\"https:\/\/g1.globo.com\/tecnologia\/noticia\/2023\/09\/01\/em-biografia-elon-musk-expoe-relacao-conturbada-com-filha-trans.ghtml\">Em biografia, Elon Musk exp\u00f5e rela\u00e7\u00e3o conturbada com filha trans: &#x27;Virou comunista e n\u00e3o quer ficar comigo&#x27;<\/a><\/li>\n<li><a class href=\"https:\/\/g1.globo.com\/tecnologia\/noticia\/2023\/09\/01\/x-ex-twitter-vai-oferecer-chamadas-de-audio-e-video-diz-musk.ghtml\">X (ex-Twitter) vai oferecer chamadas de \u00e1udio e v\u00eddeo, diz Musk<\/a><\/li>\n<li><a class href=\"https:\/\/g1.globo.com\/tecnologia\/noticia\/2023\/08\/26\/acham-que-sou-louco-brasileiros-contam-por-que-escanearam-iris-em-troca-de-criptomoedas-em-projeto-do-criador-do-chatgpt.ghtml#G1-TECNOLOGIA-FEED-user,rec-top,2866cfe2-1093-491c-8aba-87e51078330b\">Brasileiros contam por que escanearam \u00edris em troca de criptomoedas em projeto do criador do ChatGPT<\/a><\/li>\n<\/ul>\n<p><h2>Quem \u00e9 Elon Musk<\/h2>\n<\/p>\n<p>                   <img loading=\"lazy\" decoding=\"async\" class=\"aligncenter size-full wp-image-52597\" src=\"https:\/\/blog.corretoraideal.com.br\/wp-content\/uploads\/2023\/09\/quem-e-elon-musk-bilionario-eleito-2.jpeg\" alt=\"Quem \u00e9 Elon Musk, bilion\u00e1rio eleito \" width=\"800\" height=\"400\" \/>      <\/p>\n<p> Quem \u00e9 Elon Musk, bilion\u00e1rio eleito &#8216;Personalidade do Ano&#8217; pela revista &#8216;Time&#8217; <\/p>\n<p><h2>Saiba o que \u00e9 a rede social X, antigo Twitter<\/h2>\n<\/p>\n<p>                   <img loading=\"lazy\" decoding=\"async\" class=\"aligncenter size-full wp-image-52598\" src=\"https:\/\/blog.corretoraideal.com.br\/wp-content\/uploads\/2023\/09\/twitter-ganha-nova-identidade-visual-com-um-grande-x-2.jpeg\" alt=\"Twitter ganha nova identidade visual com um grande &#034;X&#034;\" width=\"800\" height=\"400\" \/>      <\/p>\n<p> Twitter ganha nova identidade visual com um grande &#8220;X&#8221; <\/p>\n<p><h2>Entenda a pol\u00eamica da rede social que Musk \u00e9 dono<\/h2>\n<\/p>\n<p>                   <img loading=\"lazy\" decoding=\"async\" class=\"aligncenter size-full wp-image-52599\" src=\"https:\/\/blog.corretoraideal.com.br\/wp-content\/uploads\/2023\/09\/elon-musk-e-o-twitter-uma-relacao-antiga-e-polemica-2.jpeg\" alt=\"Elon Musk e o Twitter: Uma rela\u00e7\u00e3o antiga e pol\u00eamica\" width=\"800\" height=\"400\" \/>      <\/p>\n<p> Elon Musk e o Twitter: Uma rela\u00e7\u00e3o antiga e pol\u00eamica <\/p>\n<ul>\n<li> <a href=\"https:\/\/g1.globo.com\/tudo-sobre\/elon-musk\/\" class=\"entities__list-itemLink\" data-track-click=\"Elon Musk\"> Elon Musk <\/a> <\/li>\n<li> <a href=\"https:\/\/g1.globo.com\/tudo-sobre\/twitter\/\" class=\"entities__list-itemLink\" data-track-click=\"Twitter\"> Twitter <\/a> <\/li>\n<\/ul>\n","protected":false},"excerpt":{"rendered":"<p>1 de 1&#013;Elon Musk e Grimes no Met Gala 2018 \u2014 Foto: Jason Kempin\/Getty Images North America\/Getty Images via AFP\/Arquivo Elon Musk e Grimes no Met Gala 2018 \u2014 Foto: Jason Kempin\/Getty Images North America\/Getty Images via AFP\/Arquivo Elon Musk revelou que teve um terceiro filho com a cantora canadense Grimes. A crian\u00e7a, cuja idade [&hellip;]<\/p>\n","protected":false},"author":1,"featured_media":0,"comment_status":"closed","ping_status":"closed","sticky":false,"template":"","format":"standard","meta":{"footnotes":""},"categories":[],"tags":[],"class_list":["post-52595","post","type-post","status-publish","format-standard","hentry"],"_links":{"self":[{"href":"https:\/\/blog.corretoraideal.com.br\/index.php\/wp-json\/wp\/v2\/posts\/52595","targetHints":{"allow":["GET"]}}],"collection":[{"href":"https:\/\/blog.corretoraideal.com.br\/index.php\/wp-json\/wp\/v2\/posts"}],"about":[{"href":"https:\/\/blog.corretoraideal.com.br\/index.php\/wp-json\/wp\/v2\/types\/post"}],"author":[{"embeddable":true,"href":"https:\/\/blog.corretoraideal.com.br\/index.php\/wp-json\/wp\/v2\/users\/1"}],"replies":[{"embeddable":true,"href":"https:\/\/blog.corretoraideal.com.br\/index.php\/wp-json\/wp\/v2\/comments?post=52595"}],"version-history":[{"count":1,"href":"https:\/\/blog.corretoraideal.com.br\/index.php\/wp-json\/wp\/v2\/posts\/52595\/revisions"}],"predecessor-version":[{"id":52600,"href":"https:\/\/blog.corretoraideal.com.br\/index.php\/wp-json\/wp\/v2\/posts\/52595\/revisions\/52600"}],"wp:attachment":[{"href":"https:\/\/blog.corretoraideal.com.br\/index.php\/wp-json\/wp\/v2\/media?parent=52595"}],"wp:term":[{"taxonomy":"category","embeddable":true,"href":"https:\/\/blog.corretoraideal.com.br\/index.php\/wp-json\/wp\/v2\/categories?post=52595"},{"taxonomy":"post_tag","embeddable":true,"href":"https:\/\/blog.corretoraideal.com.br\/index.php\/wp-json\/wp\/v2\/tags?post=52595"}],"curies":[{"name":"wp","href":"https:\/\/api.w.org\/{rel}","templated":true}]}}