{"id":52601,"date":"2023-09-11T20:29:40","date_gmt":"2023-09-11T20:29:40","guid":{"rendered":"https:\/\/blog.corretoraideal.com.br\/?p=52601"},"modified":"2023-09-11T20:29:40","modified_gmt":"2023-09-11T20:29:40","slug":"carreta-com-bebida-alcoolica-pega-fogo-e-interdita-trecho-na-br-101-em-casimiro-de-abreu-regiao-dos-lagos-g1","status":"publish","type":"post","link":"https:\/\/blog.corretoraideal.com.br\/index.php\/2023\/09\/11\/carreta-com-bebida-alcoolica-pega-fogo-e-interdita-trecho-na-br-101-em-casimiro-de-abreu-regiao-dos-lagos-g1\/","title":{"rendered":"Carreta com bebida alco\u00f3lica pega fogo e interdita trecho na BR-101, em Casimiro de Abreu | Regi\u00e3o dos Lagos | G1"},"content":{"rendered":"<p>      1 de 1&#013;Carreta pegou fogo na BR-101, em Casimiro de Abreu, interditado a pista sentido Niter\u00f3i \u2014 Foto: Reprodu\u00e7\u00e3o redes sociais    <\/p>\n<p> Carreta pegou fogo na BR-101, em Casimiro de Abreu, interditado a pista sentido Niter\u00f3i \u2014 Foto: Reprodu\u00e7\u00e3o redes sociais <\/p>\n<p> Uma carreta bi-trem que transportava bebida alco\u00f3lica ficou em chamas depois de tombar, na tarde desta segunda-feira (11), na altura do km 209 da BR-101, em <a class href=\"https:\/\/g1.globo.com\/rj\/regiao-dos-lagos\/cidade\/casimiro-de-abreu\/\">Casimiro de Abreu (RJ)<\/a>. <\/p>\n<p> A pista no sentido Niter\u00f3i estava interditada at\u00e9 a \u00faltima atualiza\u00e7\u00e3o desta reportagem, sem previs\u00e3o de libera\u00e7\u00e3o da via. O condutor da carreta sofreu ferimentos leves, segundo a concession\u00e1ria Arteris Fluminense. Ele foi atendo no local pela pr\u00f3pria equipe m\u00e9dica da Arteris, e liberado. <\/p>\n<p> &quot;A concession\u00e1ria recomenda que os motoristas evitem a regi\u00e3o neste momento. N\u00e3o h\u00e1 restri\u00e7\u00e3o de tr\u00e1fego no sentido Esp\u00edrito Santo&quot;, divulga a Arteris. <\/p>\n<p> Al\u00e9m de equipes da concession\u00e1ria, tamb\u00e9m atuam no local, agentes do Copo de Bombeiros e da Pol\u00edcia Rodovi\u00e1ria Federal. <\/p>\n<p> A a\u00e7\u00e3o inicial se concentrou no isolamento da \u00e1rea, atendimento \u00e0 v\u00edtima e conten\u00e7\u00e3o do inc\u00eandio. <\/p>\n<p> Motoristas podem obter informa\u00e7\u00f5es sobre a rodovia pelo 0800 2828 0101 e no <a class href=\"https:\/\/twitter.com\/Arteris_AFL\" target=\"_blank\" rel=\"noopener noreferrer\">perfil da Arteris Fluminense no Twitter<\/a>. <\/p>\n<ul> <\/ul>\n","protected":false},"excerpt":{"rendered":"<p>1 de 1&#013;Carreta pegou fogo na BR-101, em Casimiro de Abreu, interditado a pista sentido Niter\u00f3i \u2014 Foto: Reprodu\u00e7\u00e3o redes sociais Carreta pegou fogo na BR-101, em Casimiro de Abreu, interditado a pista sentido Niter\u00f3i \u2014 Foto: Reprodu\u00e7\u00e3o redes sociais Uma carreta bi-trem que transportava bebida alco\u00f3lica ficou em chamas depois de tombar, na tarde [&hellip;]<\/p>\n","protected":false},"author":1,"featured_media":0,"comment_status":"closed","ping_status":"closed","sticky":false,"template":"","format":"standard","meta":{"footnotes":""},"categories":[],"tags":[],"class_list":["post-52601","post","type-post","status-publish","format-standard","hentry"],"_links":{"self":[{"href":"https:\/\/blog.corretoraideal.com.br\/index.php\/wp-json\/wp\/v2\/posts\/52601","targetHints":{"allow":["GET"]}}],"collection":[{"href":"https:\/\/blog.corretoraideal.com.br\/index.php\/wp-json\/wp\/v2\/posts"}],"about":[{"href":"https:\/\/blog.corretoraideal.com.br\/index.php\/wp-json\/wp\/v2\/types\/post"}],"author":[{"embeddable":true,"href":"https:\/\/blog.corretoraideal.com.br\/index.php\/wp-json\/wp\/v2\/users\/1"}],"replies":[{"embeddable":true,"href":"https:\/\/blog.corretoraideal.com.br\/index.php\/wp-json\/wp\/v2\/comments?post=52601"}],"version-history":[{"count":1,"href":"https:\/\/blog.corretoraideal.com.br\/index.php\/wp-json\/wp\/v2\/posts\/52601\/revisions"}],"predecessor-version":[{"id":52603,"href":"https:\/\/blog.corretoraideal.com.br\/index.php\/wp-json\/wp\/v2\/posts\/52601\/revisions\/52603"}],"wp:attachment":[{"href":"https:\/\/blog.corretoraideal.com.br\/index.php\/wp-json\/wp\/v2\/media?parent=52601"}],"wp:term":[{"taxonomy":"category","embeddable":true,"href":"https:\/\/blog.corretoraideal.com.br\/index.php\/wp-json\/wp\/v2\/categories?post=52601"},{"taxonomy":"post_tag","embeddable":true,"href":"https:\/\/blog.corretoraideal.com.br\/index.php\/wp-json\/wp\/v2\/tags?post=52601"}],"curies":[{"name":"wp","href":"https:\/\/api.w.org\/{rel}","templated":true}]}}