{"id":52604,"date":"2023-09-11T21:29:41","date_gmt":"2023-09-11T21:29:41","guid":{"rendered":"https:\/\/blog.corretoraideal.com.br\/?p=52604"},"modified":"2023-09-11T21:29:41","modified_gmt":"2023-09-11T21:29:41","slug":"isencao-de-visto-de-turismo-entre-brasil-e-japao-comeca-a-valer-em-30-de-setembro-turismo-e-viagem-g1","status":"publish","type":"post","link":"https:\/\/blog.corretoraideal.com.br\/index.php\/2023\/09\/11\/isencao-de-visto-de-turismo-entre-brasil-e-japao-comeca-a-valer-em-30-de-setembro-turismo-e-viagem-g1\/","title":{"rendered":"Isen\u00e7\u00e3o de visto de turismo entre Brasil e Jap\u00e3o come\u00e7a a valer em 30 de setembro | Turismo e Viagem | G1"},"content":{"rendered":"<p>      1 de 1&#013;Recipiente com dezenas de passaportes \u2014 Foto: Reprodu\u00e7\u00e3o    <\/p>\n<p> Recipiente com dezenas de passaportes \u2014 Foto: Reprodu\u00e7\u00e3o <\/p>\n<p> O governo federal oficializou nesta segunda-feira (11) a isen\u00e7\u00e3o de visto para turistas brasileiros e japoneses em viagens de at\u00e9 90 dias entre os dois pa\u00edses. A medida entra em vigor no dia 30 de setembro de 2023 e vale at\u00e9 29 de setembro de 2026. <\/p>\n<p> A medida se aplica para todos os passaportes brasileiros v\u00e1lidos com chip, emitidos desde 2011. Os turistas que, por alguma raz\u00e3o, n\u00e3o t\u00eam passaportes com chip dever\u00e3o obter o visto antecipadamente para entrar no Jap\u00e3o. <\/p>\n<p> A mudan\u00e7a n\u00e3o vale para brasileiros que desejam entrar no Jap\u00e3o para trabalhar. Neste caso, ainda ser\u00e1 necess\u00e1rio obter visto. <\/p>\n<p> A isen\u00e7\u00e3o do visto para turistas \u00e9 fruto do <a class href=\"https:\/\/g1.globo.com\/politica\/blog\/julia-duailibi\/post\/2023\/08\/09\/brasil-e-japao-fazem-acordo-bilateral-para-isencao-de-visto-para-turistas-nos-dois-paises.ghtml\">acordo feito em agosto entre o Brasil e o Jap\u00e3o<\/a> com base no princ\u00edpio de reciprocidade. Agora, a medida foi publicada no Di\u00e1rio Oficial da Uni\u00e3o. <\/p>\n<p>                   <img loading=\"lazy\" decoding=\"async\" class=\"aligncenter size-full wp-image-52606\" src=\"https:\/\/blog.corretoraideal.com.br\/wp-content\/uploads\/2023\/09\/veja-como-tirar-o-passaporte-3.jpeg\" alt=\"Veja como tirar o passaporte\" width=\"800\" height=\"400\" \/>      <\/p>\n<p> Veja como tirar o passaporte <\/p>\n<ul> <\/ul>\n","protected":false},"excerpt":{"rendered":"<p>1 de 1&#013;Recipiente com dezenas de passaportes \u2014 Foto: Reprodu\u00e7\u00e3o Recipiente com dezenas de passaportes \u2014 Foto: Reprodu\u00e7\u00e3o O governo federal oficializou nesta segunda-feira (11) a isen\u00e7\u00e3o de visto para turistas brasileiros e japoneses em viagens de at\u00e9 90 dias entre os dois pa\u00edses. A medida entra em vigor no dia 30 de setembro de [&hellip;]<\/p>\n","protected":false},"author":1,"featured_media":0,"comment_status":"closed","ping_status":"closed","sticky":false,"template":"","format":"standard","meta":{"footnotes":""},"categories":[],"tags":[],"class_list":["post-52604","post","type-post","status-publish","format-standard","hentry"],"_links":{"self":[{"href":"https:\/\/blog.corretoraideal.com.br\/index.php\/wp-json\/wp\/v2\/posts\/52604","targetHints":{"allow":["GET"]}}],"collection":[{"href":"https:\/\/blog.corretoraideal.com.br\/index.php\/wp-json\/wp\/v2\/posts"}],"about":[{"href":"https:\/\/blog.corretoraideal.com.br\/index.php\/wp-json\/wp\/v2\/types\/post"}],"author":[{"embeddable":true,"href":"https:\/\/blog.corretoraideal.com.br\/index.php\/wp-json\/wp\/v2\/users\/1"}],"replies":[{"embeddable":true,"href":"https:\/\/blog.corretoraideal.com.br\/index.php\/wp-json\/wp\/v2\/comments?post=52604"}],"version-history":[{"count":1,"href":"https:\/\/blog.corretoraideal.com.br\/index.php\/wp-json\/wp\/v2\/posts\/52604\/revisions"}],"predecessor-version":[{"id":52607,"href":"https:\/\/blog.corretoraideal.com.br\/index.php\/wp-json\/wp\/v2\/posts\/52604\/revisions\/52607"}],"wp:attachment":[{"href":"https:\/\/blog.corretoraideal.com.br\/index.php\/wp-json\/wp\/v2\/media?parent=52604"}],"wp:term":[{"taxonomy":"category","embeddable":true,"href":"https:\/\/blog.corretoraideal.com.br\/index.php\/wp-json\/wp\/v2\/categories?post=52604"},{"taxonomy":"post_tag","embeddable":true,"href":"https:\/\/blog.corretoraideal.com.br\/index.php\/wp-json\/wp\/v2\/tags?post=52604"}],"curies":[{"name":"wp","href":"https:\/\/api.w.org\/{rel}","templated":true}]}}