{"id":52608,"date":"2023-09-11T22:29:42","date_gmt":"2023-09-11T22:29:42","guid":{"rendered":"https:\/\/blog.corretoraideal.com.br\/?p=52608"},"modified":"2023-09-11T22:29:42","modified_gmt":"2023-09-11T22:29:42","slug":"comparada-a-uniforme-de-campo-de-concentracao-roupa-gera-criticas-nas-redes-riachuelo-vai-retirar-pecas-economia-g1","status":"publish","type":"post","link":"https:\/\/blog.corretoraideal.com.br\/index.php\/2023\/09\/11\/comparada-a-uniforme-de-campo-de-concentracao-roupa-gera-criticas-nas-redes-riachuelo-vai-retirar-pecas-economia-g1\/","title":{"rendered":"Comparada a uniforme de campo de concentra\u00e7\u00e3o, roupa gera cr\u00edticas nas redes; Riachuelo vai retirar pe\u00e7as | Economia | G1"},"content":{"rendered":"\n<ul>\n<li>\n<p> Marca lan\u00e7ou conjunto de roupas listradas que foram comparadas a uniformes de campos de concentra\u00e7\u00e3o. <\/p>\n<\/li>\n<li>\n<p> Em publica\u00e7\u00e3o que viralizou, especialista em semi\u00f3tica viu como &quot;puro cinismo&quot; colocar &quot;uso est\u00e9tico acima da mem\u00f3ria&quot;. <\/p>\n<\/li>\n<li>\n<p> Ap\u00f3s rea\u00e7\u00f5es negativas, marca pediu desculpas e definiu uso de modelo listrado com cores claras uma escolha &quot;infeliz&quot;. <\/p>\n<\/li>\n<\/ul>\n<p> Marca lan\u00e7ou conjunto de roupas listradas que foram comparadas a uniformes de campos de concentra\u00e7\u00e3o. <\/p>\n<p> Em publica\u00e7\u00e3o que viralizou, especialista em semi\u00f3tica viu como &quot;puro cinismo&quot; colocar &quot;uso est\u00e9tico acima da mem\u00f3ria&quot;. <\/p>\n<p> Ap\u00f3s rea\u00e7\u00f5es negativas, marca pediu desculpas e definiu uso de modelo listrado com cores claras uma escolha &quot;infeliz&quot;. <\/p>\n<p> A Riachuelo foi criticada ap\u00f3s lan\u00e7ar um conjunto de roupas que, segundo internautas, remetia aos uniformes dos campos de concentra\u00e7\u00e3o nazistas. <\/p>\n<p> As pe\u00e7as, um conjunto de camisa e cal\u00e7a listrados com as cores branca e azul, foram vistas como semelhantes \u00e0s roupas impostas aos judeus durante a 2\u00aa Guerra Mundial. <\/p>\n<p> Uma das cr\u00edticas que mais viralizaram foi a da especialista em cultura material e consumo, semi\u00f3tica psicanal\u00edtica da USP Maria Eug\u00eanya (veja abaixo). A publica\u00e7\u00e3o j\u00e1 conta com mais de 111 mil curtidas e 7 mil compartilhamentos. <\/p>\n<p> Na postagem, ao relacionar a pe\u00e7a da loja ao uniforme, ela diz que \u00e9 necess\u00e1rio &quot;conhecer a hist\u00f3ria&quot; e afirma acreditar que \u00e9 &quot;puro cinismo&quot; colocar o &quot;uso est\u00e9tico acima de cr\u00edtica ou mem\u00f3ria hist\u00f3rica&quot;. <\/p>\n<p> <strong>Leia tamb\u00e9m <\/strong> <\/p>\n<ul>\n<li><a class href=\"https:\/\/g1.globo.com\/sp\/sao-paulo\/noticia\/2023\/09\/06\/dora-figueiredo-pode-reformar-apartamento-alugado-o-que-diz-a-lei-do-inquilinato.ghtml\">\u00c9 permitido reformar apartamento alugado como fez influencer Dora Figueiredo? Saiba o que diz a lei<\/a><\/li>\n<\/ul>\n<p> Em nota enviada ap\u00f3s a pol\u00eamica, a Riachuelo pediu desculpas, afirmou que a escolha do modelo das pe\u00e7as e da cartela de cores &quot;realmente foi uma infelicidade&quot; e informou que todas as pe\u00e7as j\u00e1 est\u00e3o sendo retiradas das lojas e do e-commerce da empresa (veja o posicionamento da empresa na \u00edntegra ao final da reportagem). <\/p>\n<p> <strong>Veja o posicionamento da Riachuelo na \u00edntegra:<\/strong> <\/p>\n<p> &quot;N\u00f3s, da Riachuelo, prezamos pelo respeito por todas as pessoas, e esclarecemos que, em nenhum momento, houve a inten\u00e7\u00e3o de fazer qualquer alus\u00e3o a um per\u00edodo hist\u00f3rico que feriu os direitos humanos de tanta gente.  <\/p>\n<p> A escolha do modelo das pe\u00e7as e da cartela de cores realmente foi uma infelicidade, e gostar\u00edamos de refor\u00e7ar que todas as pe\u00e7as j\u00e1 est\u00e3o sendo retiradas das nossas lojas e e-commerce.  <\/p>\n<p> Entendemos a sensibilidade do assunto, agradecemos o alerta trazido pelos nossos consumidores e pedimos desculpas a todas as pessoas que se sentiram ofendidas pelo que o produto possa ter representado.&quot; <\/p>\n<ul> <\/ul>\n","protected":false},"excerpt":{"rendered":"<p>Marca lan\u00e7ou conjunto de roupas listradas que foram comparadas a uniformes de campos de concentra\u00e7\u00e3o. Em publica\u00e7\u00e3o que viralizou, especialista em semi\u00f3tica viu como &quot;puro cinismo&quot; colocar &quot;uso est\u00e9tico acima da mem\u00f3ria&quot;. Ap\u00f3s rea\u00e7\u00f5es negativas, marca pediu desculpas e definiu uso de modelo listrado com cores claras uma escolha &quot;infeliz&quot;. Marca lan\u00e7ou conjunto de roupas [&hellip;]<\/p>\n","protected":false},"author":1,"featured_media":0,"comment_status":"closed","ping_status":"closed","sticky":false,"template":"","format":"standard","meta":{"footnotes":""},"categories":[],"tags":[],"class_list":["post-52608","post","type-post","status-publish","format-standard","hentry"],"_links":{"self":[{"href":"https:\/\/blog.corretoraideal.com.br\/index.php\/wp-json\/wp\/v2\/posts\/52608","targetHints":{"allow":["GET"]}}],"collection":[{"href":"https:\/\/blog.corretoraideal.com.br\/index.php\/wp-json\/wp\/v2\/posts"}],"about":[{"href":"https:\/\/blog.corretoraideal.com.br\/index.php\/wp-json\/wp\/v2\/types\/post"}],"author":[{"embeddable":true,"href":"https:\/\/blog.corretoraideal.com.br\/index.php\/wp-json\/wp\/v2\/users\/1"}],"replies":[{"embeddable":true,"href":"https:\/\/blog.corretoraideal.com.br\/index.php\/wp-json\/wp\/v2\/comments?post=52608"}],"version-history":[{"count":1,"href":"https:\/\/blog.corretoraideal.com.br\/index.php\/wp-json\/wp\/v2\/posts\/52608\/revisions"}],"predecessor-version":[{"id":52610,"href":"https:\/\/blog.corretoraideal.com.br\/index.php\/wp-json\/wp\/v2\/posts\/52608\/revisions\/52610"}],"wp:attachment":[{"href":"https:\/\/blog.corretoraideal.com.br\/index.php\/wp-json\/wp\/v2\/media?parent=52608"}],"wp:term":[{"taxonomy":"category","embeddable":true,"href":"https:\/\/blog.corretoraideal.com.br\/index.php\/wp-json\/wp\/v2\/categories?post=52608"},{"taxonomy":"post_tag","embeddable":true,"href":"https:\/\/blog.corretoraideal.com.br\/index.php\/wp-json\/wp\/v2\/tags?post=52608"}],"curies":[{"name":"wp","href":"https:\/\/api.w.org\/{rel}","templated":true}]}}