{"id":52618,"date":"2023-09-12T03:29:44","date_gmt":"2023-09-12T03:29:44","guid":{"rendered":"https:\/\/blog.corretoraideal.com.br\/?p=52618"},"modified":"2023-09-12T03:29:44","modified_gmt":"2023-09-12T03:29:44","slug":"credores-aprovam-plano-de-recuperacao-do-grupo-petropolis-empresa-responsavel-pelas-cervejas-itaipava-e-petra-economia-g1","status":"publish","type":"post","link":"https:\/\/blog.corretoraideal.com.br\/index.php\/2023\/09\/12\/credores-aprovam-plano-de-recuperacao-do-grupo-petropolis-empresa-responsavel-pelas-cervejas-itaipava-e-petra-economia-g1\/","title":{"rendered":"Credores aprovam plano de recupera\u00e7\u00e3o do Grupo Petr\u00f3polis, empresa respons\u00e1vel pelas cervejas Itaipava e Petra | Economia | G1"},"content":{"rendered":"<p>      1 de 1&#013;O Grupo Petr\u00f3polis, \u00e9 dono das marcas Itaipava, Crystal e Petra, dentre outras \u2014 Foto: Divulga\u00e7\u00e3o    <\/p>\n<p> O Grupo Petr\u00f3polis, \u00e9 dono das marcas Itaipava, Crystal e Petra, dentre outras \u2014 Foto: Divulga\u00e7\u00e3o <\/p>\n<p> O plano de recupera\u00e7\u00e3o judicial do Grupo Petr\u00f3polis, empresa respons\u00e1vel pelas cervejas Itaipava e Petra, foi aprovado pela maioria dos credores na noite desta segunda-feira (11). Segundo a empresa, 96,4%<strong> <\/strong>dos votantes na Assembleia Geral aprovaram o documento. <\/p>\n<p> Com a aprova\u00e7\u00e3o do plano de recupera\u00e7\u00e3o por parte dos credores, agora o documento segue para homologa\u00e7\u00e3o judicial. Depois desta etapa, entrar\u00e1 em vigor. <\/p>\n<p> A empresa <a class href=\"https:\/\/g1.globo.com\/rj\/rio-de-janeiro\/noticia\/2023\/03\/28\/grupo-petropolis-dono-das-cervejas-itaipava-e-crystal-entra-em-recuperacao-judicial.ghtml\">entrou com pedido de recupera\u00e7\u00e3o judicial na Justi\u00e7a do Rio em 27 de mar\u00e7o de 2023<\/a>. E, no dia seguinte, a 5\u00aa Vara Empresarial da Justi\u00e7a do Rio deferiu uma medida cautelar para antecipar os efeitos da recupera\u00e7\u00e3o judicial pleiteada pelo grupo do setor de bebidas da Regi\u00e3o Serrana. A decis\u00e3o impediu a cobran\u00e7a de d\u00edvidas do grupo e, tamb\u00e9m, nomeou os administradores judiciais. <\/p>\n<p> O pedido continha uma lista de mais de 5 mil credores. \u00c0 \u00e9poca, o grupo enfrentou uma crise de liquidez decorrente da redu\u00e7\u00e3o de receita e de produ\u00e7\u00e3o, segundo a peti\u00e7\u00e3o em que pediu recupera\u00e7\u00e3o.<strong> Quando foi protocolada a recupera\u00e7\u00e3o, a d\u00edvida informada era de R$ 4,2 bilh\u00f5es \u2014 48% sendo financeira e 52% com fornecedores. <\/strong> <\/p>\n<p>&quot;31,2 milh\u00f5es de hectolitros de bebida [foram] vendidos no ano de 2020. [J\u00e1], nos anos de 2021 e 2022, o volume caiu para 26,4 e 24,1 milh\u00f5es de hectolitros, respectivamente&quot;, informou a empresa no documento de recupera\u00e7\u00e3o. Uma queda de 15,4% e 22,7%, respectivamente. <\/p>\n<p> Os administradores do processo s\u00e3o Preserva-A\u00e7\u00e3o e o Zveiter Advogados, a mesma dupla respons\u00e1vel pela recupera\u00e7\u00e3o fiscal da Americanas. <\/p>\n<p> Por meio de nota, o Grupo Petr\u00f3polis disse que o plano &quot;permitir\u00e1 a ado\u00e7\u00e3o de medidas necess\u00e1rias para a readequa\u00e7\u00e3o do endividamento e da estrutura de capital da companhia, permitindo a retomada dos investimentos e da produ\u00e7\u00e3o nas suas f\u00e1bricas e assegurando a gera\u00e7\u00e3o de milhares de empregos diretos e indiretos em todo o pa\u00eds&quot;. <\/p>\n<ul> <\/ul>\n","protected":false},"excerpt":{"rendered":"<p>1 de 1&#013;O Grupo Petr\u00f3polis, \u00e9 dono das marcas Itaipava, Crystal e Petra, dentre outras \u2014 Foto: Divulga\u00e7\u00e3o O Grupo Petr\u00f3polis, \u00e9 dono das marcas Itaipava, Crystal e Petra, dentre outras \u2014 Foto: Divulga\u00e7\u00e3o O plano de recupera\u00e7\u00e3o judicial do Grupo Petr\u00f3polis, empresa respons\u00e1vel pelas cervejas Itaipava e Petra, foi aprovado pela maioria dos credores [&hellip;]<\/p>\n","protected":false},"author":1,"featured_media":0,"comment_status":"closed","ping_status":"closed","sticky":false,"template":"","format":"standard","meta":{"footnotes":""},"categories":[],"tags":[],"class_list":["post-52618","post","type-post","status-publish","format-standard","hentry"],"_links":{"self":[{"href":"https:\/\/blog.corretoraideal.com.br\/index.php\/wp-json\/wp\/v2\/posts\/52618","targetHints":{"allow":["GET"]}}],"collection":[{"href":"https:\/\/blog.corretoraideal.com.br\/index.php\/wp-json\/wp\/v2\/posts"}],"about":[{"href":"https:\/\/blog.corretoraideal.com.br\/index.php\/wp-json\/wp\/v2\/types\/post"}],"author":[{"embeddable":true,"href":"https:\/\/blog.corretoraideal.com.br\/index.php\/wp-json\/wp\/v2\/users\/1"}],"replies":[{"embeddable":true,"href":"https:\/\/blog.corretoraideal.com.br\/index.php\/wp-json\/wp\/v2\/comments?post=52618"}],"version-history":[{"count":1,"href":"https:\/\/blog.corretoraideal.com.br\/index.php\/wp-json\/wp\/v2\/posts\/52618\/revisions"}],"predecessor-version":[{"id":52620,"href":"https:\/\/blog.corretoraideal.com.br\/index.php\/wp-json\/wp\/v2\/posts\/52618\/revisions\/52620"}],"wp:attachment":[{"href":"https:\/\/blog.corretoraideal.com.br\/index.php\/wp-json\/wp\/v2\/media?parent=52618"}],"wp:term":[{"taxonomy":"category","embeddable":true,"href":"https:\/\/blog.corretoraideal.com.br\/index.php\/wp-json\/wp\/v2\/categories?post=52618"},{"taxonomy":"post_tag","embeddable":true,"href":"https:\/\/blog.corretoraideal.com.br\/index.php\/wp-json\/wp\/v2\/tags?post=52618"}],"curies":[{"name":"wp","href":"https:\/\/api.w.org\/{rel}","templated":true}]}}