{"id":52621,"date":"2023-09-12T04:31:20","date_gmt":"2023-09-12T04:31:20","guid":{"rendered":"https:\/\/blog.corretoraideal.com.br\/?p=52621"},"modified":"2023-09-12T04:31:20","modified_gmt":"2023-09-12T04:31:20","slug":"iphone-15-deve-ser-lancado-nesta-terca-veja-o-que-esperar-dos-novos-celulares-da-apple-tecnologia-g1","status":"publish","type":"post","link":"https:\/\/blog.corretoraideal.com.br\/index.php\/2023\/09\/12\/iphone-15-deve-ser-lancado-nesta-terca-veja-o-que-esperar-dos-novos-celulares-da-apple-tecnologia-g1\/","title":{"rendered":"iPhone 15 deve ser lan\u00e7ado nesta ter\u00e7a; veja o que esperar dos novos celulares da Apple | Tecnologia | G1"},"content":{"rendered":"\n<ul>\n<li>\n<p> A Apple anunciou um evento para esta ter\u00e7a-feira (12), a partir das 14h (hor\u00e1rio de Bras\u00edlia) <\/p>\n<\/li>\n<li>\n<p> Empresa deve anunciar quatro novos celulares: iPhone 15, 15 Plus, 15 Pro e 15 Pro Max <\/p>\n<\/li>\n<li>\n<p> Modelos mais poderosos dever\u00e3o ter acabamento em tit\u00e2nio e bordas mais finas ao redor da tela <\/p>\n<\/li>\n<li>\n<p> Todos os novos smartphones devem ganhar entrada USB-C, que substituir\u00e1 o padr\u00e3o Lightning <\/p>\n<\/li>\n<\/ul>\n<p> A Apple anunciou um evento para esta ter\u00e7a-feira (12), a partir das 14h (hor\u00e1rio de Bras\u00edlia) <\/p>\n<p> Empresa deve anunciar quatro novos celulares: iPhone 15, 15 Plus, 15 Pro e 15 Pro Max <\/p>\n<p> Modelos mais poderosos dever\u00e3o ter acabamento em tit\u00e2nio e bordas mais finas ao redor da tela <\/p>\n<p> Todos os novos smartphones devem ganhar entrada USB-C, que substituir\u00e1 o padr\u00e3o Lightning <\/p>\n<p>         1 de 2&#013;iPhone 14 Pro em loja da Apple, em foto de 16 de setembro de 2022 \u2014 Foto: Reuters\/Andrew Kelly    <\/p>\n<p> iPhone 14 Pro em loja da Apple, em foto de 16 de setembro de 2022 \u2014 Foto: Reuters\/Andrew Kelly <\/p>\n<p> A <a class href=\"https:\/\/g1.globo.com\/tudo-sobre\/apple\/\">Apple<\/a> dever\u00e1 apresentar o iPhone 15 nesta ter\u00e7a-feira (12) a partir das 14h (hor\u00e1rio de Bras\u00edlia). A expectativa \u00e9 de que a empresa siga o que adotou nos anos anteriores e revele quatro celulares. <\/p>\n<p> O iPhone 15 e 15 Plus dever\u00e3o ser os mais baratos da linha, e o iPhone 15 Pro e 15 Pro Max, os mais caros (e mais potentes), segundo a Bloomberg. <\/p>\n<p> <a class href=\"https:\/\/g1.globo.com\/tecnologia\/noticia\/2023\/09\/10\/iphone-15-sera-mais-caro-e-modelos-pro-terao-primeiro-reajuste-dizem-jornais-veja-o-que-esperar-dos-novos-celulares-da-apple.ghtml\">Os pre\u00e7os de alguns dos novos celulares devem subir em US$ 100<\/a> (cerca de R$ 500), de acordo com analistas ouvidos pelo Wall Street Journal. A Bloomberg tamb\u00e9m informou que a Apple cogitava um reajuste, mas n\u00e3o citou valores. <\/p>\n<p> Segundo os jornais, as principais mudan\u00e7as chegar\u00e3o aos modelos &quot;Pro&quot;, que devem ter acabamento em tit\u00e2nio para ficarem mais leves e um visual com bordas mais finas ao redor das telas. Os celulares tamb\u00e9m devem ser equipados com o novo processador A17. <\/p>\n<p> O iPhone 15 Pro Max dever\u00e1 ter zoom \u00f3ptico mais poderoso, o que lhe permitiria capturar imagens de objetos distantes com mais qualidade. <\/p>\n<p> Para o iPhone 15 e 15 Plus, a expectativa \u00e9 pela chegada de itens que foram lan\u00e7ados em 2022 no iPhone 14 Pro, como o processador A16 e o Dynamic Island, que faz a \u00e1rea ao redor da c\u00e2mera frontal interagir com anima\u00e7\u00f5es do sistema operacional iOS. <\/p>\n<p> Todos os novos modelos tamb\u00e9m passar\u00e3o a contar com a entrada USB-C (em vez da Lightning) por conta de uma <a class href=\"https:\/\/g1.globo.com\/tecnologia\/noticia\/2022\/11\/08\/o-que-e-usb-c-carregador-que-a-apple-tera-que-colocar-nos-iphones.ghtml\">determina\u00e7\u00e3o feita em 2022 pela Uni\u00e3o Europeia<\/a>. <\/p>\n<p> <strong>LEIA TAMB\u00c9M:<\/strong> <\/p>\n<ul>\n<li><a class href=\"https:\/\/g1.globo.com\/tecnologia\/noticia\/2023\/09\/06\/stopclub-o-aplicativo-que-trava-batalha-com-a-uber-apos-permitir-recusa-automatica-de-corridas-por-motoristas.ghtml\">Aplicativo trava batalha com a Uber ap\u00f3s permitir &#x27;recusa autom\u00e1tica&#x27; por motoristas<\/a><\/li>\n<li><a class href=\"https:\/\/g1.globo.com\/tecnologia\/noticia\/2023\/08\/17\/seguranca-da-informacao-tem-salario-de-r-38-mil-mas-nao-encontra-profissionais-veja-como-entrar.ghtml\">Seguran\u00e7a da informa\u00e7\u00e3o tem sal\u00e1rio de R$ 38 mil, mas n\u00e3o encontra profissionais<\/a><\/li>\n<li><a class href=\"https:\/\/g1.globo.com\/tecnologia\/noticia\/2023\/08\/27\/modo-aviao-do-celular-por-que-e-preciso-ativar-o-recurso-durante-voos.ghtml\">Por que \u00e9 preciso ativar o modo avi\u00e3o do celular durante voos<\/a><\/li>\n<\/ul>\n<p>         2 de 2&#013;A Apple anunciou o lan\u00e7amento do iPhone 14, 15 anos ap\u00f3s o lan\u00e7amento do iPhone original \u2014 Foto: Apple    <\/p>\n<p> A Apple anunciou o lan\u00e7amento do iPhone 14, 15 anos ap\u00f3s o lan\u00e7amento do iPhone original \u2014 Foto: Apple <\/p>\n<p>                   <img loading=\"lazy\" decoding=\"async\" class=\"aligncenter size-full wp-image-52623\" src=\"https:\/\/blog.corretoraideal.com.br\/wp-content\/uploads\/2023\/09\/conheca-o-vision-pro-o-oculos-de-realidade-mista-da-apple-2.jpeg\" alt=\"Conhe\u00e7a o Vision Pro, o \u00f3culos de realidade mista da Apple\" width=\"800\" height=\"400\" \/>      <\/p>\n<p> Conhe\u00e7a o Vision Pro, o \u00f3culos de realidade mista da Apple <\/p>\n<ul>\n<li> <a href=\"https:\/\/g1.globo.com\/tudo-sobre\/apple\/\" class=\"entities__list-itemLink\" data-track-click=\"Apple\"> Apple <\/a> <\/li>\n<\/ul>\n","protected":false},"excerpt":{"rendered":"<p>A Apple anunciou um evento para esta ter\u00e7a-feira (12), a partir das 14h (hor\u00e1rio de Bras\u00edlia) Empresa deve anunciar quatro novos celulares: iPhone 15, 15 Plus, 15 Pro e 15 Pro Max Modelos mais poderosos dever\u00e3o ter acabamento em tit\u00e2nio e bordas mais finas ao redor da tela Todos os novos smartphones devem ganhar entrada [&hellip;]<\/p>\n","protected":false},"author":1,"featured_media":0,"comment_status":"closed","ping_status":"closed","sticky":false,"template":"","format":"standard","meta":{"footnotes":""},"categories":[],"tags":[],"class_list":["post-52621","post","type-post","status-publish","format-standard","hentry"],"_links":{"self":[{"href":"https:\/\/blog.corretoraideal.com.br\/index.php\/wp-json\/wp\/v2\/posts\/52621","targetHints":{"allow":["GET"]}}],"collection":[{"href":"https:\/\/blog.corretoraideal.com.br\/index.php\/wp-json\/wp\/v2\/posts"}],"about":[{"href":"https:\/\/blog.corretoraideal.com.br\/index.php\/wp-json\/wp\/v2\/types\/post"}],"author":[{"embeddable":true,"href":"https:\/\/blog.corretoraideal.com.br\/index.php\/wp-json\/wp\/v2\/users\/1"}],"replies":[{"embeddable":true,"href":"https:\/\/blog.corretoraideal.com.br\/index.php\/wp-json\/wp\/v2\/comments?post=52621"}],"version-history":[{"count":1,"href":"https:\/\/blog.corretoraideal.com.br\/index.php\/wp-json\/wp\/v2\/posts\/52621\/revisions"}],"predecessor-version":[{"id":52624,"href":"https:\/\/blog.corretoraideal.com.br\/index.php\/wp-json\/wp\/v2\/posts\/52621\/revisions\/52624"}],"wp:attachment":[{"href":"https:\/\/blog.corretoraideal.com.br\/index.php\/wp-json\/wp\/v2\/media?parent=52621"}],"wp:term":[{"taxonomy":"category","embeddable":true,"href":"https:\/\/blog.corretoraideal.com.br\/index.php\/wp-json\/wp\/v2\/categories?post=52621"},{"taxonomy":"post_tag","embeddable":true,"href":"https:\/\/blog.corretoraideal.com.br\/index.php\/wp-json\/wp\/v2\/tags?post=52621"}],"curies":[{"name":"wp","href":"https:\/\/api.w.org\/{rel}","templated":true}]}}