{"id":52625,"date":"2023-09-12T06:31:05","date_gmt":"2023-09-12T06:31:05","guid":{"rendered":"https:\/\/blog.corretoraideal.com.br\/?p=52625"},"modified":"2023-09-12T06:31:05","modified_gmt":"2023-09-12T06:31:05","slug":"vacinacao-antirrabica-comeca-em-sao-joao-da-barra-nesta-terca-feira-norte-fluminense-g1","status":"publish","type":"post","link":"https:\/\/blog.corretoraideal.com.br\/index.php\/2023\/09\/12\/vacinacao-antirrabica-comeca-em-sao-joao-da-barra-nesta-terca-feira-norte-fluminense-g1\/","title":{"rendered":"Vacina\u00e7\u00e3o antirr\u00e1bica come\u00e7a em S\u00e3o Jo\u00e3o da Barra nesta ter\u00e7a-feira | Norte Fluminense | G1"},"content":{"rendered":"\n<p> A campanha de vacina\u00e7\u00e3o antirr\u00e1bica de c\u00e3es e gatos come\u00e7a nesta ter\u00e7a-feira (12) em <a class href=\"https:\/\/g1.globo.com\/rj\/norte-fluminense\/cidade\/sao-joao-da-barra\/\">S\u00e3o Jo\u00e3o da Barra<\/a>. A equipe do N\u00facleo de Controle de Zoonoses (NCZ) vai atender em postos volantes, das 9h \u00e0s 13h, come\u00e7ando por Quixaba (Dito). <\/p>\n<p> At\u00e9 o dia 3 de outubro, localidades de todos os distritos do munic\u00edpio ser\u00e3o atendidas com a vacina\u00e7\u00e3o volante, conforme cronograma ao final da mat\u00e9ria. <\/p>\n<p> A meta do NCZ \u00e9 imunizar 6 mil animais. Em 2022, foram 5.515 vacinas aplicadas. <\/p>\n<p> <strong>Confira o cronograma:<\/strong> <\/p>\n<p> PostosVolantes, das 9 \u00e0s 13 h: <\/p>\n<p> 12\/09 &#8211; Quixaba (Dito) <\/p>\n<p> 13\/09 &#8211; Campo de Areia e Cazumb\u00e1 <\/p>\n<p> 14\/09- Pipeiras e Palacete <\/p>\n<p> 15\/09 &#8211; Vila da Terra e Rua Nova <\/p>\n<p> 19\/09 &#8211; \u00c1gua Preta <\/p>\n<p> 20\/09 &#8211; Iquipar\u00ed <\/p>\n<p> 21\/09- Chap\u00e9u de Sol <\/p>\n<p> 22\/09- Degredo <\/p>\n<p> 26\/09 &#8211; Pra\u00e7a do Meireles <\/p>\n<p> 27\/09 &#8211; Jardim das Palmeiras <\/p>\n<p> 28\/09- Pra\u00e7a Santo Amaro <\/p>\n<p> 29\/09 &#8211; Pra\u00e7a Nossa Senhora Aparecida (Lagoa) <\/p>\n<p> 03\/10 &#8211; Esta\u00e7\u00e3o das Artes ePra\u00e7a Bairro de F\u00e1tima <\/p>\n<p> Postos Fixos acontecer\u00e3o no dia 07\/10, e os locais ainda ser\u00e3o divulgados. <\/p>\n<ul>\n<li> <a href=\"https:\/\/g1.globo.com\/rj\/norte-fluminense\/cidade\/sao-joao-da-barra\/\" class=\"entities__list-itemLink\" data-track-click=\"S\u00e3o Jo\u00e3o da Barra\"> S\u00e3o Jo\u00e3o da Barra <\/a> <\/li>\n<\/ul>\n","protected":false},"excerpt":{"rendered":"<p>A campanha de vacina\u00e7\u00e3o antirr\u00e1bica de c\u00e3es e gatos come\u00e7a nesta ter\u00e7a-feira (12) em S\u00e3o Jo\u00e3o da Barra. A equipe do N\u00facleo de Controle de Zoonoses (NCZ) vai atender em postos volantes, das 9h \u00e0s 13h, come\u00e7ando por Quixaba (Dito). At\u00e9 o dia 3 de outubro, localidades de todos os distritos do munic\u00edpio ser\u00e3o atendidas [&hellip;]<\/p>\n","protected":false},"author":1,"featured_media":0,"comment_status":"closed","ping_status":"closed","sticky":false,"template":"","format":"standard","meta":{"footnotes":""},"categories":[],"tags":[],"class_list":["post-52625","post","type-post","status-publish","format-standard","hentry"],"_links":{"self":[{"href":"https:\/\/blog.corretoraideal.com.br\/index.php\/wp-json\/wp\/v2\/posts\/52625","targetHints":{"allow":["GET"]}}],"collection":[{"href":"https:\/\/blog.corretoraideal.com.br\/index.php\/wp-json\/wp\/v2\/posts"}],"about":[{"href":"https:\/\/blog.corretoraideal.com.br\/index.php\/wp-json\/wp\/v2\/types\/post"}],"author":[{"embeddable":true,"href":"https:\/\/blog.corretoraideal.com.br\/index.php\/wp-json\/wp\/v2\/users\/1"}],"replies":[{"embeddable":true,"href":"https:\/\/blog.corretoraideal.com.br\/index.php\/wp-json\/wp\/v2\/comments?post=52625"}],"version-history":[{"count":1,"href":"https:\/\/blog.corretoraideal.com.br\/index.php\/wp-json\/wp\/v2\/posts\/52625\/revisions"}],"predecessor-version":[{"id":52627,"href":"https:\/\/blog.corretoraideal.com.br\/index.php\/wp-json\/wp\/v2\/posts\/52625\/revisions\/52627"}],"wp:attachment":[{"href":"https:\/\/blog.corretoraideal.com.br\/index.php\/wp-json\/wp\/v2\/media?parent=52625"}],"wp:term":[{"taxonomy":"category","embeddable":true,"href":"https:\/\/blog.corretoraideal.com.br\/index.php\/wp-json\/wp\/v2\/categories?post=52625"},{"taxonomy":"post_tag","embeddable":true,"href":"https:\/\/blog.corretoraideal.com.br\/index.php\/wp-json\/wp\/v2\/tags?post=52625"}],"curies":[{"name":"wp","href":"https:\/\/api.w.org\/{rel}","templated":true}]}}