{"id":52632,"date":"2023-09-12T09:29:41","date_gmt":"2023-09-12T09:29:41","guid":{"rendered":"https:\/\/blog.corretoraideal.com.br\/?p=52632"},"modified":"2023-09-12T09:29:41","modified_gmt":"2023-09-12T09:29:41","slug":"iphone-15-3-polemicas-e-curiosidades-do-novo-lancamento-da-apple-tecnologia-g1","status":"publish","type":"post","link":"https:\/\/blog.corretoraideal.com.br\/index.php\/2023\/09\/12\/iphone-15-3-polemicas-e-curiosidades-do-novo-lancamento-da-apple-tecnologia-g1\/","title":{"rendered":"iPhone 15: 3 pol\u00eamicas e curiosidades do novo lan\u00e7amento da Apple | Tecnologia | G1"},"content":{"rendered":"<p>      1 de 2&#013;iPhone \u2014 Foto: BBC    <\/p>\n<p> iPhone \u2014 Foto: BBC <\/p>\n<p> <strong>A nova linha de iPhones deve ser lan\u00e7ada pela <\/strong><a class href=\"https:\/\/g1.globo.com\/tudo-sobre\/apple\/\"><strong>Apple<\/strong><\/a><strong> na ter\u00e7a-feira (12\/09)<\/strong>, em um evento em Cupertino, na Calif\u00f3rnia. <\/p>\n<p> Al\u00e9m das novas vers\u00f5es de aparelhos celulares, o encontro, <strong>previsto para come\u00e7ar \u00e0s 14h (hor\u00e1rio de Bras\u00edlia)<\/strong>, deve promover o lan\u00e7amento de uma nova gera\u00e7\u00e3o de fones de ouvido e rel\u00f3gios inteligentes. <\/p>\n<p> Os pre\u00e7os dos smartphones devem ser mais elevados em compara\u00e7\u00e3o com as gera\u00e7\u00f5es anteriores. <\/p>\n<p> Segundo informa\u00e7\u00f5es da Bloomberg, a <a class href=\"https:\/\/g1.globo.com\/tudo-sobre\/apple\/\">Apple<\/a> deve lan\u00e7ar quatro novos celulares, sendo os modelos mais caros o iPhone 15 Pro e o 15 Pro Max, enquanto os modelos mais acess\u00edveis ser\u00e3o o iPhone 15 e o 15 Plus. <\/p>\n<ul>\n<li><a class href=\"https:\/\/g1.globo.com\/tecnologia\/noticia\/2023\/09\/10\/iphone-15-sera-mais-caro-e-modelos-pro-terao-primeiro-reajuste-dizem-jornais-veja-o-que-esperar-dos-novos-celulares-da-apple.ghtml\">iPhone 15: veja o que esperar dos novos celulares da Apple<\/a><\/li>\n<\/ul>\n<p> Abaixo, a BBC News Brasil traz tr\u00eas pol\u00eamicas que marcam o lan\u00e7amento da nova linha da gigante de tecnologia e curiosidades sobre as mudan\u00e7as esperadas nos novos modelos. <\/p>\n<p><h2>1. Novo carregador<\/h2>\n<\/p>\n<p> O novo iPhone da <a class href=\"https:\/\/g1.globo.com\/tudo-sobre\/apple\/\">Apple<\/a> provavelmente contar\u00e1 com uma <a class href=\"https:\/\/g1.globo.com\/tecnologia\/noticia\/2022\/11\/08\/o-que-e-usb-c-carregador-que-a-apple-tera-que-colocar-nos-iphones.ghtml\">entrada de carregador USB-C<\/a>. <\/p>\n<p> Os telefones da empresa atualmente utilizam seu adaptador propriet\u00e1rio Lightning, ao contr\u00e1rio de concorrentes, como a Samsung. <\/p>\n<p> <a class href=\"https:\/\/g1.globo.com\/tecnologia\/noticia\/2022\/10\/04\/carregador-universal-de-celular-sera-obrigatorio-na-ue-apple-tera-que-se-ajustar-a-norma-na-europa.ghtml\">A mudan\u00e7a deve ocorrer por conta de uma lei da Uni\u00e3o Europeia<\/a> que exige que os fabricantes de telefones adotem uma entrada de carregador comum at\u00e9 dezembro de 2024, a fim de economizar dinheiro para os consumidores e reduzir o desperd\u00edcio. <\/p>\n<p>         2 de 2&#013;As entradas mais comuns nos carregadores \u2014 Foto: BBC    <\/p>\n<p> As entradas mais comuns nos carregadores \u2014 Foto: BBC <\/p>\n<p> A maioria dos novos produtos da <a class href=\"https:\/\/g1.globo.com\/tudo-sobre\/apple\/\">Apple<\/a>, como os iPads mais recentes, j\u00e1 utiliza o USB-C, mas a empresa havia se oposto \u00e0 regra da UE. <\/p>\n<p> Quando foi introduzida em setembro de 2021, um representante da <a class href=\"https:\/\/g1.globo.com\/tudo-sobre\/apple\/\">Apple<\/a> disse \u00e0 BBC News que &quot;regula\u00e7\u00f5es rigorosas que exigem apenas um tipo de conector sufocam a inova\u00e7\u00e3o em vez de incentiv\u00e1-la, o que, por sua vez, prejudicar\u00e1 os consumidores na Europa e ao redor do mundo&quot;. <\/p>\n<p> Adaptadores de Lightning para USB-C j\u00e1 est\u00e3o dispon\u00edveis de outras marcas de eletr\u00f4nicos, incluindo a Amazon, e todos os iPhones desde o iPhone 8, lan\u00e7ado em 2017, suportam o carregamento sem fio. <\/p>\n<p> Como o atual iPhone 14 parece ser o \u00faltimo dispositivo da <a class href=\"https:\/\/g1.globo.com\/tudo-sobre\/apple\/\">Apple<\/a> a usar exclusivamente essa tecnologia, isso pode marcar o in\u00edcio do fim do cabo Lightning, que \u00e9 vendido na loja da <a class href=\"https:\/\/g1.globo.com\/tudo-sobre\/apple\/\">Apple<\/a> por R$ 219. <\/p>\n<p> N\u00e3o est\u00e1 claro se essa ser\u00e1 uma mudan\u00e7a global no produto, embora a empresa seja menos propensa a criar uma vers\u00e3o diferente do aparelho apenas para o mercado europeu. <\/p>\n<p><h2>2. Prote\u00e7\u00e3o contra software-espi\u00e3o<\/h2>\n<\/p>\n<p> Nos \u00faltimos anos, a <a class href=\"https:\/\/g1.globo.com\/tudo-sobre\/apple\/\">Apple<\/a> tem lan\u00e7ado diferentes atualiza\u00e7\u00f5es de seguran\u00e7a em resposta \u00e0s constantes tentativas &#8211; por vezes bem-sucedidas &#8211; de fabricantes de spyware (os softwares-espi\u00f5es) de entrar nos sistemas iOS. <\/p>\n<p> A expectativa \u00e9 que os novos iPhones ganhem um refor\u00e7o contra esse tipo de invasor &#8211; embora com o tempo mais atualiza\u00e7\u00f5es possam ser necess\u00e1rias. <\/p>\n<p> A \u00faltima medida de seguran\u00e7a foi lan\u00e7ada pela <a class href=\"https:\/\/g1.globo.com\/tudo-sobre\/apple\/\">Apple<\/a> no come\u00e7o de setembro, depois que o <a class href=\"https:\/\/g1.globo.com\/economia\/tecnologia\/noticia\/2021\/07\/19\/entenda-o-que-e-o-pegasus-software-de-espionagem-que-teria-sido-usado-para-invadir-smartphones-de-milhares-de-pessoas.ghtml\">software-espi\u00e3o Pegasus, do grupo israelense NSO<\/a>, infectou iPhones e iPads. <\/p>\n<p> O Pegasus, um software espi\u00e3o, tem a capacidade de secretamente acessar mensagens criptografadas armazenadas no telefone, ativar remotamente a c\u00e2mera e o microfone, e rastrear continuamente a localiza\u00e7\u00e3o do dispositivo &#8211; tudo de forma remota e sem deixar rastros aparentes. <\/p>\n<p> Al\u00e9m disso, ele tem sido associado a viola\u00e7\u00f5es dos direitos humanos que se estendem do M\u00e9xico \u00e0 \u00c1frica Oriental, levando \u00e0 inclus\u00e3o da empresa israelense respons\u00e1vel na lista de alerta do Departamento de Com\u00e9rcio dos EUA. <\/p>\n<p><h2>3. Pre\u00e7o recorde<\/h2>\n<\/p>\n<p> A pr\u00f3xima linha poder\u00e1 ser a mais cara de toda a hist\u00f3ria dos iPhones, com o Pro Max, por exemplo, sendo cotado para ser vendido a partir de US$ 1.299 (R$ 6.416). <\/p>\n<p><h2>Design e novas funcionalidades: curiosidades sobre o iPhone 15<\/h2>\n<\/p>\n<p> H\u00e1 expectativas de que todos os modelos do pr\u00f3ximo iPhone apresentem uma borda infinita, n\u00e3o se limitando apenas \u00e0 linha Pro, como acontecia nas vers\u00f5es dos anos anteriores. <\/p>\n<p> Al\u00e9m disso, espera-se a elimina\u00e7\u00e3o do bot\u00e3o liga\/desliga, uma c\u00e2mera de 48 megapixels com lente perisc\u00f3pica (para permitir um zoom \u00f3ptico de maior alcance sem aumentar significativamente a espessura do dispositivo), uma estrutura de tit\u00e2nio e uma tela mais fina. <\/p>\n<p> H\u00e1 tamb\u00e9m a possibilidade de que os novos modelos de iPhone tenham a capacidade de capturar fotos 3D que poder\u00e3o ser visualizadas nos \u00f3culos Vision Pro. <\/p>\n<p> Espera-se tamb\u00e9m que mais pa\u00edses passem a oferecer iPhones com suporte para eSIM, que permite a utiliza\u00e7\u00e3o de uma linha telef\u00f4nica virtual. <\/p>\n<p> Desde o ano passado, os modelos vendidos nos Estados Unidos j\u00e1 n\u00e3o incluem a bandeja f\u00edsica para cart\u00f5es SIM no interior do celular, e agora a expectativa \u00e9 que essa mudan\u00e7a se estenda a pa\u00edses da Europa, como a Fran\u00e7a. <\/p>\n<p> <strong>LEIA TAMB\u00c9M:<\/strong> <\/p>\n<ul>\n<li><a class href=\"https:\/\/g1.globo.com\/tecnologia\/noticia\/2023\/09\/06\/stopclub-o-aplicativo-que-trava-batalha-com-a-uber-apos-permitir-recusa-automatica-de-corridas-por-motoristas.ghtml\">Aplicativo trava batalha com a Uber ap\u00f3s permitir &#x27;recusa autom\u00e1tica&#x27; por motoristas<\/a><\/li>\n<li><a class href=\"https:\/\/g1.globo.com\/tecnologia\/noticia\/2023\/08\/17\/seguranca-da-informacao-tem-salario-de-r-38-mil-mas-nao-encontra-profissionais-veja-como-entrar.ghtml\">Seguran\u00e7a da informa\u00e7\u00e3o tem sal\u00e1rio de R$ 38 mil, mas n\u00e3o encontra profissionais<\/a><\/li>\n<li><a class href=\"https:\/\/g1.globo.com\/tecnologia\/noticia\/2023\/08\/27\/modo-aviao-do-celular-por-que-e-preciso-ativar-o-recurso-durante-voos.ghtml\">Por que \u00e9 preciso ativar o modo avi\u00e3o do celular durante voos<\/a><\/li>\n<\/ul>\n<p>                   <img loading=\"lazy\" decoding=\"async\" class=\"aligncenter size-full wp-image-52634\" src=\"https:\/\/blog.corretoraideal.com.br\/wp-content\/uploads\/2023\/09\/conheca-o-vision-pro-o-oculos-de-realidade-mista-da-apple-3.jpeg\" alt=\"Conhe\u00e7a o Vision Pro, o \u00f3culos de realidade mista da Apple\" width=\"800\" height=\"400\" \/>      <\/p>\n<p> Conhe\u00e7a o Vision Pro, o \u00f3culos de realidade mista da Apple <\/p>\n<ul>\n<li> <a href=\"https:\/\/g1.globo.com\/tudo-sobre\/apple\/\" class=\"entities__list-itemLink\" data-track-click=\"Apple\"> Apple <\/a> <\/li>\n<\/ul>\n","protected":false},"excerpt":{"rendered":"<p>1 de 2&#013;iPhone \u2014 Foto: BBC iPhone \u2014 Foto: BBC A nova linha de iPhones deve ser lan\u00e7ada pela Apple na ter\u00e7a-feira (12\/09), em um evento em Cupertino, na Calif\u00f3rnia. Al\u00e9m das novas vers\u00f5es de aparelhos celulares, o encontro, previsto para come\u00e7ar \u00e0s 14h (hor\u00e1rio de Bras\u00edlia), deve promover o lan\u00e7amento de uma nova gera\u00e7\u00e3o [&hellip;]<\/p>\n","protected":false},"author":1,"featured_media":0,"comment_status":"closed","ping_status":"closed","sticky":false,"template":"","format":"standard","meta":{"footnotes":""},"categories":[],"tags":[],"class_list":["post-52632","post","type-post","status-publish","format-standard","hentry"],"_links":{"self":[{"href":"https:\/\/blog.corretoraideal.com.br\/index.php\/wp-json\/wp\/v2\/posts\/52632","targetHints":{"allow":["GET"]}}],"collection":[{"href":"https:\/\/blog.corretoraideal.com.br\/index.php\/wp-json\/wp\/v2\/posts"}],"about":[{"href":"https:\/\/blog.corretoraideal.com.br\/index.php\/wp-json\/wp\/v2\/types\/post"}],"author":[{"embeddable":true,"href":"https:\/\/blog.corretoraideal.com.br\/index.php\/wp-json\/wp\/v2\/users\/1"}],"replies":[{"embeddable":true,"href":"https:\/\/blog.corretoraideal.com.br\/index.php\/wp-json\/wp\/v2\/comments?post=52632"}],"version-history":[{"count":1,"href":"https:\/\/blog.corretoraideal.com.br\/index.php\/wp-json\/wp\/v2\/posts\/52632\/revisions"}],"predecessor-version":[{"id":52635,"href":"https:\/\/blog.corretoraideal.com.br\/index.php\/wp-json\/wp\/v2\/posts\/52632\/revisions\/52635"}],"wp:attachment":[{"href":"https:\/\/blog.corretoraideal.com.br\/index.php\/wp-json\/wp\/v2\/media?parent=52632"}],"wp:term":[{"taxonomy":"category","embeddable":true,"href":"https:\/\/blog.corretoraideal.com.br\/index.php\/wp-json\/wp\/v2\/categories?post=52632"},{"taxonomy":"post_tag","embeddable":true,"href":"https:\/\/blog.corretoraideal.com.br\/index.php\/wp-json\/wp\/v2\/tags?post=52632"}],"curies":[{"name":"wp","href":"https:\/\/api.w.org\/{rel}","templated":true}]}}