{"id":52636,"date":"2023-09-12T11:29:59","date_gmt":"2023-09-12T11:29:59","guid":{"rendered":"https:\/\/blog.corretoraideal.com.br\/?p=52636"},"modified":"2023-09-12T11:29:59","modified_gmt":"2023-09-12T11:29:59","slug":"programa-sifilis-zero-amplia-numero-de-testes-rapidos-em-campos-no-rj-norte-fluminense-g1","status":"publish","type":"post","link":"https:\/\/blog.corretoraideal.com.br\/index.php\/2023\/09\/12\/programa-sifilis-zero-amplia-numero-de-testes-rapidos-em-campos-no-rj-norte-fluminense-g1\/","title":{"rendered":"Programa S\u00edfilis Zero amplia n\u00famero de testes r\u00e1pidos em Campos, no RJ | Norte Fluminense | G1"},"content":{"rendered":"<p>      1 de 2&#013;Oferta de testes r\u00e1pidos para diagn\u00f3stico da s\u00edfilis aumentaram em Campos \u2014 Foto: Kelly Maria\/Prefeitura de Campos dos Goytcazes    <\/p>\n<p> Oferta de testes r\u00e1pidos para diagn\u00f3stico da s\u00edfilis aumentaram em Campos \u2014 Foto: Kelly Maria\/Prefeitura de Campos dos Goytcazes <\/p>\n<p> Por meio do programa \u201cS\u00edfilis Zero\u201d, a Secretaria de Sa\u00fade de <a class href=\"https:\/\/g1.globo.com\/rj\/norte-fluminense\/cidade\/campos-dos-goytacazes\/\">Campos dos Goytacazes<\/a>, no Norte Fluminense, aumentou a oferta de testes r\u00e1pidos para a popula\u00e7\u00e3o. O programa foi lan\u00e7ado na \u00faltima semana e tem como objetivo reduzir o n\u00famero de casos, interromper a transmiss\u00e3o e estabelecer o fluxo de monitoramento aos pacientes em tratamento. <\/p>\n<p> Al\u00e9m disso, a Prefeitura explica que o programa busca ainda sensibilizar a popula\u00e7\u00e3o e os profissionais de sa\u00fade com foco no diagn\u00f3stico precoce e tratamento adequado da s\u00edfilis adquirida, em gestante e cong\u00eanita (que passa da m\u00e3e para o feto). <\/p>\n<p><h2>Atendimento<\/h2>\n<\/p>\n<p> A diretora de Auditoria, Controle e Avalia\u00e7\u00e3o (DACA) da secretaria de Sa\u00fade, Bruna Ara\u00fajo, explica que os pacientes ser\u00e3o referenciados pelas Unidades B\u00e1sicas de Sa\u00fade (UBS) ou Unidades B\u00e1sicas de Sa\u00fade da Fam\u00edlia (UBSF) para a realiza\u00e7\u00e3o do teste r\u00e1pido, ap\u00f3s agendamento pr\u00e9vio pelo site da Prefeitura, atrav\u00e9s do Consulta F\u00e1cil, ou por demanda espont\u00e2nea, dependendo da unidade. <\/p>\n<p> O tratamento tamb\u00e9m ser\u00e1 realizado na pr\u00f3pria UBS, um procedimento que \u00e9 autorizado pelo Minist\u00e9rio da Sa\u00fade e est\u00e1 dentro da autonomia do enfermeiro. <\/p>\n<p> No caso de gestantes, o teste \u00e9 feito obrigatoriamente na primeira consulta. A medida vale tamb\u00e9m para hist\u00f3rico de exposi\u00e7\u00e3o de risco\/viol\u00eancia sexual. <\/p>\n<p> Se o resultado for positivo (reagente), o tratamento come\u00e7a imediatamente com exames complementares (testes n\u00e3o trepon\u00eamicos \u2013 VDRL) solicitados no primeiro atendimento e com a prescri\u00e7\u00e3o do medicamento. <\/p>\n<p> O parceiro tamb\u00e9m ser\u00e1 convocado em caso de teste positivo. \u201cA Vigil\u00e2ncia Epidemiol\u00f3gica ser\u00e1 notificada ap\u00f3s o in\u00edcio e ao final do tratamento at\u00e9 a cura do paciente\u201d, ressaltou Bruna Ara\u00fajo. <\/p>\n<p> Bruna ressaltou ainda a import\u00e2ncia do trabalho das enfermeiras e que, antes, os pacientes com s\u00edfilis eram atendidos nas Unidades Pr\u00e9-Hospitalares (UPHs). <\/p>\n<p> <strong>Gestantes <\/strong> <\/p>\n<p> Caso a m\u00e3e n\u00e3o tenha sido tratada durante o pr\u00e9-natal, a maternidade ficar\u00e1 respons\u00e1vel pela administra\u00e7\u00e3o do medicamento, encaminhando a paciente, de acordo com o protocolo estabelecido, para a Unidade B\u00e1sica de Sa\u00fade mais pr\u00f3xima da casa dela. <\/p>\n<p> &quot;O rec\u00e9m-nascido ser\u00e1 encaminhado ao CDIP, para a realiza\u00e7\u00e3o do monitoramento do beb\u00ea at\u00e9 um ano e seis meses de idade. No caso de gestante com cicatriz sorol\u00f3gica para s\u00edfilis, a testagem deve ser mantida conforme rotina preconizada no pr\u00e9-natal (1\u00ba, 2\u00ba e 3\u00ba trimestres da gravidez), por meio do VDRL&quot;, explica a Prefeitura. <\/p>\n<p> <strong>Capacita\u00e7\u00e3o<\/strong> <\/p>\n<p> A assessora chefe da Vigil\u00e2ncia Epidemiol\u00f3gica de Campos, S\u00edlvia Campos Reis Martins, disse que grande parte da equipe j\u00e1 foi treinada atrav\u00e9s do Sistema de Aten\u00e7\u00e3o e Vigil\u00e2ncia em Sa\u00fade (Salus) e est\u00e1 devidamente preparada para assistir \u00e0 popula\u00e7\u00e3o da melhor maneira poss\u00edvel. <\/p>\n<p> \u201cO programa \u2018S\u00edfilis Zero\u2019 foi criado para que possamos organizar o servi\u00e7o de sa\u00fade no diagn\u00f3stico, tratamento e monitoramento da s\u00edfilis no munic\u00edpio. O programa Salus nos auxilia no monitoramento do agravo, permitindo a visualiza\u00e7\u00e3o do cen\u00e1rio da doen\u00e7a no munic\u00edpio, proporciona um monitoramento mais ativo, com visualiza\u00e7\u00e3o da ades\u00e3o ao tratamento e se o mesmo est\u00e1 sendo feito em tempo oportuno. Depois do treinamento das equipes, iniciamos a utiliza\u00e7\u00e3o da plataforma Salus para que, junto com o profissional que est\u00e1 na ponta, possamos acompanhar o paciente desde o diagn\u00f3stico at\u00e9 a cura da doen\u00e7a\u201d, explicou S\u00edlvia. <\/p>\n<p><h2>Sobre a s\u00edfilis<\/h2>\n<\/p>\n<p>         2 de 2&#013;Manifesta\u00e7\u00f5es da s\u00edfilis \u2014 Foto: Arte\/TV Globo    <\/p>\n<p> Manifesta\u00e7\u00f5es da s\u00edfilis \u2014 Foto: Arte\/TV Globo <\/p>\n<p> A s\u00edfilis \u00e9 uma Infec\u00e7\u00e3o Sexualmente Transmiss\u00edvel (IST) que pode levar \u00e0 morte. Ela \u00e9 causada pela bact\u00e9ria Treponema pallidum, que pode ser transmitida verticalmente, da m\u00e3e para o feto e tamb\u00e9m pelo contato sexual desprotegido com um parceiro (a) infectado (a). <\/p>\n<p> Nos adultos, a s\u00edfilis pode causar feridas nos \u00f3rg\u00e3os genitais, manchas e les\u00f5es na pele, \u00ednguas, quadros graves card\u00edacos e neurol\u00f3gicos. <\/p>\n<p> A doen\u00e7a apresenta tr\u00eas est\u00e1gios: s\u00edfilis prim\u00e1ria, secund\u00e1ria ou latente e terci\u00e1ria. A primeira fase \u00e9 caracterizada por uma ferida \u00fanica e indolor, com bordas bem definidas e endurecidas. A secund\u00e1ria inicia-se ap\u00f3s a cicatriza\u00e7\u00e3o da \u00falcera \u2013 normalmente a les\u00e3o cicatriza sem nenhum tipo de interven\u00e7\u00e3o. J\u00e1 a \u00faltima fase \u00e9 caracterizada por destrui\u00e7\u00e3o tecidual e pode afetar os sistemas cardiovascular, nervoso e \u00f3sseo. <\/p>\n<p> \u201cA conscientiza\u00e7\u00e3o sobre os riscos da doen\u00e7a, os m\u00e9todos de preven\u00e7\u00e3o durante as rela\u00e7\u00f5es sexuais, uso de preservativo interno e externo, acompanhamento durante a gesta\u00e7\u00e3o e o cuidado preventivo, como a testagem regular, s\u00e3o essenciais para evitar o cont\u00e1gio\u201d, explicou S\u00edlvia. <\/p>\n<ul>\n<li> <a href=\"https:\/\/g1.globo.com\/rj\/norte-fluminense\/cidade\/campos-dos-goytacazes\/\" class=\"entities__list-itemLink\" data-track-click=\"Campos dos Goytacazes\"> Campos dos Goytacazes <\/a> <\/li>\n<\/ul>\n","protected":false},"excerpt":{"rendered":"<p>1 de 2&#013;Oferta de testes r\u00e1pidos para diagn\u00f3stico da s\u00edfilis aumentaram em Campos \u2014 Foto: Kelly Maria\/Prefeitura de Campos dos Goytcazes Oferta de testes r\u00e1pidos para diagn\u00f3stico da s\u00edfilis aumentaram em Campos \u2014 Foto: Kelly Maria\/Prefeitura de Campos dos Goytcazes Por meio do programa \u201cS\u00edfilis Zero\u201d, a Secretaria de Sa\u00fade de Campos dos Goytacazes, no [&hellip;]<\/p>\n","protected":false},"author":1,"featured_media":0,"comment_status":"closed","ping_status":"closed","sticky":false,"template":"","format":"standard","meta":{"footnotes":""},"categories":[],"tags":[],"class_list":["post-52636","post","type-post","status-publish","format-standard","hentry"],"_links":{"self":[{"href":"https:\/\/blog.corretoraideal.com.br\/index.php\/wp-json\/wp\/v2\/posts\/52636","targetHints":{"allow":["GET"]}}],"collection":[{"href":"https:\/\/blog.corretoraideal.com.br\/index.php\/wp-json\/wp\/v2\/posts"}],"about":[{"href":"https:\/\/blog.corretoraideal.com.br\/index.php\/wp-json\/wp\/v2\/types\/post"}],"author":[{"embeddable":true,"href":"https:\/\/blog.corretoraideal.com.br\/index.php\/wp-json\/wp\/v2\/users\/1"}],"replies":[{"embeddable":true,"href":"https:\/\/blog.corretoraideal.com.br\/index.php\/wp-json\/wp\/v2\/comments?post=52636"}],"version-history":[{"count":1,"href":"https:\/\/blog.corretoraideal.com.br\/index.php\/wp-json\/wp\/v2\/posts\/52636\/revisions"}],"predecessor-version":[{"id":52638,"href":"https:\/\/blog.corretoraideal.com.br\/index.php\/wp-json\/wp\/v2\/posts\/52636\/revisions\/52638"}],"wp:attachment":[{"href":"https:\/\/blog.corretoraideal.com.br\/index.php\/wp-json\/wp\/v2\/media?parent=52636"}],"wp:term":[{"taxonomy":"category","embeddable":true,"href":"https:\/\/blog.corretoraideal.com.br\/index.php\/wp-json\/wp\/v2\/categories?post=52636"},{"taxonomy":"post_tag","embeddable":true,"href":"https:\/\/blog.corretoraideal.com.br\/index.php\/wp-json\/wp\/v2\/tags?post=52636"}],"curies":[{"name":"wp","href":"https:\/\/api.w.org\/{rel}","templated":true}]}}