{"id":52639,"date":"2023-09-12T13:29:37","date_gmt":"2023-09-12T13:29:37","guid":{"rendered":"https:\/\/blog.corretoraideal.com.br\/?p=52639"},"modified":"2023-09-12T13:29:37","modified_gmt":"2023-09-12T13:29:37","slug":"ibovespa-abre-em-alta-com-inflacao-de-agosto-abaixo-do-esperado-economia-g1","status":"publish","type":"post","link":"https:\/\/blog.corretoraideal.com.br\/index.php\/2023\/09\/12\/ibovespa-abre-em-alta-com-inflacao-de-agosto-abaixo-do-esperado-economia-g1\/","title":{"rendered":"Ibovespa abre em alta, com infla\u00e7\u00e3o de agosto abaixo do esperado | Economia | G1"},"content":{"rendered":"<p>      1 de 1&#013;Ibovespa opera em baixa nesta ter\u00e7a-feira. \u2014 Foto: Pixabay    <\/p>\n<p> Ibovespa opera em baixa nesta ter\u00e7a-feira. \u2014 Foto: Pixabay <\/p>\n<p> O <a class href=\"https:\/\/g1.globo.com\/tudo-sobre\/ibovespa\/\">Ibovespa<\/a>, principal \u00edndice da bolsa de valores de S\u00e3o Paulo, a <a class href=\"https:\/\/g1.globo.com\/tudo-sobre\/bmf-bovespa\/\">B3<\/a>, abriu em leve alta nesta ter\u00e7a-feira (12), refletindo o resultado da infla\u00e7\u00e3o de agosto, que subiu 0,23%, segundo o Instituto Brasileiro de Geografia e Estat\u00edstica <a class href=\"https:\/\/g1.globo.com\/tudo-sobre\/ibge\/\">IBGE<\/a>). O n\u00famero veio abaixo das proje\u00e7\u00f5es de mercado, que previam alta de at\u00e9 0,28%, mas representa uma acelera\u00e7\u00e3o frente aos \u00faltimos meses. <\/p>\n<p> O mercado tamb\u00e9m segue na expectativa pela divulga\u00e7\u00e3o da infla\u00e7\u00e3o dos <a class href=\"https:\/\/g1.globo.com\/tudo-sobre\/estados-unidos\/\">Estados Unidos<\/a> e, por isso, o dia \u00e9 de neg\u00f3cios mais parados em n\u00edvel global. <\/p>\n<p> \u00c0s 10h05, o \u00edndice ca\u00eda 0,27%, aos 117.195 pontos. <a class href=\"https:\/\/valor.globo.com\/wall-concurrence\/?next=https:\/\/valor.globo.com\/valor-data\/\">Veja mais cota\u00e7\u00f5es<\/a>. <\/p>\n<p> No dia anterior, o Ibovespa fechou em alta de 1,36%, aos 116.883 pontos. Com o resultado, o \u00edndice passou a acumular <strong>altas de<\/strong>: <\/p>\n<ul>\n<li><strong>1,36% na semana;<\/strong><\/li>\n<li><strong>0,99% no m\u00eas; <\/strong><\/li>\n<li><strong>e de 6,52% no ano.<\/strong><\/li>\n<\/ul>\n<p><h2><strong>O que est\u00e1 mexendo com os mercados?<\/strong><\/h2>\n<\/p>\n<p> A infla\u00e7\u00e3o no Brasil subiu 0,23% em agosto e passou a acumular uma alta de 4,61% em 12 meses. O resultado representa uma acelera\u00e7\u00e3o do <a class href=\"https:\/\/g1.globo.com\/tudo-sobre\/ipca\/\">IPCA<\/a> frente aos \u00faltimos meses: em julho subiu 0,12% e em junho o \u00edndice teve uma defla\u00e7\u00e3o de 0,08%. <\/p>\n<p> Mesmo com a acelera\u00e7\u00e3o, os n\u00fameros vieram abaixo das expectativas do mercado e refor\u00e7am a vis\u00e3o de que, na pr\u00f3xima semana, o Comit\u00ea de Pol\u00edtica Monet\u00e1ria (<a class href=\"https:\/\/g1.globo.com\/tudo-sobre\/copom\/\">Copom<\/a>) do <a class href=\"https:\/\/g1.globo.com\/tudo-sobre\/banco-central-do-brasil\/\">Banco Central do Brasil<\/a> (BC) deve promover um novo corte na Selic, taxa b\u00e1sica de juros. <\/p>\n<p> Hoje, a taxa Selic est\u00e1 em 13,25%, depois de uma redu\u00e7\u00e3o de 0,5 ponto percentual (p.p.) promovida pelo Copom em agosto. Agora, a maioria das proje\u00e7\u00f5es apontam para um novo corte de 0,5 p.p., mas j\u00e1 h\u00e1 analistas que acreditam em uma baixa mais acentuada, de 0,75 p.p.. <\/p>\n<p> Juros mais baixos no Brasil podem beneficiar o mercado de a\u00e7\u00f5es, j\u00e1 que o rendimento dos t\u00edtulos de renda fixa, que s\u00e3o atrelados \u00e0 taxa Selic, passam a cair. No entanto, um retorno menor na renda fixa pode levar a uma sa\u00edda de d\u00f3lares do pa\u00eds em dire\u00e7\u00e3o aos t\u00edtulos p\u00fablicos dos Estados Unidos, que s\u00e3o considerados os mais seguros do mundo e est\u00e3o com altos retornos. <\/p>\n<p> Nesse sentido, os mercados globais est\u00e3o hoje aguardando a divulga\u00e7\u00e3o da infla\u00e7\u00e3o americana, que acontece amanh\u00e3. O Federal Reserve (<a class href=\"https:\/\/g1.globo.com\/tudo-sobre\/fed\/\">Fed<\/a>, o banco central do pa\u00eds) tamb\u00e9m se re\u00fane na pr\u00f3xima semana para decidir as novas taxas de juros, que est\u00e3o entre 5,25% e 5,50% ao ano. <\/p>\n<p> Especialistas explicam que o resultado da infla\u00e7\u00e3o de agosto nos Estados Unidos ser\u00e1 fundamental na decis\u00e3o, por ser o dado mais quente nessa reuni\u00e3o. Por isso, hoje os investidores, sobretudo os do exterior, est\u00e3o operando menos, em um movimento de espera, o que faz com que os mercados estejam &quot;de lado&quot;, sem grandes oscila\u00e7\u00f5es. <\/p>\n<ul>\n<li> <a href=\"https:\/\/g1.globo.com\/tudo-sobre\/bmf-bovespa\/\" class=\"entities__list-itemLink\" data-track-click=\"B3\"> B3 <\/a> <\/li>\n<li> <a href=\"https:\/\/g1.globo.com\/tudo-sobre\/banco-central-do-brasil\/\" class=\"entities__list-itemLink\" data-track-click=\"Banco Central do Brasil\"> Banco Central do Brasil <\/a> <\/li>\n<li> <a href=\"https:\/\/g1.globo.com\/tudo-sobre\/bradesco\/\" class=\"entities__list-itemLink\" data-track-click=\"Bradesco\"> Bradesco <\/a> <\/li>\n<li> <a href=\"https:\/\/g1.globo.com\/tudo-sobre\/brics\/\" class=\"entities__list-itemLink\" data-track-click=\"Brics\"> Brics <\/a> <\/li>\n<li> <a href=\"https:\/\/g1.globo.com\/tudo-sobre\/congresso-nacional\/\" class=\"entities__list-itemLink\" data-track-click=\"Congresso Nacional\"> Congresso Nacional <\/a> <\/li>\n<li> <a href=\"https:\/\/g1.globo.com\/tudo-sobre\/copom\/\" class=\"entities__list-itemLink\" data-track-click=\"Copom\"> Copom <\/a> <\/li>\n<li> <a href=\"https:\/\/g1.globo.com\/tudo-sobre\/camara-dos-deputados\/\" class=\"entities__list-itemLink\" data-track-click=\"C\u00e2mara dos Deputados\"> C\u00e2mara dos Deputados <\/a> <\/li>\n<li> <a href=\"https:\/\/g1.globo.com\/tudo-sobre\/estados-unidos\/\" class=\"entities__list-itemLink\" data-track-click=\"Estados Unidos\"> Estados Unidos <\/a> <\/li>\n<li> <a href=\"https:\/\/g1.globo.com\/tudo-sobre\/fed\/\" class=\"entities__list-itemLink\" data-track-click=\"FED\"> FED <\/a> <\/li>\n<li> <a href=\"https:\/\/g1.globo.com\/tudo-sobre\/ibge\/\" class=\"entities__list-itemLink\" data-track-click=\"IBGE\"> IBGE <\/a> <\/li>\n<li> <a href=\"https:\/\/g1.globo.com\/tudo-sobre\/ipca\/\" class=\"entities__list-itemLink\" data-track-click=\"IPCA\"> IPCA <\/a> <\/li>\n<li> <a href=\"https:\/\/g1.globo.com\/tudo-sobre\/ibovespa\/\" class=\"entities__list-itemLink\" data-track-click=\"Ibovespa\"> Ibovespa <\/a> <\/li>\n<li> <a href=\"https:\/\/g1.globo.com\/tudo-sobre\/itau-unibanco\/\" class=\"entities__list-itemLink\" data-track-click=\"Ita\u00fa\"> Ita\u00fa <\/a> <\/li>\n<li> <a href=\"https:\/\/g1.globo.com\/tudo-sobre\/luiz-inacio-lula-da-silva\/\" class=\"entities__list-itemLink\" data-track-click=\"Luiz In\u00e1cio Lula da Silva\"> Luiz In\u00e1cio Lula da Silva <\/a> <\/li>\n<li> <a href=\"https:\/\/g1.globo.com\/tudo-sobre\/ministerio-do-trabalho\/\" class=\"entities__list-itemLink\" data-track-click=\"Minist\u00e9rio do Trabalho\"> Minist\u00e9rio do Trabalho <\/a> <\/li>\n<li> <a href=\"https:\/\/g1.globo.com\/tudo-sobre\/petrobras\/\" class=\"entities__list-itemLink\" data-track-click=\"Petrobras\"> Petrobras <\/a> <\/li>\n<li> <a href=\"https:\/\/g1.globo.com\/tudo-sobre\/senado-federal\/\" class=\"entities__list-itemLink\" data-track-click=\"Senado\"> Senado <\/a> <\/li>\n<\/ul>\n","protected":false},"excerpt":{"rendered":"<p>1 de 1&#013;Ibovespa opera em baixa nesta ter\u00e7a-feira. \u2014 Foto: Pixabay Ibovespa opera em baixa nesta ter\u00e7a-feira. \u2014 Foto: Pixabay O Ibovespa, principal \u00edndice da bolsa de valores de S\u00e3o Paulo, a B3, abriu em leve alta nesta ter\u00e7a-feira (12), refletindo o resultado da infla\u00e7\u00e3o de agosto, que subiu 0,23%, segundo o Instituto Brasileiro de [&hellip;]<\/p>\n","protected":false},"author":1,"featured_media":0,"comment_status":"closed","ping_status":"closed","sticky":false,"template":"","format":"standard","meta":{"footnotes":""},"categories":[],"tags":[],"class_list":["post-52639","post","type-post","status-publish","format-standard","hentry"],"_links":{"self":[{"href":"https:\/\/blog.corretoraideal.com.br\/index.php\/wp-json\/wp\/v2\/posts\/52639","targetHints":{"allow":["GET"]}}],"collection":[{"href":"https:\/\/blog.corretoraideal.com.br\/index.php\/wp-json\/wp\/v2\/posts"}],"about":[{"href":"https:\/\/blog.corretoraideal.com.br\/index.php\/wp-json\/wp\/v2\/types\/post"}],"author":[{"embeddable":true,"href":"https:\/\/blog.corretoraideal.com.br\/index.php\/wp-json\/wp\/v2\/users\/1"}],"replies":[{"embeddable":true,"href":"https:\/\/blog.corretoraideal.com.br\/index.php\/wp-json\/wp\/v2\/comments?post=52639"}],"version-history":[{"count":1,"href":"https:\/\/blog.corretoraideal.com.br\/index.php\/wp-json\/wp\/v2\/posts\/52639\/revisions"}],"predecessor-version":[{"id":52641,"href":"https:\/\/blog.corretoraideal.com.br\/index.php\/wp-json\/wp\/v2\/posts\/52639\/revisions\/52641"}],"wp:attachment":[{"href":"https:\/\/blog.corretoraideal.com.br\/index.php\/wp-json\/wp\/v2\/media?parent=52639"}],"wp:term":[{"taxonomy":"category","embeddable":true,"href":"https:\/\/blog.corretoraideal.com.br\/index.php\/wp-json\/wp\/v2\/categories?post=52639"},{"taxonomy":"post_tag","embeddable":true,"href":"https:\/\/blog.corretoraideal.com.br\/index.php\/wp-json\/wp\/v2\/tags?post=52639"}],"curies":[{"name":"wp","href":"https:\/\/api.w.org\/{rel}","templated":true}]}}