{"id":52651,"date":"2023-09-12T18:29:37","date_gmt":"2023-09-12T18:29:37","guid":{"rendered":"https:\/\/blog.corretoraideal.com.br\/?p=52651"},"modified":"2023-09-12T18:29:37","modified_gmt":"2023-09-12T18:29:37","slug":"apos-criticas-lula-deve-ir-ao-rio-grande-do-sul-na-quinta-feira-para-observar-estragos-das-chuvas-blog-ana-flor-g1","status":"publish","type":"post","link":"https:\/\/blog.corretoraideal.com.br\/index.php\/2023\/09\/12\/apos-criticas-lula-deve-ir-ao-rio-grande-do-sul-na-quinta-feira-para-observar-estragos-das-chuvas-blog-ana-flor-g1\/","title":{"rendered":"Ap\u00f3s cr\u00edticas, Lula deve ir ao Rio Grande do Sul na quinta-feira para observar estragos das chuvas | Blog Ana Flor | G1"},"content":{"rendered":"\n<p> Ap\u00f3s ser alvo de cr\u00edticas por n\u00e3o visitar as \u00e1reas afetadas pelas fortes chuvas no Rio Grande do Sul, o presidente Luiz In\u00e1cio Lula da Silva estuda ir ao estado na quinta-feira (14). <\/p>\n<p> Segundo fontes do Planalto, a confirma\u00e7\u00e3o da viagem pode sair durante uma reuni\u00e3o que o presidente ter\u00e1 com seus ministros, \u00e0s 16h desta ter\u00e7a (12), no Pal\u00e1cio da Alvorada. <\/p>\n<p> No domingo passado, o governo federal anunciou um repasse de R$ 741 milh\u00f5es em recursos para as cidades atingidas. O an\u00fancio foi feito pelo vice-presidente Geraldo Alckmin, que viajou ao Rio Grande do Sul com ministros do governo. <\/p>\n<p> Na semana passada, quando os estragos da chuva j\u00e1 assolavam o Rio Grande do Sul, o presidente focou em encontros em Bras\u00edlia para destravar a reforma ministerial, com embarque do PP e Republicanos no governo. <\/p>\n<p>                   <img loading=\"lazy\" decoding=\"async\" class=\"aligncenter size-full wp-image-52653\" src=\"https:\/\/blog.corretoraideal.com.br\/wp-content\/uploads\/2023\/09\/chuva-forte-alaga-mais-cidades-do-rs-e-deixa-populacao-sem-energia-eletrica.jpeg\" alt=\"Chuva forte alaga mais cidades do RS e deixa popula\u00e7\u00e3o sem energia el\u00e9trica\" width=\"800\" height=\"400\" \/>      <\/p>\n<p> Chuva forte alaga mais cidades do RS e deixa popula\u00e7\u00e3o sem energia el\u00e9trica <\/p>\n<p> Na quinta-feira passada, depois de assistir aos desfiles do 7 de Setembro, Lula embarcou para a \u00cdndia, onde participou da reuni\u00e3o do G20. <\/p>\n<p> Caso decida visitar o Rio Grande do Sul, a viagem ser\u00e1 feita na quinta (14), porque no dia seguinte, sexta (15), Lula j\u00e1 viaja para Cuba e, depois, para os Estados Unidos, onde participar\u00e1 da Assembleia-Geral da ONU. <\/p>\n<ul> <\/ul>\n","protected":false},"excerpt":{"rendered":"<p>Ap\u00f3s ser alvo de cr\u00edticas por n\u00e3o visitar as \u00e1reas afetadas pelas fortes chuvas no Rio Grande do Sul, o presidente Luiz In\u00e1cio Lula da Silva estuda ir ao estado na quinta-feira (14). Segundo fontes do Planalto, a confirma\u00e7\u00e3o da viagem pode sair durante uma reuni\u00e3o que o presidente ter\u00e1 com seus ministros, \u00e0s 16h [&hellip;]<\/p>\n","protected":false},"author":1,"featured_media":0,"comment_status":"closed","ping_status":"closed","sticky":false,"template":"","format":"standard","meta":{"footnotes":""},"categories":[],"tags":[],"class_list":["post-52651","post","type-post","status-publish","format-standard","hentry"],"_links":{"self":[{"href":"https:\/\/blog.corretoraideal.com.br\/index.php\/wp-json\/wp\/v2\/posts\/52651","targetHints":{"allow":["GET"]}}],"collection":[{"href":"https:\/\/blog.corretoraideal.com.br\/index.php\/wp-json\/wp\/v2\/posts"}],"about":[{"href":"https:\/\/blog.corretoraideal.com.br\/index.php\/wp-json\/wp\/v2\/types\/post"}],"author":[{"embeddable":true,"href":"https:\/\/blog.corretoraideal.com.br\/index.php\/wp-json\/wp\/v2\/users\/1"}],"replies":[{"embeddable":true,"href":"https:\/\/blog.corretoraideal.com.br\/index.php\/wp-json\/wp\/v2\/comments?post=52651"}],"version-history":[{"count":1,"href":"https:\/\/blog.corretoraideal.com.br\/index.php\/wp-json\/wp\/v2\/posts\/52651\/revisions"}],"predecessor-version":[{"id":52654,"href":"https:\/\/blog.corretoraideal.com.br\/index.php\/wp-json\/wp\/v2\/posts\/52651\/revisions\/52654"}],"wp:attachment":[{"href":"https:\/\/blog.corretoraideal.com.br\/index.php\/wp-json\/wp\/v2\/media?parent=52651"}],"wp:term":[{"taxonomy":"category","embeddable":true,"href":"https:\/\/blog.corretoraideal.com.br\/index.php\/wp-json\/wp\/v2\/categories?post=52651"},{"taxonomy":"post_tag","embeddable":true,"href":"https:\/\/blog.corretoraideal.com.br\/index.php\/wp-json\/wp\/v2\/tags?post=52651"}],"curies":[{"name":"wp","href":"https:\/\/api.w.org\/{rel}","templated":true}]}}